{"id":9990,"date":"2022-11-14T00:20:20","date_gmt":"2022-11-14T06:20:20","guid":{"rendered":"https:\/\/noticiasveracruz.com\/?p=9990"},"modified":"2022-11-13T23:42:34","modified_gmt":"2022-11-14T05:42:34","slug":"mas-de-140-mil-millones-de-pesos-para-el-estado-de-veracruz","status":"publish","type":"post","link":"https:\/\/noticiasveracruz.com\/index.php\/2022\/11\/14\/mas-de-140-mil-millones-de-pesos-para-el-estado-de-veracruz\/","title":{"rendered":"M\u00e1s de 140 mil millones de pesos para el estado de Veracruz"},"content":{"rendered":"<p class=\"p1\">\n<p>&nbsp;<\/p>\n<p class=\"p1\"><span style=\"font-size: 18pt;\"><b>Por Ra\u00fal L\u00f3pez G\u00f3mez<\/b><\/span><\/p>\n<p class=\"p1\"><span style=\"font-size: 14pt;\">Importante aumento presupuestal tendr\u00e1 el estado de Veracruz en el 2023, esto se logr\u00f3 en la C\u00e1mara de Diputados, anunci\u00f3 Sergio Guti\u00e9rrez Luna.<\/span><\/p>\n<p class=\"p1\"><span style=\"font-size: 14pt;\">Discutimos y aprobamos el Presupuesto para el a\u00f1o 2023 y hay muy buenas noticias para mis paisanos porque m\u00e1s de 140 mil millones de pesos ser\u00e1n entregados a los adultos mayores, jefas de familia, j\u00f3venes, as\u00ed como para la salud y obras, inform\u00f3 el diputado federal veracruzano Sergio Guti\u00e9rrez Luna.<\/span><\/p>\n<p class=\"p1\"><span style=\"font-size: 14pt;\">El Grupo Parlamentario de Morena y sus aliados aprobaron el Paquete Econ\u00f3mico enviado por el presidente Andr\u00e9s Manuel L\u00f3pez Obrador, que en t\u00e9rminos reales representa un crecimiento de casi el 12 por ciento en relaci\u00f3n a este 2022, el representante diputado federal originario de Minatitl\u00e1n.<\/span><\/p>\n<p>&nbsp;<\/p>\n<p class=\"p1\"><span style=\"font-size: 18pt; color: #e42d33;\"><b>JORNADA DE SALUD<\/b><\/span><\/p>\n<p class=\"p1\"><span style=\"font-size: 14pt;\">En otro tema, el DIF municipal boque\u00f1o, puso en marcha la jornada de salud, en la que cientos de ciudadanos pudieron acceder a diversos servicios gratuitos como consultas m\u00e9dicas, farmacia, bolsa de trabajo, servicio de veterinaria, entre otros.<\/span><\/p>\n<p class=\"p1\"><span style=\"font-size: 14pt;\">Se realiz\u00f3 este s\u00e1bado con \u00e9xito la Brigada de Salud organizada por el DIF Municipal de Boca del R\u00edo, teniendo como escenario el parque Bomberos del Dren B, de la colonia Miguel Alem\u00e1n.<\/span><\/p>\n<p class=\"p1\"><span style=\"font-size: 14pt;\">Melina Rivera de Un\u00e1nue, presidenta del DIF municipal, y el alcalde Juan Manuel Un\u00e1nue, acudieron a dar inicio a la jornada en la que cientos de ciudadanos pudieron acceder a diversos servicios gratuitos como: <\/span><\/p>\n<p class=\"p1\"><span style=\"font-size: 14pt;\">Consultas m\u00e9dicas, enfermer\u00eda, nutrici\u00f3n, psicolog\u00eda, optometrista, farmacia, atenci\u00f3n ciudadana, asesor\u00eda jur\u00eddica, corte de cabello, bolsa de trabajo, ultrasonidos, an\u00e1lisis cl\u00ednicos, electrocardiogramas, fisioterapia, servicios de veterinaria, entre otros. <\/span><\/p>\n<p class=\"p1\"><span style=\"font-size: 14pt;\">Destac\u00f3, la importancia de acercar estos servicios a la poblaci\u00f3n, y por eso seguiremos trabajando para que todos los boque\u00f1os gocen de servicios de salud\u00bb, expres\u00f3 Melina Rivera. <\/span><\/p>\n<p class=\"p1\"><span style=\"font-size: 14pt;\">La titular del DIF municipal, adem\u00e1s agradeci\u00f3 a quienes se sumaron a estas acciones como la Universidad Veracruzana, la UVM, a SIDERT y a las empresas que ofertaron fuentes de empleo durante esta brigada. <\/span><\/p>\n<p class=\"p1\"><span style=\"font-size: 14pt;\">El alcalde Juan Manuel Un\u00e1nue, destac\u00f3 el trabajo realizado en el DIF municipal, por acercar los servicios a las colonias boque\u00f1as y agradeci\u00f3 el apoyo del hospital Covadonga que nuevamente se sum\u00f3 a esta jornada.<\/span><\/p>\n<p class=\"p1\"><span style=\"font-size: 14pt;\">\u00abHemos llevado much\u00edsimas consultas, estudios, inclusive intervenciones quir\u00fargicas y el agradecimiento es para el hospital Covadonga, una empresa socialmente responsable y que estoy seguro que nos seguir\u00e1 apoyando como el d\u00eda de hoy\u00bb, expres\u00f3.<\/span><\/p>\n<p class=\"p1\"><span style=\"font-size: 14pt;\">Durante la Brigada DIF Boca, se realizaron al menos 350 consultas m\u00e9dicas, y se entregaron cerca de mil 400 medicamentos sin costo alguno; a esto se suman las atenciones brindadas en el resto de los servicios otorgados. <\/span><\/p>\n<p>&nbsp;<\/p>\n<p class=\"p1\"><span style=\"font-size: 18pt; color: #e42d33;\"><b>GRAN REUNI\u00d3N<\/b><\/span><\/p>\n<p class=\"p1\"><span style=\"font-size: 14pt;\">En otro asunto, La generaci\u00f3n 1975-1979 de la Facultad de Medicina Miguel Alem\u00e1n de la UV, festejaron el 43 Aniversario de Egresados con actividades deportivas, culturales y recreativas.<\/span><\/p>\n<p class=\"p1\"><span style=\"font-size: 14pt;\">El presidente del comit\u00e9 organizador, doctor Enrique L\u00f3pez G\u00f3mez, durante dos a\u00f1os se hicieron los preparativos hasta que los d\u00edas 11 y 12 de Noviembre, lograron la anhelada reuni\u00f3n de la generaci\u00f3n, que despu\u00e9s de 43 a\u00f1os han mantenido la unidad solidaria y fraternal.<\/span><\/p>\n<p class=\"p1\"><span style=\"font-size: 14pt;\">Entre varias actividades, los m\u00e9dicos tuvieron un encuentro de f\u00fatbol, parrillada, misa de acci\u00f3n de gracias, desayuno en la Parroquia 200 a\u00f1os, foto grupal y el banquete con la destacada participaci\u00f3n del grupo musical Mission Moon. As\u00ed las cosas.<\/span><\/p>\n<p>&nbsp;<\/p>\n<p><span style=\"font-size: 18pt; color: #e42d33;\"><em><strong>**Las columnas firmadas en este medio son responsabilidad de quienes las firman**<\/strong><\/em><\/span><\/p>\n<p>&nbsp;<\/p>\n<p>&nbsp;<\/p>\n","protected":false},"excerpt":{"rendered":"<p>&nbsp; Por Ra\u00fal L\u00f3pez G\u00f3mez Importante aumento presupuestal tendr\u00e1 el estado de Veracruz en el 2023, esto se logr\u00f3 en<\/p>\n","protected":false},"author":4,"featured_media":3560,"comment_status":"closed","ping_status":"closed","sticky":false,"template":"","format":"standard","meta":{"colormag_page_container_layout":"default_layout","colormag_page_sidebar_layout":"default_layout","_jetpack_memberships_contains_paid_content":false,"footnotes":"","jetpack_publicize_message":"","jetpack_publicize_feature_enabled":true,"jetpack_social_post_already_shared":true,"jetpack_social_options":{"image_generator_settings":{"template":"highway","default_image_id":0,"font":"","enabled":false},"version":2}},"categories":[6],"tags":[],"class_list":["post-9990","post","type-post","status-publish","format-standard","has-post-thumbnail","hentry","category-columnistas"],"jetpack_publicize_connections":[],"jetpack_featured_media_url":"https:\/\/noticiasveracruz.com\/wp-content\/uploads\/2022\/04\/NV-RAU\u0301L-LO\u0301PEZ.png","jetpack_sharing_enabled":true,"publishpress_future_action":{"enabled":false,"date":"2026-05-07 23:42:06","action":"change-status","newStatus":"draft","terms":[],"taxonomy":"category","extraData":[]},"publishpress_future_workflow_manual_trigger":{"enabledWorkflows":[]},"_links":{"self":[{"href":"https:\/\/noticiasveracruz.com\/index.php\/wp-json\/wp\/v2\/posts\/9990","targetHints":{"allow":["GET"]}}],"collection":[{"href":"https:\/\/noticiasveracruz.com\/index.php\/wp-json\/wp\/v2\/posts"}],"about":[{"href":"https:\/\/noticiasveracruz.com\/index.php\/wp-json\/wp\/v2\/types\/post"}],"author":[{"embeddable":true,"href":"https:\/\/noticiasveracruz.com\/index.php\/wp-json\/wp\/v2\/users\/4"}],"replies":[{"embeddable":true,"href":"https:\/\/noticiasveracruz.com\/index.php\/wp-json\/wp\/v2\/comments?post=9990"}],"version-history":[{"count":0,"href":"https:\/\/noticiasveracruz.com\/index.php\/wp-json\/wp\/v2\/posts\/9990\/revisions"}],"wp:featuredmedia":[{"embeddable":true,"href":"https:\/\/noticiasveracruz.com\/index.php\/wp-json\/wp\/v2\/media\/3560"}],"wp:attachment":[{"href":"https:\/\/noticiasveracruz.com\/index.php\/wp-json\/wp\/v2\/media?parent=9990"}],"wp:term":[{"taxonomy":"category","embeddable":true,"href":"https:\/\/noticiasveracruz.com\/index.php\/wp-json\/wp\/v2\/categories?post=9990"},{"taxonomy":"post_tag","embeddable":true,"href":"https:\/\/noticiasveracruz.com\/index.php\/wp-json\/wp\/v2\/tags?post=9990"}],"curies":[{"name":"wp","href":"https:\/\/api.w.org\/{rel}","templated":true}]}}