{"id":9964,"date":"2022-11-13T22:57:41","date_gmt":"2022-11-14T04:57:41","guid":{"rendered":"https:\/\/noticiasveracruz.com\/?p=9964"},"modified":"2022-11-13T22:57:41","modified_gmt":"2022-11-14T04:57:41","slug":"claudia-sheinbaum-visita-el-norte-de-veracruz-impulsan-destino-para-los-capitalinos","status":"publish","type":"post","link":"https:\/\/noticiasveracruz.com\/index.php\/2022\/11\/13\/claudia-sheinbaum-visita-el-norte-de-veracruz-impulsan-destino-para-los-capitalinos\/","title":{"rendered":"Claudia Sheinbaum visita el norte de Veracruz, impulsan destino para los capitalinos\u00a0"},"content":{"rendered":"<p class=\"p1\">\n<p class=\"p1\"><span style=\"font-size: 14pt;\"><em><strong>PAPANTLA, VERACRUZ.<\/strong><\/em> El <strong>norte de Veracruz<\/strong> es impulsado <strong>mediante los acuerdos de cooperaci\u00f3n tur\u00edstica y cultural firmados entre la Ciudad de M\u00e9xico y Veracruz<\/strong> para que sea uno de los lugares de visita de los capitalinos. <\/span><\/p>\n<p class=\"p1\"><span style=\"font-size: 18pt;\"><strong>La jefa de Gobierno de la Ciudad de M\u00e9xico, Claudia Sheinbaum arrib\u00f3 en el parque Takilhsukut en la zona arqueol\u00f3gica El Taj\u00edn acompa\u00f1ada del gobernador Cuitl\u00e1huac Garc\u00eda Jim\u00e9nez.<\/strong><\/span><\/p>\n<p>\u00a0<img loading=\"lazy\" decoding=\"async\" class=\"aligncenter wp-image-12505 size-large\" src=\"https:\/\/politicosaldesnudo.com.mx\/wp-content\/uploads\/2022\/11\/P-CLAUDIA-SHEINBAUM-VERACRUZ-2-1024x573.png\" alt=\"\" width=\"800\" height=\"448\" \/><\/p>\n<p>&nbsp;<\/p>\n<p class=\"p1\"><span style=\"font-size: 18pt; color: #139eca;\"><strong><span style=\"color: #e42d33;\">Cuitl\u00e1huac Garc\u00eda se\u00f1al\u00f3 que el impulso tur\u00edstico es para la principales ciudades del norte de Veracruz, como son Papantla, Poza Rica, Tuxpan, Tempoal y P\u00e1nuco, estas \u00faltimas se ha rehabilitado la infraestructura y ser la opci\u00f3n n\u00famero uno para vacacionar de los capitalinos.<\/span> <\/strong><\/span><\/p>\n<p>&nbsp;<\/p>\n<blockquote>\n<p class=\"p1\"><span style=\"font-size: 14pt;\">la zona arqueol\u00f3gica, el parque tem\u00e1tico, que reconozca la infraestructura realizada porque Veracruz es el estado n\u00famero uno en la captaci\u00f3n de turistas de la Ciudad de M\u00e9xico, por la cercan\u00eda. Son 3 horas por autopista\u201d<\/span><\/p>\n<\/blockquote>\n<p>&nbsp;<\/p>\n<div style=\"width: 640px;\" class=\"wp-video\"><video class=\"wp-video-shortcode\" id=\"video-9964-1\" width=\"640\" height=\"360\" preload=\"metadata\" controls=\"controls\"><source type=\"video\/mp4\" src=\"https:\/\/politicosaldesnudo.com.mx\/wp-content\/uploads\/2022\/11\/En-Papantla-Veracruz-recibimos-las-ensenanzas-del-Consejo-de-Abuelos-Totonacos-el-Consejo-de-los-Abuelos-del-Kanituan-y-el-Consejo-Supremo-Totonaca.mp4?_=1\" \/><a href=\"https:\/\/politicosaldesnudo.com.mx\/wp-content\/uploads\/2022\/11\/En-Papantla-Veracruz-recibimos-las-ensenanzas-del-Consejo-de-Abuelos-Totonacos-el-Consejo-de-los-Abuelos-del-Kanituan-y-el-Consejo-Supremo-Totonaca.mp4\">https:\/\/politicosaldesnudo.com.mx\/wp-content\/uploads\/2022\/11\/En-Papantla-Veracruz-recibimos-las-ensenanzas-del-Consejo-de-Abuelos-Totonacos-el-Consejo-de-los-Abuelos-del-Kanituan-y-el-Consejo-Supremo-Totonaca.mp4<\/a><\/video><\/div>\n<p>&nbsp;<\/p>\n<p class=\"p1\"><span style=\"font-size: 14pt;\">Y es que en septiembre en Los Pinos se llev\u00f3 acabo una muestra sobre la siembra del palo volador y la Ceremonia Ritual de los voladores de Papantla, ahora la Jefa de Gobierno est\u00e1 regresando el gesto de aquella visita cultural.<\/span><\/p>\n<p class=\"p1\"><span style=\"font-size: 18pt;\"><strong>Cabe destacar que la Dra. Sheinbaum Pardo se encuentra de visita en el estado ya que llev\u00f3 acabo en Tuxpan la conferencia Magistral sobre las exitosas pol\u00edticas de gobierno de la Cuarta Transformaci\u00f3n, es decir, se busca que esa materia se busca impulsar todos la zona norte en materia de turismo y comunicaciones.<\/strong><\/span><\/p>\n<p class=\"p1\"><span style=\"font-size: 14pt;\">En el recorrido los acompa\u00f1\u00f3 la Secretaria de Energ\u00eda, Roc\u00edo Nahle, por lo que gobernador Cuitl\u00e1huac Garc\u00eda dijo \u201cla invit\u00e9 porque el Presidente est\u00e1 impulsando la econom\u00eda, relacionado con la energ\u00eda y hay una senadora veracruzana est\u00e1 al frente\u201d. <\/span><\/p>\n<p>&nbsp;<\/p>\n<p>&nbsp;<\/p>\n<p>&nbsp;<\/p>\n<p>&nbsp;<\/p>\n","protected":false},"excerpt":{"rendered":"<p>PAPANTLA, VERACRUZ. El norte de Veracruz es impulsado mediante los acuerdos de cooperaci\u00f3n tur\u00edstica y cultural firmados entre la Ciudad<\/p>\n","protected":false},"author":4,"featured_media":9965,"comment_status":"closed","ping_status":"closed","sticky":false,"template":"","format":"standard","meta":{"colormag_page_container_layout":"default_layout","colormag_page_sidebar_layout":"default_layout","_jetpack_memberships_contains_paid_content":false,"footnotes":"","jetpack_publicize_message":"","jetpack_publicize_feature_enabled":true,"jetpack_social_post_already_shared":true,"jetpack_social_options":{"image_generator_settings":{"template":"highway","default_image_id":0,"font":"","enabled":false},"version":2}},"categories":[356],"tags":[1105,98,1687,163,72,73],"class_list":["post-9964","post","type-post","status-publish","format-standard","has-post-thumbnail","hentry","category-veracruz","tag-claudia-sheinbaum","tag-cuitlahuac-garcia","tag-norte-veracruz","tag-rocio-nahle","tag-tuxpan","tag-veracruz"],"jetpack_publicize_connections":[],"jetpack_featured_media_url":"https:\/\/noticiasveracruz.com\/wp-content\/uploads\/2022\/11\/P-CLAUDIA-SHEINBAUM-VERACRUZ-1.png","jetpack_sharing_enabled":true,"publishpress_future_action":{"enabled":false,"date":"2026-05-07 14:36:22","action":"change-status","newStatus":"draft","terms":[],"taxonomy":"category","extraData":[]},"publishpress_future_workflow_manual_trigger":{"enabledWorkflows":[]},"_links":{"self":[{"href":"https:\/\/noticiasveracruz.com\/index.php\/wp-json\/wp\/v2\/posts\/9964","targetHints":{"allow":["GET"]}}],"collection":[{"href":"https:\/\/noticiasveracruz.com\/index.php\/wp-json\/wp\/v2\/posts"}],"about":[{"href":"https:\/\/noticiasveracruz.com\/index.php\/wp-json\/wp\/v2\/types\/post"}],"author":[{"embeddable":true,"href":"https:\/\/noticiasveracruz.com\/index.php\/wp-json\/wp\/v2\/users\/4"}],"replies":[{"embeddable":true,"href":"https:\/\/noticiasveracruz.com\/index.php\/wp-json\/wp\/v2\/comments?post=9964"}],"version-history":[{"count":0,"href":"https:\/\/noticiasveracruz.com\/index.php\/wp-json\/wp\/v2\/posts\/9964\/revisions"}],"wp:featuredmedia":[{"embeddable":true,"href":"https:\/\/noticiasveracruz.com\/index.php\/wp-json\/wp\/v2\/media\/9965"}],"wp:attachment":[{"href":"https:\/\/noticiasveracruz.com\/index.php\/wp-json\/wp\/v2\/media?parent=9964"}],"wp:term":[{"taxonomy":"category","embeddable":true,"href":"https:\/\/noticiasveracruz.com\/index.php\/wp-json\/wp\/v2\/categories?post=9964"},{"taxonomy":"post_tag","embeddable":true,"href":"https:\/\/noticiasveracruz.com\/index.php\/wp-json\/wp\/v2\/tags?post=9964"}],"curies":[{"name":"wp","href":"https:\/\/api.w.org\/{rel}","templated":true}]}}