{"id":9958,"date":"2022-11-13T10:44:56","date_gmt":"2022-11-13T16:44:56","guid":{"rendered":"https:\/\/noticiasveracruz.com\/?p=9958"},"modified":"2022-11-13T11:02:42","modified_gmt":"2022-11-13T17:02:42","slug":"van-seis-muertos-y-58-heridos-por-atentado-en-el-centro-de-estambul-video","status":"publish","type":"post","link":"https:\/\/noticiasveracruz.com\/index.php\/2022\/11\/13\/van-seis-muertos-y-58-heridos-por-atentado-en-el-centro-de-estambul-video\/","title":{"rendered":"Van seis muertos y 58 heridos por atentado en el centro de Estambul [Video]"},"content":{"rendered":"<p>&nbsp;<\/p>\n<p>&nbsp;<\/p>\n<p class=\"p1\"><span style=\"font-size: 14pt;\"><em><strong>ESTAMBUL, TURQUIA.<\/strong> <\/em><strong>Una bomba explot\u00f3 el domingo en una popular calle peatonal de Estambul<\/strong>,<span style=\"color: #e42d33;\"><strong> matando a seis personas y 58 han resultado heridas<\/strong><\/span>, haciendo que la gente huyera mientras crec\u00edan las llamas.<\/span><\/p>\n<p class=\"p1\"><span style=\"font-size: 18pt; color: #e42d33;\"><strong>El atentado es perpetrado en la calle Istiklal es un lugar muy popular para locales y turistas, y tiene multitud de tiendas y de restaurantes.<\/strong><\/span><\/p>\n<p>&nbsp;<\/p>\n<p class=\"p1\"><span style=\"font-size: 18pt;\"><strong>Un gran n\u00famero de ambulancias se ha desplazado hasta el sitio del siniestro, de donde la Polic\u00eda ha evacuado a miles de personas.\u00a0<\/strong><\/span><\/p>\n<p>&nbsp;<\/p>\n<div style=\"width: 320px;\" class=\"wp-video\"><video class=\"wp-video-shortcode\" id=\"video-9958-1\" width=\"320\" height=\"568\" preload=\"metadata\" controls=\"controls\"><source type=\"video\/mp4\" src=\"https:\/\/politicosaldesnudo.com.mx\/wp-content\/uploads\/2022\/11\/Este-video-muestra-el-momento-de-la-explosion-en-Turquia-hay-fallecidos-en-la-calle-turistica-Istiklal-en-Estambul.-Hace-una-semana-Turquia-y-Rusia-f.mp4?_=1\" \/><a href=\"https:\/\/politicosaldesnudo.com.mx\/wp-content\/uploads\/2022\/11\/Este-video-muestra-el-momento-de-la-explosion-en-Turquia-hay-fallecidos-en-la-calle-turistica-Istiklal-en-Estambul.-Hace-una-semana-Turquia-y-Rusia-f.mp4\">https:\/\/politicosaldesnudo.com.mx\/wp-content\/uploads\/2022\/11\/Este-video-muestra-el-momento-de-la-explosion-en-Turquia-hay-fallecidos-en-la-calle-turistica-Istiklal-en-Estambul.-Hace-una-semana-Turquia-y-Rusia-f.mp4<\/a><\/video><\/div>\n<p>&nbsp;<\/p>\n<p class=\"p1\"><span style=\"font-size: 18pt;\"><strong>En este video se puede ver y escuchar un fuerte estallido y se pod\u00edan ver llamas, mientras los peatones se daban la vuelta y sal\u00edan corriendo. Los usuarios de las redes sociales dijeron que las tiendas estaban cerradas y la avenida cerrada.<\/strong><\/span><\/p>\n<p>&nbsp;<\/p>\n<p><img loading=\"lazy\" decoding=\"async\" class=\"aligncenter wp-image-12495 size-large\" src=\"https:\/\/politicosaldesnudo.com.mx\/wp-content\/uploads\/2022\/11\/P-ATENTADO-ESTAMBUL-6-1024x573.png\" alt=\"\" width=\"800\" height=\"448\" \/><\/p>\n<p>&nbsp;<\/p>\n<p>&nbsp;<\/p>\n<p class=\"p1\"><span style=\"font-size: 18pt; color: #e42d33;\"><strong>El presidente turco, Recep Tayyip Erdogan, calific\u00f3 la explosi\u00f3n como un \u201cataque traicionero\u201d y dijo que sus perpetradores ser\u00edan castigados.\u00a0Adem\u00e1s de los seis muertos, Erdogan dijo que otros 53 resultaron heridos, seg\u00fan la informaci\u00f3n que recibi\u00f3 del gobernador de Estambul.<\/strong><\/span><\/p>\n<p>&nbsp;<\/p>\n<p><img loading=\"lazy\" decoding=\"async\" class=\"aligncenter wp-image-12491 size-large\" src=\"https:\/\/politicosaldesnudo.com.mx\/wp-content\/uploads\/2022\/11\/P-ATENTADO-ESTAMBUL-1-1024x573.png\" alt=\"\" width=\"800\" height=\"448\" \/><\/p>\n<p>&nbsp;<\/p>\n<p class=\"p1\"><span style=\"font-size: 18pt;\"><strong>Turqu\u00eda fue golpeada por una serie de atentados mortales entre 2015 y 2017 por parte del grupo Estado Isl\u00e1mico y grupos kurdos proscritos.<\/strong><\/span><\/p>\n<p class=\"p1\"><span style=\"font-size: 18pt; color: #e42d33;\"><strong>Cinco fiscales fueron asignados para investigar la explosi\u00f3n, inform\u00f3 la agencia de noticias estatal Anadolu.<\/strong><\/span><\/p>\n<p>&nbsp;<\/p>\n<p><img loading=\"lazy\" decoding=\"async\" class=\"aligncenter wp-image-12492 size-large\" src=\"https:\/\/politicosaldesnudo.com.mx\/wp-content\/uploads\/2022\/11\/P-ATENTADO-ESTAMBUL-2-1024x573.png\" alt=\"\" width=\"800\" height=\"448\" \/><\/p>\n<p>&nbsp;<\/p>\n<p class=\"p1\"><span style=\"font-size: 18pt;\"><strong>El organismo de control de los medios de Turqu\u00eda impuso restricciones temporales a los informes sobre la explosi\u00f3n, una medida que proh\u00edbe el uso de videos y fotos de primeros planos de la explosi\u00f3n y sus consecuencias.\u00a0El Consejo Superior de Radio y Televisi\u00f3n ha impuesto\u00a0prohibiciones similares en el pasado\u00a0, tras ataques y accidentes.<\/strong><\/span><\/p>\n<p><span style=\"font-size: 14pt;\">Tras la matanza el centro de la ciudad ha quedado paralizada y tomado por escenas de p\u00e1nico. Equipos de polic\u00eda, bomberos, ambulancias y protecci\u00f3n civil han acudido al lugar del suceso. La mayor\u00eda de las v\u00edctimas han sido\u00a0trasladadas al cercano hospital de Taksim.<\/span><\/p>\n<p>&nbsp;<\/p>\n<p>&nbsp;<\/p>\n<p>&nbsp;<\/p>\n<p>&nbsp;<\/p>\n<p>&nbsp;<\/p>\n<p>&nbsp;<\/p>\n","protected":false},"excerpt":{"rendered":"<p>&nbsp; &nbsp; ESTAMBUL, TURQUIA. Una bomba explot\u00f3 el domingo en una popular calle peatonal de Estambul, matando a seis personas<\/p>\n","protected":false},"author":4,"featured_media":9961,"comment_status":"closed","ping_status":"closed","sticky":false,"template":"","format":"standard","meta":{"colormag_page_container_layout":"default_layout","colormag_page_sidebar_layout":"default_layout","_jetpack_memberships_contains_paid_content":false,"footnotes":"","jetpack_publicize_message":"","jetpack_publicize_feature_enabled":true,"jetpack_social_post_already_shared":true,"jetpack_social_options":{"image_generator_settings":{"template":"highway","default_image_id":0,"font":"","enabled":false},"version":2}},"categories":[355],"tags":[1327,1686,1684,785,1685],"class_list":["post-9958","post","type-post","status-publish","format-standard","has-post-thumbnail","hentry","category-internacional","tag-atentado","tag-erdogan","tag-estambul","tag-muertos","tag-turquia"],"jetpack_publicize_connections":[],"jetpack_featured_media_url":"https:\/\/noticiasveracruz.com\/wp-content\/uploads\/2022\/11\/P-ESTAMBUL-TURQUIA-7.png","jetpack_sharing_enabled":true,"publishpress_future_action":{"enabled":false,"date":"2026-05-07 13:48:48","action":"change-status","newStatus":"draft","terms":[],"taxonomy":"category","extraData":[]},"publishpress_future_workflow_manual_trigger":{"enabledWorkflows":[]},"_links":{"self":[{"href":"https:\/\/noticiasveracruz.com\/index.php\/wp-json\/wp\/v2\/posts\/9958","targetHints":{"allow":["GET"]}}],"collection":[{"href":"https:\/\/noticiasveracruz.com\/index.php\/wp-json\/wp\/v2\/posts"}],"about":[{"href":"https:\/\/noticiasveracruz.com\/index.php\/wp-json\/wp\/v2\/types\/post"}],"author":[{"embeddable":true,"href":"https:\/\/noticiasveracruz.com\/index.php\/wp-json\/wp\/v2\/users\/4"}],"replies":[{"embeddable":true,"href":"https:\/\/noticiasveracruz.com\/index.php\/wp-json\/wp\/v2\/comments?post=9958"}],"version-history":[{"count":0,"href":"https:\/\/noticiasveracruz.com\/index.php\/wp-json\/wp\/v2\/posts\/9958\/revisions"}],"wp:featuredmedia":[{"embeddable":true,"href":"https:\/\/noticiasveracruz.com\/index.php\/wp-json\/wp\/v2\/media\/9961"}],"wp:attachment":[{"href":"https:\/\/noticiasveracruz.com\/index.php\/wp-json\/wp\/v2\/media?parent=9958"}],"wp:term":[{"taxonomy":"category","embeddable":true,"href":"https:\/\/noticiasveracruz.com\/index.php\/wp-json\/wp\/v2\/categories?post=9958"},{"taxonomy":"post_tag","embeddable":true,"href":"https:\/\/noticiasveracruz.com\/index.php\/wp-json\/wp\/v2\/tags?post=9958"}],"curies":[{"name":"wp","href":"https:\/\/api.w.org\/{rel}","templated":true}]}}