{"id":9954,"date":"2022-11-13T09:40:16","date_gmt":"2022-11-13T15:40:16","guid":{"rendered":"https:\/\/noticiasveracruz.com\/?p=9954"},"modified":"2022-11-13T09:41:35","modified_gmt":"2022-11-13T15:41:35","slug":"profundo-pesar-del-lic-juan-k-moreno","status":"publish","type":"post","link":"https:\/\/noticiasveracruz.com\/index.php\/2022\/11\/13\/profundo-pesar-del-lic-juan-k-moreno\/","title":{"rendered":"Profundo pesar del Lic. Juan K. Moreno"},"content":{"rendered":"<p>&nbsp;<\/p>\n<p class=\"p1\"><span style=\"font-size: 18pt;\"><strong>Mueren dos de sus hermanos<\/strong><\/span><\/p>\n<p>&nbsp;<\/p>\n<p class=\"p1\"><span style=\"font-size: 14pt;\">El abogado Juan K. Moreno, uno de los m\u00e1s reconocidos en el \u00e1mbito legal y querido por la sociedad del norte de Veracruz, sufri\u00f3 dos p\u00e9rdidas irreparables en los \u00faltimos d\u00edas.<\/span><\/p>\n<p class=\"p1\"><span style=\"font-size: 14pt;\">La primera fue la de su hermana Jovita Moreno Torres, de 92 a\u00f1os de edad, quien viv\u00eda en el puerto de Veracruz. Los hechos sucedieron la ma\u00f1ana del lunes 7 de noviembre, a causa de enfermedades propias del deterioro de la salud.<\/span><\/p>\n<p class=\"p1\"><span style=\"font-size: 14pt;\">A los dos d\u00edas, el mi\u00e9rcoles 9 muere otro de sus hermanos, No\u00e9, a los 88 a\u00f1os de edad, en San Andr\u00e9s Tuxtla, Veracruz.<\/span><\/p>\n<p class=\"p1\"><span style=\"font-size: 14pt;\">El trabajo siempre vertical y eficiente en la carrera de Juan K. Moreno, le cre\u00f3 fama de un amigo de la sociedad tuxpe\u00f1a, donde reside actualmente, motivo por el cual fue reconfortado por familiares, amigos y vecinos ante estos fallecimientos que seguramente marcar\u00e1n la vida del querido abogado.<\/span><\/p>\n<p class=\"p1\"><span style=\"font-size: 14pt;\">La historia en com\u00fan que comparten los hermanos, sus secretos, que con el tiempo se vuelven misterios y leyendas, no se van con el alejamiento del tiempo o la distancia, porque ellos viven en nuestro recuerdo y pueden verse sus rostros que cambian a trav\u00e9s del tiempo cambiaron pero no cambiaron el afecto y confianza entre ellos.<\/span><\/p>\n<p class=\"p1\"><span style=\"font-size: 14pt;\">Es por esto que la p\u00e9rdida de los hermanos es como si uno mismo sufriera una amputaci\u00f3n, pero la memoria sigue viva y el afecto fraternal se convierte en el diario recuerdo para traerlos con el pensamiento.<\/span><\/p>\n<p class=\"p1\"><span style=\"font-size: 14pt;\">Es por ello que deseamos al gran amigo y extraordinario abogado Juan K. Moreno, una pronta resignaci\u00f3n y que ni la distancia ni tiempo pueda alcanzar el olvido sino un recuerdo que mueva a una sonrisa y acaso, una l\u00e1grima.<\/span><\/p>\n<p class=\"p1\"><span style=\"font-size: 14pt;\">Nuestra solidaridad al amigo, al confidente, al hermano Juan K. moreno y que la vida siga con recuerdos intensos que son los que nos acercan a los que est\u00e1n lejos.<\/span><\/p>\n<p>&nbsp;<\/p>\n<p class=\"p1\"><span style=\"font-size: 18pt;\"><strong>Un abrazo<\/strong><\/span><\/p>\n<p class=\"p1\"><span style=\"font-size: 18pt;\"><strong>\u00c1ngel \u00c1lvaro Pe\u00f1a<\/strong><\/span><\/p>\n<p>&nbsp;<\/p>\n<p>&nbsp;<\/p>\n<p>&nbsp;<\/p>\n<p>&nbsp;<\/p>\n","protected":false},"excerpt":{"rendered":"<p>&nbsp; Mueren dos de sus hermanos &nbsp; El abogado Juan K. Moreno, uno de los m\u00e1s reconocidos en el \u00e1mbito<\/p>\n","protected":false},"author":4,"featured_media":9955,"comment_status":"closed","ping_status":"closed","sticky":false,"template":"","format":"standard","meta":{"colormag_page_container_layout":"default_layout","colormag_page_sidebar_layout":"default_layout","_jetpack_memberships_contains_paid_content":false,"footnotes":"","jetpack_publicize_message":"","jetpack_publicize_feature_enabled":true,"jetpack_social_post_already_shared":true,"jetpack_social_options":{"image_generator_settings":{"template":"highway","default_image_id":0,"font":"","enabled":false},"version":2}},"categories":[1],"tags":[],"class_list":["post-9954","post","type-post","status-publish","format-standard","has-post-thumbnail","hentry","category-sin-categoria"],"jetpack_publicize_connections":[],"jetpack_featured_media_url":"https:\/\/noticiasveracruz.com\/wp-content\/uploads\/2022\/11\/P-NOTICIASVERACRUZ-ESQUELA.png","jetpack_sharing_enabled":true,"publishpress_future_action":{"enabled":false,"date":"2026-05-07 14:36:37","action":"change-status","newStatus":"draft","terms":[],"taxonomy":"category","extraData":[]},"publishpress_future_workflow_manual_trigger":{"enabledWorkflows":[]},"_links":{"self":[{"href":"https:\/\/noticiasveracruz.com\/index.php\/wp-json\/wp\/v2\/posts\/9954","targetHints":{"allow":["GET"]}}],"collection":[{"href":"https:\/\/noticiasveracruz.com\/index.php\/wp-json\/wp\/v2\/posts"}],"about":[{"href":"https:\/\/noticiasveracruz.com\/index.php\/wp-json\/wp\/v2\/types\/post"}],"author":[{"embeddable":true,"href":"https:\/\/noticiasveracruz.com\/index.php\/wp-json\/wp\/v2\/users\/4"}],"replies":[{"embeddable":true,"href":"https:\/\/noticiasveracruz.com\/index.php\/wp-json\/wp\/v2\/comments?post=9954"}],"version-history":[{"count":0,"href":"https:\/\/noticiasveracruz.com\/index.php\/wp-json\/wp\/v2\/posts\/9954\/revisions"}],"wp:featuredmedia":[{"embeddable":true,"href":"https:\/\/noticiasveracruz.com\/index.php\/wp-json\/wp\/v2\/media\/9955"}],"wp:attachment":[{"href":"https:\/\/noticiasveracruz.com\/index.php\/wp-json\/wp\/v2\/media?parent=9954"}],"wp:term":[{"taxonomy":"category","embeddable":true,"href":"https:\/\/noticiasveracruz.com\/index.php\/wp-json\/wp\/v2\/categories?post=9954"},{"taxonomy":"post_tag","embeddable":true,"href":"https:\/\/noticiasveracruz.com\/index.php\/wp-json\/wp\/v2\/tags?post=9954"}],"curies":[{"name":"wp","href":"https:\/\/api.w.org\/{rel}","templated":true}]}}