{"id":9934,"date":"2022-11-12T19:24:44","date_gmt":"2022-11-13T01:24:44","guid":{"rendered":"https:\/\/noticiasveracruz.com\/?p=9934"},"modified":"2022-11-13T23:28:17","modified_gmt":"2022-11-14T05:28:17","slug":"este-domingo-confirmada-la-visita-de-claudia-sheinbaum-a-tuxpan","status":"publish","type":"post","link":"https:\/\/noticiasveracruz.com\/index.php\/2022\/11\/12\/este-domingo-confirmada-la-visita-de-claudia-sheinbaum-a-tuxpan\/","title":{"rendered":"\u00a1HOY! confirmada la visita de Claudia Sheinbaum a Tuxpan"},"content":{"rendered":"<p class=\"p1\"><span style=\"font-size: 18pt;\"><em><strong>TUXPAN, VERACRUZ.<\/strong><\/em> <span style=\"color: #e42d33;\"><strong>Tuxpan est\u00e1 listo para recibir a la Jefa de Gobierno de la Ciudad de M\u00e9xico, Dra. Claudia Sheinbaum Pardo<\/strong><\/span>, quien dictar\u00e1 la conferencia magistral \u201cPol\u00edticas Exitosas de Gobierno\u201d, ma\u00f1ana 13 de noviembre a las 16:00 horas en la Unidad Deportiva.<\/span><\/p>\n<p class=\"p1\"><span style=\"font-size: 18pt;\">La visita est\u00e1 confirmada y para este domingo se esperan condiciones clim\u00e1ticas que no afectar\u00e1n el evento. <\/span><\/p>\n<p>&nbsp;<\/p>\n<p><img loading=\"lazy\" decoding=\"async\" class=\"aligncenter wp-image-12466 size-large\" src=\"https:\/\/politicosaldesnudo.com.mx\/wp-content\/uploads\/2022\/11\/P-CONFERENCIA-MAGISTRAL-TUXPAN-1024x573.png\" alt=\"\" width=\"800\" height=\"448\" \/><\/p>\n<p>&nbsp;<\/p>\n<p class=\"p1\"><strong><span style=\"font-size: 18pt;\">Ser\u00e1 un d\u00eda en el que prevalecer\u00e1 el entusiasmo, la alegr\u00eda y el calor humano, porque adem\u00e1s se tendr\u00e1 la presencia del gobernador Cuitl\u00e1huac Garc\u00eda Jim\u00e9nez y de la secretaria de Energ\u00eda Roc\u00edo Nahle.\u00a0<\/span><\/strong><\/p>\n<p>&nbsp;<\/p>\n<p>&nbsp;<\/p>\n","protected":false},"excerpt":{"rendered":"<p>TUXPAN, VERACRUZ. Tuxpan est\u00e1 listo para recibir a la Jefa de Gobierno de la Ciudad de M\u00e9xico, Dra. Claudia Sheinbaum<\/p>\n","protected":false},"author":4,"featured_media":9935,"comment_status":"closed","ping_status":"closed","sticky":false,"template":"","format":"standard","meta":{"colormag_page_container_layout":"default_layout","colormag_page_sidebar_layout":"default_layout","_jetpack_memberships_contains_paid_content":false,"footnotes":"","jetpack_publicize_message":"","jetpack_publicize_feature_enabled":true,"jetpack_social_post_already_shared":true,"jetpack_social_options":{"image_generator_settings":{"template":"highway","default_image_id":0,"font":"","enabled":false},"version":2}},"categories":[356],"tags":[1105,701,72,73],"class_list":["post-9934","post","type-post","status-publish","format-standard","has-post-thumbnail","hentry","category-veracruz","tag-claudia-sheinbaum","tag-jose-manuel-pozos","tag-tuxpan","tag-veracruz"],"jetpack_publicize_connections":[],"jetpack_featured_media_url":"https:\/\/noticiasveracruz.com\/wp-content\/uploads\/2022\/11\/P-CLAUDIA-SHEINBAUM-TUXPAN-1.png","jetpack_sharing_enabled":true,"publishpress_future_action":{"enabled":false,"date":"2026-05-09 04:53:44","action":"change-status","newStatus":"draft","terms":[],"taxonomy":"category","extraData":[]},"publishpress_future_workflow_manual_trigger":{"enabledWorkflows":[]},"_links":{"self":[{"href":"https:\/\/noticiasveracruz.com\/index.php\/wp-json\/wp\/v2\/posts\/9934","targetHints":{"allow":["GET"]}}],"collection":[{"href":"https:\/\/noticiasveracruz.com\/index.php\/wp-json\/wp\/v2\/posts"}],"about":[{"href":"https:\/\/noticiasveracruz.com\/index.php\/wp-json\/wp\/v2\/types\/post"}],"author":[{"embeddable":true,"href":"https:\/\/noticiasveracruz.com\/index.php\/wp-json\/wp\/v2\/users\/4"}],"replies":[{"embeddable":true,"href":"https:\/\/noticiasveracruz.com\/index.php\/wp-json\/wp\/v2\/comments?post=9934"}],"version-history":[{"count":0,"href":"https:\/\/noticiasveracruz.com\/index.php\/wp-json\/wp\/v2\/posts\/9934\/revisions"}],"wp:featuredmedia":[{"embeddable":true,"href":"https:\/\/noticiasveracruz.com\/index.php\/wp-json\/wp\/v2\/media\/9935"}],"wp:attachment":[{"href":"https:\/\/noticiasveracruz.com\/index.php\/wp-json\/wp\/v2\/media?parent=9934"}],"wp:term":[{"taxonomy":"category","embeddable":true,"href":"https:\/\/noticiasveracruz.com\/index.php\/wp-json\/wp\/v2\/categories?post=9934"},{"taxonomy":"post_tag","embeddable":true,"href":"https:\/\/noticiasveracruz.com\/index.php\/wp-json\/wp\/v2\/tags?post=9934"}],"curies":[{"name":"wp","href":"https:\/\/api.w.org\/{rel}","templated":true}]}}