{"id":9828,"date":"2022-11-08T12:44:47","date_gmt":"2022-11-08T18:44:47","guid":{"rendered":"https:\/\/noticiasveracruz.com\/?p=9828"},"modified":"2022-11-08T12:46:03","modified_gmt":"2022-11-08T18:46:03","slug":"denuncia-morena-lorenzo-cordova-realiza-encuesta-para-percepcion-de-su-persona","status":"publish","type":"post","link":"https:\/\/noticiasveracruz.com\/index.php\/2022\/11\/08\/denuncia-morena-lorenzo-cordova-realiza-encuesta-para-percepcion-de-su-persona\/","title":{"rendered":"Denuncia Morena, Lorenzo C\u00f3rdova realiza encuesta para conocer la percepci\u00f3n de su persona"},"content":{"rendered":"<p class=\"p3\"><span style=\"font-size: 14pt;\"><em><strong>CIUDAD DE M\u00c9XICO.<\/strong> <\/em>Morena denunci\u00f3 ante el \u00d3rgano Interno de Control del Instituto Nacional Electoral (INE) al consejero presidente de este organismo, Lorenzo C\u00f3rdova Vianello, a quien acus\u00f3 de haber instruido la realizaci\u00f3n de encuestas para conocer el nivel de conocimiento que tienen los ciudadanos sobre \u00e9l y su opini\u00f3n sobre la Reforma Electoral.<\/span><\/p>\n<p class=\"p3\"><span style=\"font-size: 14pt;\">En la denuncia se\u00f1alan que el consejero no hizo de conocimiento la encuesta, con lo que habr\u00eda violado \u201clos principios de transparencia, econom\u00eda y otros de la funci\u00f3n electoral\u201d.<\/span><\/p>\n<p class=\"p3\"><span style=\"font-size: 18pt;\"><strong>Tras conocerse la denuncia, el INE se\u00f1al\u00f3 que realiz\u00f3 los sondeos sobre la percepci\u00f3n de su titular porque esto se vincula a la manera en que la poblaci\u00f3n percibe a la instituto y que era \u201cen el contexto de la organizaci\u00f3n de la revocaci\u00f3n de mandato y los ataques personalizados a la figura del consejero presidente\u201d. Por ello, era \u201c\u00fatil y pertinente\u201d preguntar al respecto para \u201cevaluar una potencial afectaci\u00f3n a la instituci\u00f3n\u201d.<\/strong><\/span><\/p>\n<p class=\"p3\"><span style=\"font-size: 14pt;\">Asegur\u00f3 que a ra\u00edz de los resultados de los sondeos sobre la percepci\u00f3n ciudadana de C\u00f3rdova \u201cno se implement\u00f3 ninguna medida que pudiera implicar, sugerir o evidenciar promoci\u00f3n personalizada\u201d.<\/span><\/p>\n<p>&nbsp;<\/p>\n<p class=\"p3\"><span style=\"font-size: 18pt; color: #e42d33;\"><b>UTILIZA RECURSOS<\/b><\/span><\/p>\n<p class=\"p3\"><span style=\"font-size: 18pt;\"><strong>En un hilo de Twitter, Mario Llergo, representante de Morena ante las autoridades electorales, asegur\u00f3 que el INE utiliz\u00f3 recursos p\u00fablicos para medir el nivel de conocimiento que tienen los ciudadanos acerca de su consejero presidente.<\/strong><\/span><\/p>\n<p class=\"p3\"><span style=\"font-size: 14pt;\">Llergo public\u00f3 una encuesta telef\u00f3nica encargada por el organismo y fechada en abril de 2022 que incluye un apartado titulado \u201cConocimiento espont\u00e1neo y con ayuda del consejero presidente del INE\u201d y refiere que, en noviembre de 2021, 40 por ciento de los encuestados conoc\u00edan o hab\u00edan o\u00eddo hablar de C\u00f3rdova, mientras en abril de 2022 la proporci\u00f3n aument\u00f3 a 57 por ciento.<\/span><\/p>\n<p class=\"p3\"><span style=\"font-size: 18pt;\"><strong>El morenista tambi\u00e9n public\u00f3 el texto de una denuncia fechada el 7 de noviembre del 2022 contra de C\u00f3rdova y del coordinador nacional de Comunicaci\u00f3n Social del INE, Rub\u00e9n \u00c1lvarez, en la que los acusa de encargar encuestas que midan el grado de aceptaci\u00f3n de miembros del instituto, as\u00ed como sobre la reforma electoral, sin que est\u00e9n facultados para ello y sin que se justifique el gasto p\u00fablico ejercido.<\/strong><\/span><\/p>\n<p class=\"p3\"><span style=\"font-size: 14pt;\">Adem\u00e1s, Morena acus\u00f3 a C\u00f3rdova y \u00c1lvarez de no haber entregado los sondeos a todos los integrantes del Consejo General del organismo.<\/span><\/p>\n<p class=\"p3\"><span style=\"font-size: 14pt;\">En un comunicado en el que no hizo menci\u00f3n de la denuncia, el INE indic\u00f3 que de enero de 2019 a octubre de 2022 ha realizado 12 levantamientos. Agreg\u00f3 que \u201cdurante 2022 se llevaron a cabo dos\u201d, los cuales est\u00e1n disponibles en su portal de Obligaciones de Transparencia, por lo que asever\u00f3 que \u201cnunca ha existido ni opacidad ni ocultamiento de los mismos\u201d, aunque no explic\u00f3 si hizo lo mismo con el resto de las encuestas.<\/span><\/p>\n<p class=\"p3\"><span style=\"font-size: 14pt;\">Respecto a las preguntas que encarg\u00f3 para conocer la percepci\u00f3n sobre C\u00f3rdova, expuso que dado que el titular de una instituci\u00f3n tiene funciones de representaci\u00f3n y vocer\u00eda, \u201cp\u00fablicamente se construye un estrecho v\u00ednculo en la forma en que la poblaci\u00f3n percibe a una instituci\u00f3n y a quien la encabeza\u201d.<\/span><\/p>\n<p>&nbsp;<\/p>\n","protected":false},"excerpt":{"rendered":"<p>CIUDAD DE M\u00c9XICO. Morena denunci\u00f3 ante el \u00d3rgano Interno de Control del Instituto Nacional Electoral (INE) al consejero presidente de<\/p>\n","protected":false},"author":4,"featured_media":9829,"comment_status":"closed","ping_status":"closed","sticky":false,"template":"","format":"standard","meta":{"colormag_page_container_layout":"default_layout","colormag_page_sidebar_layout":"default_layout","_jetpack_memberships_contains_paid_content":false,"footnotes":"","jetpack_publicize_message":"","jetpack_publicize_feature_enabled":true,"jetpack_social_post_already_shared":true,"jetpack_social_options":{"image_generator_settings":{"template":"highway","default_image_id":0,"font":"","enabled":false},"version":2}},"categories":[4],"tags":[66,541,1668,84],"class_list":["post-9828","post","type-post","status-publish","format-standard","has-post-thumbnail","hentry","category-nacional","tag-ine","tag-lorenzo-cordova","tag-mario-llergo","tag-morena"],"jetpack_publicize_connections":[],"jetpack_featured_media_url":"https:\/\/noticiasveracruz.com\/wp-content\/uploads\/2022\/11\/P-LORENZO-CORDOVA.png","jetpack_sharing_enabled":true,"publishpress_future_action":{"enabled":false,"date":"2026-05-07 23:50:07","action":"change-status","newStatus":"draft","terms":[],"taxonomy":"category","extraData":[]},"publishpress_future_workflow_manual_trigger":{"enabledWorkflows":[]},"_links":{"self":[{"href":"https:\/\/noticiasveracruz.com\/index.php\/wp-json\/wp\/v2\/posts\/9828","targetHints":{"allow":["GET"]}}],"collection":[{"href":"https:\/\/noticiasveracruz.com\/index.php\/wp-json\/wp\/v2\/posts"}],"about":[{"href":"https:\/\/noticiasveracruz.com\/index.php\/wp-json\/wp\/v2\/types\/post"}],"author":[{"embeddable":true,"href":"https:\/\/noticiasveracruz.com\/index.php\/wp-json\/wp\/v2\/users\/4"}],"replies":[{"embeddable":true,"href":"https:\/\/noticiasveracruz.com\/index.php\/wp-json\/wp\/v2\/comments?post=9828"}],"version-history":[{"count":0,"href":"https:\/\/noticiasveracruz.com\/index.php\/wp-json\/wp\/v2\/posts\/9828\/revisions"}],"wp:featuredmedia":[{"embeddable":true,"href":"https:\/\/noticiasveracruz.com\/index.php\/wp-json\/wp\/v2\/media\/9829"}],"wp:attachment":[{"href":"https:\/\/noticiasveracruz.com\/index.php\/wp-json\/wp\/v2\/media?parent=9828"}],"wp:term":[{"taxonomy":"category","embeddable":true,"href":"https:\/\/noticiasveracruz.com\/index.php\/wp-json\/wp\/v2\/categories?post=9828"},{"taxonomy":"post_tag","embeddable":true,"href":"https:\/\/noticiasveracruz.com\/index.php\/wp-json\/wp\/v2\/tags?post=9828"}],"curies":[{"name":"wp","href":"https:\/\/api.w.org\/{rel}","templated":true}]}}