{"id":9759,"date":"2022-11-07T01:09:26","date_gmt":"2022-11-07T07:09:26","guid":{"rendered":"https:\/\/noticiasveracruz.com\/?p=9759"},"modified":"2022-11-07T01:10:01","modified_gmt":"2022-11-07T07:10:01","slug":"el-ine-paladin-de-la-democracia","status":"publish","type":"post","link":"https:\/\/noticiasveracruz.com\/index.php\/2022\/11\/07\/el-ine-paladin-de-la-democracia\/","title":{"rendered":"El INE \u00bfPalad\u00edn de la democracia?"},"content":{"rendered":"<p>&nbsp;<\/p>\n<p class=\"p1\"><span style=\"font-size: 18pt;\"><b>Por Francisco Blanco Calder\u00f3n<\/b><\/span><\/p>\n<p>&nbsp;<\/p>\n<p class=\"p1\"><span style=\"font-size: 18pt;\">Segunda Parte<\/span><\/p>\n<p class=\"p1\"><span style=\"font-size: 14pt;\">Zedryk Raziel de El Pa\u00eds en su art\u00edculo sobre la Reforma Electoral dice: \u201cUna encuesta realizada por el Instituto Nacional Electoral (INE) confirma que la mayor\u00eda de mexicanos est\u00e1 de acuerdo en las principales modificaciones contenidas en la iniciativa de reforma electoral del presidente Andr\u00e9s Manuel L\u00f3pez Obrador. Seg\u00fan el sondeo, al que ha tenido acceso El Pa\u00eds, el 93% de ciudadanos apoya la propuesta de destinar menos recursos p\u00fablicos a los partidos pol\u00edticos; el 87% avala disminuir el n\u00famero de diputaciones y senadur\u00edas a nivel federal; el 78% apoya que los consejeros y los magistrados electorales sean electos por el voto directo de la ciudadan\u00eda; el 74% acepta reducir los recursos que se le otorgan al INE\u201d. La encuesta del propio INE muestra que la mayor\u00eda de mexicanos respalda la reforma electoral de L\u00f3pez Obrador. Un estudio oficial muestra que 9 de cada 10 ciudadanos apoyan recortar el dinero a los partidos y disminuir el n\u00famero de legisladores. M\u00e1s del 50% apoya refundar el INE y el Tribunal Electoral.<\/span><\/p>\n<p class=\"p1\"><span style=\"font-size: 14pt;\">Curiosamente en ese mismo d\u00eda en el peri\u00f3dico Reforma publica su encuesta, al respecto a la reforma electoral, en la que<span class=\"Apple-converted-space\">\u00a0 <\/span>solo el 13 por ciento est\u00e1 de acuerdo con que el INE desaparezca y el 53% respalda su continuidad. Ma\u00f1osamente, el manejo \u201cestad\u00edstico\u201d del peri\u00f3dico ultra conservador coloca como su principal pregunta si \u00bfel INE debe desaparecer?<span class=\"Apple-converted-space\">\u00a0 <\/span>lo que l\u00f3gicamente casi nadie quiere su desaparici\u00f3n, es m\u00e1s la reforma propuesta por AMLO se centra en<span class=\"Apple-converted-space\">\u00a0 <\/span>reestructurarlo, reducir el n\u00famero de legisladores en ambas c\u00e1maras, controlar lo excesivos gastos, cerrar sus fideicomisos, que los miembros sean propuestos por la ciudadan\u00eda y recortar el presupuesto oneroso de legisladores y sobre todo el abultado salario y prestaciones de los dirigentes del Instituto Electoral.<\/span><\/p>\n<p class=\"p1\"><span style=\"font-size: 14pt;\">A eso la encuesta el propio INE destaca la necesidad imperiosa de modificarlo, no desaparecerlo,<span class=\"Apple-converted-space\">\u00a0 <\/span>como se\u00f1ala el Reforma. La encuesta publicada por el peri\u00f3dico espa\u00f1ol El Pa\u00eds, y curiosamente \u201cse esfumo al d\u00eda siguiente\u201d, pero se replic\u00f3 en el programa de Los Periodistas de \u00c1lvaro Delgado y Alejandro P\u00e1ez Varela y se ampl\u00eda en Sin Embargo.com. \u201cSi a las ma\u00f1as nos atenemos\u201d.<\/span><\/p>\n<p>&nbsp;<\/p>\n<p class=\"p1\"><span style=\"font-size: 18pt; color: #e42d33;\"><b>M\u00c1S Y M\u00c1S DATOS <\/b><\/span><\/p>\n<p class=\"p1\"><span style=\"font-size: 14pt;\">En otra encuesta que coordina Enrique Galv\u00e1n Ochoa, en su columna Dinero de La Jornada, se determina la preferencia sobre las instituciones, los consultados avalan m\u00e1s del 90 por ciento al Ejercito Mexicano y ni el INE, Partidos y legisladores no rebasan juntos, ni el 10%, lo que demuestra la baj\u00edsima aceptaci\u00f3n de los partidos pol\u00edticos, diputados y senadores junto al Instituto electoral que desgarran sus vestiduras por la democracia inexistente. Opositores por \u201cla calle de la amargura\u201d sin confianza ni aceptaci\u00f3n de la muestra representativa encuestada, que rebasan los m\u00e1s de mil quinientos ciudadanos.<\/span><\/p>\n<p class=\"p1\"><span style=\"font-size: 14pt;\">El monero Hern\u00e1ndez,<span class=\"Apple-converted-space\">\u00a0 <\/span>tambi\u00e9n en la Jornada, deja asentada la f\u00e9rrea defensa, de un caricaturesco<span class=\"Apple-converted-space\">\u00a0 <\/span>personaje diciendo: \u201cINE que no se toca\u2026tener un instituto como el INE es un privilegio\u2026y nuestros privilegios no se tocan\u201d,<span class=\"Apple-converted-space\">\u00a0 <\/span>portando la pancarta el cerdo gubernamental-empresarial, miembro de los partidos opositores y legisladores adiestrados sumisamente a levantar el dedo de sus financiadores, aunque reciben grandes cantidades del erario p\u00fablico.<\/span><\/p>\n<p class=\"p1\"><span style=\"font-size: 14pt;\">Para Mario Zaragoza Ram\u00edrez, en su art\u00edculo sobre la Situaci\u00f3n de la Democracia en M\u00e9xico, deja asentado que: \u201cHablar de la democracia, al menos para Occidente, siempre es un tema atractivo, sobre todo si se considera que a esta forma de gobierno por lo general se le asocia con la idea de progreso, civilizaci\u00f3n, bienestar, libertad, justicia y otras cualidades que no posee (Sartori, 1989), porque la democracia es solo una forma de gobierno y todas las dem\u00e1s acepciones le son asignadas por consideraciones ajenas. Si recurrimos a una definici\u00f3n general, diremos que la democracia es el gobierno del pueblo para el pueblo y, como apunta Giovanni Sartori, tiene dos formas de entenderse. La primera, de manera teorica <span class=\"Apple-converted-space\">\u00a0 <\/span>y la segunda en la pr\u00e1ctica; es decir, en la realidad\u201d. (Scielo.org.mx).<\/span><\/p>\n<p class=\"p1\"><span style=\"font-size: 14pt;\"> Adem\u00e1s, uno de los principales problemas que tiene la democracia es que se le relaciona con la toma de decisiones, con los votos o con la libertad y se le despoja de su car\u00e1cter de forma de gobierno de sus caracter\u00edsticas esenciales. Una de estas es que la democracia no se agota ni se limita al proceso electoral. Si se mira como forma de gobierno, esta debe ser vigilada y debe velar por el bienestar colectivo en todo momento. <\/span><\/p>\n<p class=\"p1\"><span style=\"font-size: 14pt;\">Por ello los excesos discursivos en favor de su visi\u00f3n de democracia esta alentada en los vicios construidos a lo largo del periodo neoliberal que aglutina tres fraudes electorales, 1988, 2006 y 2012, y un sin n\u00famero de agresiones medi\u00e1ticas, financieras y administrativas sobre el partido Morena beneficiando a la triada PRI-PAN-PRD. Excesos que demuestran que proclaman la consigna italiana del gatopardismo \u201ccambiar todo, para que nada cambie\u201d que expresa la contradicci\u00f3n \u201csi queremos que todo siga como est\u00e1, es necesario que todo cambie\u201d. Por ello se destruy\u00f3 al ejido, se le abrieron las puertas a la iglesia a la pol\u00edtica, se privatizo la salud y la educaci\u00f3n, la cerraron playas a los ciudadanos de a pie, la saquearon bosques y subsuelo, se abandon\u00f3 la defensa a la juventud, se endeudo a M\u00e9xico en forma demoniaca, se engolosinaron con devoluciones fiscales a las grandes empresas, gasolinazos, huachicoleo sin piedad, en fin se realizaron m\u00faltiples enmiendas constitucionales para modificar la vida pol\u00edtica, social y econ\u00f3mica del pa\u00eds con el prop\u00f3sito de beneficiar a la alta burocracia gubernamental, la alta jerarqu\u00eda eclesi\u00e1stica, se empobreci\u00f3 despiadadamente a m\u00e1s de noventa millones de mexicanos,<span class=\"Apple-converted-space\">\u00a0 <\/span>y sobre todo se benefici\u00f3 a los grandes intereses trasnacionales de dentro y fuera del pa\u00eds.<\/span><\/p>\n<p>&nbsp;<\/p>\n<p class=\"p1\"><span style=\"font-size: 18pt; color: #e42d33;\"><b>NOTA<\/b><\/span><\/p>\n<p class=\"p1\"><span style=\"font-size: 14pt;\">El 13 de noviembre se llevar\u00e1 a cabo la marcha en defensa del INE que convoca Claudio equis y su Unid@s, con el PAN de cada d\u00eda. Marcha que no contar\u00e1 con el respaldo de Twitter, ya que fue despedido su director y la plantilla del PAN en esa red social, asuntos que se abordar\u00e1n<span class=\"Apple-converted-space\">\u00a0 <\/span>en la tercera parte.<\/span><\/p>\n","protected":false},"excerpt":{"rendered":"<p>&nbsp; Por Francisco Blanco Calder\u00f3n &nbsp; Segunda Parte Zedryk Raziel de El Pa\u00eds en su art\u00edculo sobre la Reforma Electoral<\/p>\n","protected":false},"author":4,"featured_media":3566,"comment_status":"closed","ping_status":"closed","sticky":false,"template":"","format":"standard","meta":{"colormag_page_container_layout":"default_layout","colormag_page_sidebar_layout":"default_layout","_jetpack_memberships_contains_paid_content":false,"footnotes":"","jetpack_publicize_message":"","jetpack_publicize_feature_enabled":true,"jetpack_social_post_already_shared":true,"jetpack_social_options":{"image_generator_settings":{"template":"highway","default_image_id":0,"font":"","enabled":false},"version":2}},"categories":[6],"tags":[],"class_list":["post-9759","post","type-post","status-publish","format-standard","has-post-thumbnail","hentry","category-columnistas"],"jetpack_publicize_connections":[],"jetpack_featured_media_url":"https:\/\/noticiasveracruz.com\/wp-content\/uploads\/2022\/04\/NV-FRANCISCO-BLANCO.png","jetpack_sharing_enabled":true,"publishpress_future_action":{"enabled":false,"date":"2026-05-09 06:52:17","action":"change-status","newStatus":"draft","terms":[],"taxonomy":"category","extraData":[]},"publishpress_future_workflow_manual_trigger":{"enabledWorkflows":[]},"_links":{"self":[{"href":"https:\/\/noticiasveracruz.com\/index.php\/wp-json\/wp\/v2\/posts\/9759","targetHints":{"allow":["GET"]}}],"collection":[{"href":"https:\/\/noticiasveracruz.com\/index.php\/wp-json\/wp\/v2\/posts"}],"about":[{"href":"https:\/\/noticiasveracruz.com\/index.php\/wp-json\/wp\/v2\/types\/post"}],"author":[{"embeddable":true,"href":"https:\/\/noticiasveracruz.com\/index.php\/wp-json\/wp\/v2\/users\/4"}],"replies":[{"embeddable":true,"href":"https:\/\/noticiasveracruz.com\/index.php\/wp-json\/wp\/v2\/comments?post=9759"}],"version-history":[{"count":0,"href":"https:\/\/noticiasveracruz.com\/index.php\/wp-json\/wp\/v2\/posts\/9759\/revisions"}],"wp:featuredmedia":[{"embeddable":true,"href":"https:\/\/noticiasveracruz.com\/index.php\/wp-json\/wp\/v2\/media\/3566"}],"wp:attachment":[{"href":"https:\/\/noticiasveracruz.com\/index.php\/wp-json\/wp\/v2\/media?parent=9759"}],"wp:term":[{"taxonomy":"category","embeddable":true,"href":"https:\/\/noticiasveracruz.com\/index.php\/wp-json\/wp\/v2\/categories?post=9759"},{"taxonomy":"post_tag","embeddable":true,"href":"https:\/\/noticiasveracruz.com\/index.php\/wp-json\/wp\/v2\/tags?post=9759"}],"curies":[{"name":"wp","href":"https:\/\/api.w.org\/{rel}","templated":true}]}}