{"id":9745,"date":"2022-11-07T00:38:49","date_gmt":"2022-11-07T06:38:49","guid":{"rendered":"https:\/\/noticiasveracruz.com\/?p=9745"},"modified":"2022-11-07T00:39:14","modified_gmt":"2022-11-07T06:39:14","slug":"la-oposicion-desfallece-mientras-palacio-prepara-candidatos-del-2024","status":"publish","type":"post","link":"https:\/\/noticiasveracruz.com\/index.php\/2022\/11\/07\/la-oposicion-desfallece-mientras-palacio-prepara-candidatos-del-2024\/","title":{"rendered":"La oposici\u00f3n desfallece mientras Palacio prepara candidatos del 2024"},"content":{"rendered":"<p>&nbsp;<\/p>\n<p class=\"p1\"><span style=\"font-size: 18pt;\"><b>Por Jos\u00e9 Ure\u00f1a<\/b><\/span><\/p>\n<p class=\"p1\"><span style=\"font-size: 14pt;\">Pasa el sexenio y la oposici\u00f3n no aprende. Ni se une ni muestra liderazgos y ni siquiera perfila un candidato con posibilidades de contender por la Presidencia de la Rep\u00fablica.<\/span><\/p>\n<p class=\"p1\"><span style=\"font-size: 14pt;\">En cambio, Palacio Nacional se adelanta no nada m\u00e1s con sus corcholatas Claudia Sheinbaum, Ad\u00e1n Augusto L\u00f3pez y Marcelo Ebrard.<\/span><\/p>\n<p class=\"p1\"><span style=\"font-size: 14pt;\">No mencionamos a Ricardo Monreal porque corre por cuenta propia en carril distinto y una bandera contraria a la gubernamental: la reconciliaci\u00f3n, la unidad, la concordia.<\/span><\/p>\n<p class=\"p1\"><span style=\"font-size: 14pt;\">Est\u00e1 lejos de los afectos del Ejecutivo federal, repiti\u00f3 ayer, y fustig\u00f3 indirectamente el discurso de cr\u00edtica, odio y polarizaci\u00f3n de todas las ma\u00f1anas y todos discursos:<\/span><\/p>\n<p class=\"p1\"><span style=\"font-size: 14pt;\">\u201cLo que el pa\u00eds necesita es mayor consenso, mayor acuerdo. Soy de los que piensa que podemos llegar a la misma meta (la candidatura), al mismo prop\u00f3sito, al mismo fin, con acuerdos\u201d.<\/span><\/p>\n<p class=\"p1\"><span style=\"font-size: 14pt;\">Su clamor cae en el desierto porque es blanco de ataques desde el poder, como lo mostr\u00f3 la semana pasada la francotiradora oficial Layda Sansores.<\/span><\/p>\n<p>&nbsp;<\/p>\n<p class=\"p1\"><span style=\"font-size: 18pt; color: #e42d33;\"><b>ALGUNOS ESCOGIDOS<\/b><\/span><\/p>\n<p class=\"p1\"><span style=\"font-size: 14pt;\">En otras pistas hay otros corredores.Por instrucciones superiores ya est\u00e1n formados los contendientes del 2023, Delfina G\u00f3mez en el Estado de M\u00e9xico y Ricardo Mej\u00eda en Coahuila, cuya bendici\u00f3n la dio ayer L\u00f3pez Obrador.<\/span><\/p>\n<p class=\"p1\"><span style=\"font-size: 14pt;\">Al mismo tiempo, y al margen de la prematura promoci\u00f3n de corcholatas y quien al final resulte abanderado, se prepara a los candidatos a gobernadores para el 2024.<\/span><\/p>\n<p class=\"p1\"><span style=\"font-size: 14pt;\">Pronto conoceremos todos los nombres, pero hoy adelantemos por lo menos quienes contender\u00e1n en cinco de los estados donde se renovar\u00e1n gubernaturas:<\/span><\/p>\n<p class=\"p1\"><span style=\"font-size: 14pt;\">Zo\u00e9 Robledo, actual director del Seguro Social, en Chiapas.<\/span><\/p>\n<p class=\"p1\"><span style=\"font-size: 14pt;\">Roc\u00edo Nahle, secretaria de Energ\u00eda, en Veracruz con Cuitl\u00e1huac Garc\u00eda como jefe de campa\u00f1a.<\/span><\/p>\n<p class=\"p1\"><span style=\"font-size: 14pt;\">Rabindranath Salazar ya anda en campa\u00f1a con la bendici\u00f3n oficial en Morelos en calidad de coordinador de Pol\u00edtica y Gobierno de la Rep\u00fablica.<\/span><\/p>\n<p class=\"p1\"><span style=\"font-size: 14pt;\">Carlos Lomel\u00ed, empresario farmac\u00e9utico, enriquecido como proveedor de medicinas al sector salud y quien tiene el camino despejado en Jalisco tras el asesinato de su contendiente Salvador Llamas.<\/span><\/p>\n<p class=\"p1\"><span style=\"font-size: 14pt;\">El expanista Ricardo Sheffield, titular de la Procuradur\u00eda Federal del Consumidor (Profeco), en Guanajuato. Con ellos corren tambi\u00e9n ya los preseleccionados para senadores y algunos diputados.<\/span><\/p>\n<p>&nbsp;<\/p>\n<p class=\"p1\"><span style=\"font-size: 18pt; color: #e42d33;\"><b>GASTO, SIN CAMBIOS<\/b><\/span><\/p>\n<p class=\"p1\"><span style=\"font-size: 14pt;\">La contrarreforma electoral es un distractor porque, salvo amenazas a opositores, no tiene ni tendr\u00e1 los votos para cruzar el Poder Legislativo.<\/span><\/p>\n<p class=\"p1\"><span style=\"font-size: 14pt;\">Atr\u00e1s de esa pol\u00e9mica inducida est\u00e1 el prop\u00f3sito de hacer un presupuesto con alto costo para educaci\u00f3n, salud, universidades y otros sectores e instituciones.<\/span><\/p>\n<p class=\"p1\"><span style=\"font-size: 14pt;\">El 31 de octubre anunciamos el prop\u00f3sito de aprobar el Presupuesto de Egresos de la Federaci\u00f3n (PEF) en un fin de semana, 12 y 13 de octubre.<\/span><\/p>\n<p class=\"p1\"><span style=\"font-size: 14pt;\">El plan sigue firme, con el fin de evitar la presencia de opositores, movilizaciones campesinas, estudiantiles y dem\u00e1s demandantes de mayores partidas.<\/span><\/p>\n<p class=\"p1\"><span style=\"font-size: 14pt;\">El coordinador morenista Ignacio Mier cree tener todo enjuagado, lavado y planchado para aprobar el gasto como lo quiere su jefe, el Presidente.<\/span><\/p>\n<p class=\"p1\"><span style=\"font-size: 14pt;\">Una sorpresa prevista es borrar, v\u00eda presupuestaria, al pomposamente llamado Instituto de Salud para el Bienestar (Insabi), pero absoluto fracaso liderado por Juan Ferrer.<\/span><\/p>\n<p>&nbsp;<\/p>\n<p>&nbsp;<\/p>\n<p><span style=\"font-size: 18pt; color: #e42d33;\"><em><strong>**Las columnas firmadas en este medio son responsabilidad de quienes las firman**<\/strong><\/em><\/span><\/p>\n<p>&nbsp;<\/p>\n","protected":false},"excerpt":{"rendered":"<p>&nbsp; Por Jos\u00e9 Ure\u00f1a Pasa el sexenio y la oposici\u00f3n no aprende. Ni se une ni muestra liderazgos y ni<\/p>\n","protected":false},"author":4,"featured_media":3258,"comment_status":"closed","ping_status":"closed","sticky":false,"template":"","format":"standard","meta":{"colormag_page_container_layout":"default_layout","colormag_page_sidebar_layout":"default_layout","_jetpack_memberships_contains_paid_content":false,"footnotes":"","jetpack_publicize_message":"","jetpack_publicize_feature_enabled":true,"jetpack_social_post_already_shared":true,"jetpack_social_options":{"image_generator_settings":{"template":"highway","default_image_id":0,"font":"","enabled":false},"version":2}},"categories":[6],"tags":[],"class_list":["post-9745","post","type-post","status-publish","format-standard","has-post-thumbnail","hentry","category-columnistas"],"jetpack_publicize_connections":[],"jetpack_featured_media_url":"https:\/\/noticiasveracruz.com\/wp-content\/uploads\/2022\/04\/JOSE\u0301-UREN\u0303A.png","jetpack_sharing_enabled":true,"publishpress_future_action":{"enabled":false,"date":"2026-05-09 05:14:06","action":"change-status","newStatus":"draft","terms":[],"taxonomy":"category","extraData":[]},"publishpress_future_workflow_manual_trigger":{"enabledWorkflows":[]},"_links":{"self":[{"href":"https:\/\/noticiasveracruz.com\/index.php\/wp-json\/wp\/v2\/posts\/9745","targetHints":{"allow":["GET"]}}],"collection":[{"href":"https:\/\/noticiasveracruz.com\/index.php\/wp-json\/wp\/v2\/posts"}],"about":[{"href":"https:\/\/noticiasveracruz.com\/index.php\/wp-json\/wp\/v2\/types\/post"}],"author":[{"embeddable":true,"href":"https:\/\/noticiasveracruz.com\/index.php\/wp-json\/wp\/v2\/users\/4"}],"replies":[{"embeddable":true,"href":"https:\/\/noticiasveracruz.com\/index.php\/wp-json\/wp\/v2\/comments?post=9745"}],"version-history":[{"count":0,"href":"https:\/\/noticiasveracruz.com\/index.php\/wp-json\/wp\/v2\/posts\/9745\/revisions"}],"wp:featuredmedia":[{"embeddable":true,"href":"https:\/\/noticiasveracruz.com\/index.php\/wp-json\/wp\/v2\/media\/3258"}],"wp:attachment":[{"href":"https:\/\/noticiasveracruz.com\/index.php\/wp-json\/wp\/v2\/media?parent=9745"}],"wp:term":[{"taxonomy":"category","embeddable":true,"href":"https:\/\/noticiasveracruz.com\/index.php\/wp-json\/wp\/v2\/categories?post=9745"},{"taxonomy":"post_tag","embeddable":true,"href":"https:\/\/noticiasveracruz.com\/index.php\/wp-json\/wp\/v2\/tags?post=9745"}],"curies":[{"name":"wp","href":"https:\/\/api.w.org\/{rel}","templated":true}]}}