{"id":9714,"date":"2022-11-04T12:25:52","date_gmt":"2022-11-04T18:25:52","guid":{"rendered":"https:\/\/noticiasveracruz.com\/?p=9714"},"modified":"2022-11-04T12:29:58","modified_gmt":"2022-11-04T18:29:58","slug":"9714","status":"publish","type":"post","link":"https:\/\/noticiasveracruz.com\/index.php\/2022\/11\/04\/9714\/","title":{"rendered":"Ritual de Candiles, expresi\u00f3n de cultura, arte y tradici\u00f3n en La Mata"},"content":{"rendered":"<p>&nbsp;<\/p>\n<p class=\"p1\"><span style=\"font-size: 14pt;\"><em><strong>TUXPAN, VERACRUZ.<\/strong> <\/em><strong><span style=\"color: #e42d33;\">Se celebra en La Mata el Ritual de Candiles: \u201cPor las Almas de los Pescadores\u201d<\/span><\/strong>, que fue un evento maravilloso, expresi\u00f3n pura de cultura, arte y tradici\u00f3n.<\/span><\/p>\n<p class=\"p1\"><span style=\"font-size: 14pt;\">De la misma manera, presentaron una ofrenda en el altar en honor a las almas de los pescadores ca\u00eddos al agua y presenciaron la ceremonia de Purificaci\u00f3n del Altar, el Toque de Caracol y la Danza de Los Candiles. <\/span><\/p>\n<p class=\"p1\"><span style=\"font-size: 18pt;\"><strong>El alcalde de Tuxpan, <span style=\"color: #e42d33;\">Jos\u00e9 Manuel Pozos reconoci\u00f3 y felicit\u00f3 al Corredor Gastron\u00f3mico La Mata<\/span>, a la agencia municipal, a los promotores culturales, a los artistas y a la comunidad,<span style=\"color: #e42d33;\"> \u201cpor este extraordinario evento, ya que demostraron que trabajando en unidad y por el bien com\u00fan se pueden lograr grandes cosas\u201d.<\/span><\/strong><\/span><\/p>\n<p>&nbsp;<\/p>\n<p><img loading=\"lazy\" decoding=\"async\" class=\"aligncenter wp-image-12206 size-large\" src=\"https:\/\/politicosaldesnudo.com.mx\/wp-content\/uploads\/2022\/11\/P-RITUAL-CANDILES-TUXPAN-3-1024x573.png\" alt=\"\" width=\"800\" height=\"448\" \/><\/p>\n<p>&nbsp;<\/p>\n<blockquote>\n<p class=\"p1\"><span style=\"font-size: 14pt;\">La m\u00e1gica llama de los candiles vuelve a iluminar La Mata, la Laguna de Tampamachoco y el coraz\u00f3n de todos quienes estamos presentes en este Ritual que nos une en la fe y en la tradici\u00f3n\u201d<\/span><\/p>\n<\/blockquote>\n<p>&nbsp;<\/p>\n<p><img loading=\"lazy\" decoding=\"async\" class=\"aligncenter wp-image-12204 size-large\" src=\"https:\/\/politicosaldesnudo.com.mx\/wp-content\/uploads\/2022\/11\/P-RITUAL-CANDILES-TUXPAN-1-1024x573.png\" alt=\"\" width=\"800\" height=\"448\" \/><\/p>\n<p>&nbsp;<\/p>\n<blockquote>\n<p class=\"p1\"><span style=\"font-size: 14pt;\">Este hermoso lugar y su laguna crean un ambiente inigualable, que nos transporta a lo sagrado, a lo inmaterial y a lo eterno\u201d<\/span><\/p>\n<\/blockquote>\n<p>&nbsp;<\/p>\n<p><img loading=\"lazy\" decoding=\"async\" class=\"aligncenter wp-image-12208 size-large\" src=\"https:\/\/politicosaldesnudo.com.mx\/wp-content\/uploads\/2022\/11\/P-RITUAL-CANDILES-TUXPAN-6-1024x573.png\" alt=\"\" width=\"800\" height=\"448\" \/><\/p>\n<p>&nbsp;<\/p>\n<p class=\"p1\"><span style=\"font-size: 18pt;\"><strong>Jos\u00e9 Manuel Pozos reiter\u00f3 que <span style=\"color: #e42d33;\">\u201ceste sitio encierra en su belleza el mejor punto de encuentro para honrar las almas de muchos pescadores que han partido, ya que en la atm\u00f3sfera llena de energ\u00eda se da una conexi\u00f3n con ciclos que comienzan, porque la muerte significa vida y presencia\u201d<\/span><\/strong><\/span><\/p>\n<p>&nbsp;<\/p>\n<p><img loading=\"lazy\" decoding=\"async\" class=\"aligncenter wp-image-12207 size-large\" src=\"https:\/\/politicosaldesnudo.com.mx\/wp-content\/uploads\/2022\/11\/P-RITUAL-CANDILES-TUXPAN-4-1024x573.png\" alt=\"\" width=\"800\" height=\"448\" \/><\/p>\n<p>&nbsp;<\/p>\n<p class=\"p1\"><span style=\"font-size: 18pt;\"><strong>De la misma manera, Jos\u00e9 Manuel Pozos destac\u00f3 la relevancia de este evento que fue escenario de much\u00edsimas expresiones art\u00edsticas y culturales que enorgullecen a todo Tuxpan. <\/strong><\/span><\/p>\n<p>&nbsp;<\/p>\n<p><img loading=\"lazy\" decoding=\"async\" class=\"aligncenter wp-image-12209 size-large\" src=\"https:\/\/politicosaldesnudo.com.mx\/wp-content\/uploads\/2022\/11\/P-RITUAL-CANDILES-TUXPAN-7-1024x573.png\" alt=\"\" width=\"800\" height=\"448\" \/><\/p>\n<p>&nbsp;<\/p>\n<p>&nbsp;<\/p>\n<p class=\"p1\"><span style=\"font-size: 18pt; color: #e42d33;\"><strong>Martha Laura Z\u00e1rate, agente municipal de La Mata, agradeci\u00f3 la presencia de las autoridades, felicit\u00f3 a los participantes y dio la bienvenida a todos.<\/strong><\/span><\/p>\n<p class=\"p1\"><span style=\"font-size: 14pt;\">Dentro de las actividades de este evento, tambi\u00e9n se llev\u00f3 a cabo una exhibici\u00f3n de catrinas, la procesi\u00f3n de catrinas y danzantes por tierra, una procesi\u00f3n de catrinas con candiles por la laguna, el lanzamiento de una ofrenda floral en la laguna, el primer Concurso de Catrinas de La Mata, y una exquisita muestra gastron\u00f3mica.<\/span><\/p>\n<p class=\"p1\"><span style=\"font-size: 14pt;\">Igualmente en este evento particip\u00f3 Pamela Morales de Pozos, presidenta del DIF Tuxpan; la Sindica \u00danica Beatriz Pi\u00f1a Vergara; la regidora Maryanela Monroy Flores y el regidor Luis Demetrio L\u00f3pez Mar\u00edn; acompa\u00f1ados por Catrinas, Danzantes, autoridades y habitantes de La Mata participaron en la procesi\u00f3n que se realiz\u00f3 por la Rivera del Pescador. <\/span><\/p>\n<p class=\"p1\"><span style=\"font-size: 14pt;\">Tambi\u00e9n estuvieron presentes presidentes de C\u00e1maras empresariales como Canaco, Canirac y Canacintra; as\u00ed como de la Asociaci\u00f3n de Hoteles y Moteles de Tuxpan y la Huasteca; el Sr. Ricardo Z\u00e1rate, presidente del Corredor Gastron\u00f3mico de La Mata; Gustavo Aoyama, propietario del restaurante \u201cQuinta La Esperanza\u201d; el historiador Gabriel Cruz Reyes; Israel Luna Osorio, director de Cultura y Francisco Villanueva, director de Turismo.<\/span><\/p>\n<p>&nbsp;<\/p>\n<p>&nbsp;<\/p>\n<p>&nbsp;<\/p>\n<p>&nbsp;<\/p>\n<p>&nbsp;<\/p>\n<p>&nbsp;<\/p>\n<p>&nbsp;<\/p>\n","protected":false},"excerpt":{"rendered":"<p>&nbsp; TUXPAN, VERACRUZ. Se celebra en La Mata el Ritual de Candiles: \u201cPor las Almas de los Pescadores\u201d, que fue<\/p>\n","protected":false},"author":4,"featured_media":9716,"comment_status":"closed","ping_status":"closed","sticky":false,"template":"","format":"standard","meta":{"colormag_page_container_layout":"default_layout","colormag_page_sidebar_layout":"default_layout","_jetpack_memberships_contains_paid_content":false,"footnotes":"","jetpack_publicize_message":"","jetpack_publicize_feature_enabled":true,"jetpack_social_post_already_shared":true,"jetpack_social_options":{"image_generator_settings":{"template":"highway","default_image_id":0,"font":"","enabled":false},"version":2}},"categories":[356],"tags":[701,1657,1146,1656,72,73],"class_list":["post-9714","post","type-post","status-publish","format-standard","has-post-thumbnail","hentry","category-veracruz","tag-jose-manuel-pozos","tag-la-mata","tag-pescadores","tag-ritual-candiles","tag-tuxpan","tag-veracruz"],"jetpack_publicize_connections":[],"jetpack_featured_media_url":"https:\/\/noticiasveracruz.com\/wp-content\/uploads\/2022\/11\/P-RITUAL-CANDILES-TUXPAN-2.png","jetpack_sharing_enabled":true,"publishpress_future_action":{"enabled":false,"date":"2026-05-08 12:53:52","action":"change-status","newStatus":"draft","terms":[],"taxonomy":"category","extraData":[]},"publishpress_future_workflow_manual_trigger":{"enabledWorkflows":[]},"_links":{"self":[{"href":"https:\/\/noticiasveracruz.com\/index.php\/wp-json\/wp\/v2\/posts\/9714","targetHints":{"allow":["GET"]}}],"collection":[{"href":"https:\/\/noticiasveracruz.com\/index.php\/wp-json\/wp\/v2\/posts"}],"about":[{"href":"https:\/\/noticiasveracruz.com\/index.php\/wp-json\/wp\/v2\/types\/post"}],"author":[{"embeddable":true,"href":"https:\/\/noticiasveracruz.com\/index.php\/wp-json\/wp\/v2\/users\/4"}],"replies":[{"embeddable":true,"href":"https:\/\/noticiasveracruz.com\/index.php\/wp-json\/wp\/v2\/comments?post=9714"}],"version-history":[{"count":0,"href":"https:\/\/noticiasveracruz.com\/index.php\/wp-json\/wp\/v2\/posts\/9714\/revisions"}],"wp:featuredmedia":[{"embeddable":true,"href":"https:\/\/noticiasveracruz.com\/index.php\/wp-json\/wp\/v2\/media\/9716"}],"wp:attachment":[{"href":"https:\/\/noticiasveracruz.com\/index.php\/wp-json\/wp\/v2\/media?parent=9714"}],"wp:term":[{"taxonomy":"category","embeddable":true,"href":"https:\/\/noticiasveracruz.com\/index.php\/wp-json\/wp\/v2\/categories?post=9714"},{"taxonomy":"post_tag","embeddable":true,"href":"https:\/\/noticiasveracruz.com\/index.php\/wp-json\/wp\/v2\/tags?post=9714"}],"curies":[{"name":"wp","href":"https:\/\/api.w.org\/{rel}","templated":true}]}}