{"id":9705,"date":"2022-11-04T06:30:30","date_gmt":"2022-11-04T12:30:30","guid":{"rendered":"https:\/\/noticiasveracruz.com\/?p=9705"},"modified":"2022-11-04T07:22:56","modified_gmt":"2022-11-04T13:22:56","slug":"sistema-de-salud-sin-fondos","status":"publish","type":"post","link":"https:\/\/noticiasveracruz.com\/index.php\/2022\/11\/04\/sistema-de-salud-sin-fondos\/","title":{"rendered":"Sistema de salud sin fondos"},"content":{"rendered":"<p>&nbsp;<\/p>\n<p class=\"p1\"><strong><span style=\"font-size: 18pt;\">Por M\u00f3nica Camarena Crespo<\/span><\/strong><\/p>\n<p class=\"p1\"><span style=\"font-size: 14pt;\">En 2018 el presupuesto para salud se ubic\u00f3 al mismo nivel que el gasto ejercido en 2013, pero con 6.3 millones de mexicanos m\u00e1s.\u00a0En ese a\u00f1o, el Centro de Investigaci\u00f3n Econ\u00f3mica y Presupuestaria (CIEP) se\u00f1alaba que las necesidades de la poblaci\u00f3n por un sistema de salud universal que garantizar\u00e1n una mejor calidad de vida requer\u00edan de un mayor presupuesto.<\/span><\/p>\n<p class=\"p1\"><span style=\"font-size: 14pt;\">Cuatro a\u00f1os despu\u00e9s y con una pandemia de por medio, en\u00a0el Proyecto de Presupuesto de Egresos de la Federaci\u00f3n (PEF) 2023, se confirma una desgracia m\u00e1s promovida por Morena y sus aliados, que el sistema de salud mexicano se quedar\u00e1 sin fondos como instancia responsable de destinar recursos p\u00fablicos para atender 66 enfermedades cr\u00f3nicas o catastr\u00f3ficas de las familias sin seguridad social, as\u00ed como enfrentar emergencias sanitarias.<\/span><\/p>\n<p class=\"p1\"><span style=\"font-size: 14pt;\">La iniciativa de Ley de Ingresos de la Federaci\u00f3n para el Ejercicio Fiscal 2023, en el apartado \u201cotras medidas\u201d, establece: \u201cSe estima necesario mantener en el art\u00edculo d\u00e9cimo cuarto transitorio la disposici\u00f3n que faculta al Instituto de Salud para el Bienestar a instruir la instituci\u00f3n fiduciaria del Fondo de Salud para el Bienestar para que, durante el primer semestre de 2023, concentre en el Tesofe el remanente del patrimonio de ese Fideicomiso a que se refiere el art\u00edculo 77 bis 17 de la Ley General de Salud\u201d.<\/span><\/p>\n<p class=\"p1\"><span style=\"font-size: 14pt;\">De acuerdo con M\u00e9xico Eval\u00faa, con este planteamiento, enviado por el Gobierno federal, se advierte que en el primer semestre del siguiente a\u00f1o se habr\u00e1 liquidado el Fonsabi, y la administraci\u00f3n federal habr\u00e1 \u201cconsumado la apropiaci\u00f3n\u201d de m\u00e1s de 110 mil millones de pesos que ten\u00eda ese fondo a finales del 2018 y que sirvieron para pagar dos a\u00f1os la emergencia de la pandemia<\/span><\/p>\n<p class=\"p1\"><span style=\"font-size: 14pt;\">La CIEP hizo an\u00e1lisis comparativos que explican que antes, el Fondo de Protecci\u00f3n contra Gastos Catastr\u00f3ficos, el cual desapareci\u00f3 y dio paso al Fonsabi, funcionaba para atender c\u00e1nceres de mama y c\u00e9rvico uterino. Ahora, \u00abel Fondo de Salud para el Bienestar, que se dedicaba a dar recursos para la atenci\u00f3n de esos casos, se le han sustra\u00eddo 73 mil millones de pesos que no se sabe en qu\u00e9 los ha utilizado puntualmente el gobierno\u201d.<\/span><\/p>\n<p class=\"p1\"><span style=\"font-size: 14pt;\">Para dar un ejemplo de la ayuda que daba este fondo y la situaci\u00f3n en la cual pueden quedarse quienes recib\u00edan la atenci\u00f3n, que no tienen seguridad social, en su estudio, refieren que por casos de c\u00e1ncer c\u00e9rvico uterino en 2018 y hasta junio de 2019, con este fondo fueron atendidos dos mil 389 casos y se pagaron 79 millones de pesos.<\/span><\/p>\n<p class=\"p1\"><span style=\"font-size: 14pt;\">El CIEP y el Centro de An\u00e1lisis e Investigaci\u00f3n Fundar alertan que este fondo no contar\u00e1 con m\u00e1s recursos y la situaci\u00f3n de vulnerabilidad en la cual se quedar\u00e1n miles de personas que padecen una enfermedad de alta especialidad, como c\u00e1ncer, VIH-sida, infartos agudos al miocardio o trasplantes de ri\u00f1\u00f3n, h\u00edgado y pulm\u00f3n. La gravedad es may\u00fascula y quienes la operan ser\u00e1n criminales eternos, por cierto legisladores levanta dedos y soldados de Morena, as\u00ed como sus aliados convenencieros al juicio de la historia.<\/span><\/p>\n<p>&nbsp;<\/p>\n<p>&nbsp;<\/p>\n<p class=\"p1\"><span style=\"font-size: 18pt;\"><strong>Correo: <a href=\"mailto:parquejuarezweb@yahoo.com.mx\">parquejuarezweb@yahoo.com.mx<\/a><\/strong><\/span><\/p>\n<p class=\"p1\"><span style=\"font-size: 18pt;\"><strong>Twitter: <a href=\"http:\/\/www.twitter.com\/monicamarena\">@monicamarena<\/a><\/strong><\/span><\/p>\n<p>&nbsp;<\/p>\n<p><span style=\"font-size: 18pt; color: #e42d33;\"><em><strong>**Las columnas firmadas en este medio son responsabilidad de quienes las firman**<\/strong><\/em><\/span><\/p>\n<p>&nbsp;<\/p>\n","protected":false},"excerpt":{"rendered":"<p>&nbsp; Por M\u00f3nica Camarena Crespo En 2018 el presupuesto para salud se ubic\u00f3 al mismo nivel que el gasto ejercido<\/p>\n","protected":false},"author":4,"featured_media":3554,"comment_status":"closed","ping_status":"closed","sticky":false,"template":"","format":"standard","meta":{"colormag_page_container_layout":"default_layout","colormag_page_sidebar_layout":"default_layout","_jetpack_memberships_contains_paid_content":false,"footnotes":"","jetpack_publicize_message":"","jetpack_publicize_feature_enabled":true,"jetpack_social_post_already_shared":true,"jetpack_social_options":{"image_generator_settings":{"template":"highway","default_image_id":0,"font":"","enabled":false},"version":2}},"categories":[6],"tags":[],"class_list":["post-9705","post","type-post","status-publish","format-standard","has-post-thumbnail","hentry","category-columnistas"],"jetpack_publicize_connections":[],"jetpack_featured_media_url":"https:\/\/noticiasveracruz.com\/wp-content\/uploads\/2022\/04\/MO\u0301NICA-CAMARENA-CRESPO-1.png","jetpack_sharing_enabled":true,"publishpress_future_action":{"enabled":false,"date":"2026-05-07 09:49:33","action":"change-status","newStatus":"draft","terms":[],"taxonomy":"category","extraData":[]},"publishpress_future_workflow_manual_trigger":{"enabledWorkflows":[]},"_links":{"self":[{"href":"https:\/\/noticiasveracruz.com\/index.php\/wp-json\/wp\/v2\/posts\/9705","targetHints":{"allow":["GET"]}}],"collection":[{"href":"https:\/\/noticiasveracruz.com\/index.php\/wp-json\/wp\/v2\/posts"}],"about":[{"href":"https:\/\/noticiasveracruz.com\/index.php\/wp-json\/wp\/v2\/types\/post"}],"author":[{"embeddable":true,"href":"https:\/\/noticiasveracruz.com\/index.php\/wp-json\/wp\/v2\/users\/4"}],"replies":[{"embeddable":true,"href":"https:\/\/noticiasveracruz.com\/index.php\/wp-json\/wp\/v2\/comments?post=9705"}],"version-history":[{"count":0,"href":"https:\/\/noticiasveracruz.com\/index.php\/wp-json\/wp\/v2\/posts\/9705\/revisions"}],"wp:featuredmedia":[{"embeddable":true,"href":"https:\/\/noticiasveracruz.com\/index.php\/wp-json\/wp\/v2\/media\/3554"}],"wp:attachment":[{"href":"https:\/\/noticiasveracruz.com\/index.php\/wp-json\/wp\/v2\/media?parent=9705"}],"wp:term":[{"taxonomy":"category","embeddable":true,"href":"https:\/\/noticiasveracruz.com\/index.php\/wp-json\/wp\/v2\/categories?post=9705"},{"taxonomy":"post_tag","embeddable":true,"href":"https:\/\/noticiasveracruz.com\/index.php\/wp-json\/wp\/v2\/tags?post=9705"}],"curies":[{"name":"wp","href":"https:\/\/api.w.org\/{rel}","templated":true}]}}