{"id":9679,"date":"2022-11-03T06:35:01","date_gmt":"2022-11-03T12:35:01","guid":{"rendered":"https:\/\/noticiasveracruz.com\/?p=9679"},"modified":"2022-11-03T06:35:33","modified_gmt":"2022-11-03T12:35:33","slug":"boric-cumple-eliminar-sistema-de-pensiones-privadas-en-chile","status":"publish","type":"post","link":"https:\/\/noticiasveracruz.com\/index.php\/2022\/11\/03\/boric-cumple-eliminar-sistema-de-pensiones-privadas-en-chile\/","title":{"rendered":"Boric cumple eliminar sistema de pensiones privadas en Chile"},"content":{"rendered":"<p class=\"p1\"><span style=\"font-size: 14pt;\"><em><strong>SANTIAGO DE CHILE.<\/strong><span class=\"Apple-converted-space\"><strong>\u00a0<\/strong> <\/span><\/em>El presidente de Chile, <strong>Gabriel Boric<\/strong>, present\u00f3 un proyecto de ley que <strong>elimina las privadas Administradoras de Fondos de Pensiones<\/strong> (AFP) y <strong>las reemplaza por un nuevo sistema mixto que aumenta el monto de las pensiones.<\/strong><\/span><\/p>\n<p class=\"p1\"><span style=\"font-size: 18pt;\"><strong>En un mensaje televisado, Boric concret\u00f3 una de sus mayores promesas de campa\u00f1a: abolir el sistema que en 1981 cre\u00f3 la dictadura de Pinochet (1973-1990), pionero en el mundo en establecer la capitalizaci\u00f3n absolutamente individual del trabajador.<\/strong><\/span><\/p>\n<p>&nbsp;<\/p>\n<blockquote>\n<p class=\"p1\"><span style=\"font-size: 14pt;\">Las AFP, en esta reforma, se terminan\u201d<\/span><\/p>\n<\/blockquote>\n<p>&nbsp;<\/p>\n<p class=\"p1\"><span style=\"font-size: 18pt; color: #e42d33;\"><strong>El modelo de las AFP chilenas son la base del sistema de pensiones en M\u00e9xico, conocido como Afore, instaurado a partir del 1o de julio de 1997 en el pa\u00eds, y mediante el cual empresas privadas administran las aportaciones de los trabajadores para su retiro.<\/strong><\/span><\/p>\n<p class=\"p1\"><span style=\"font-size: 18pt;\"><strong>El presidente Gabriel Boric dijo que a trav\u00e9s del nuevo sistema mixto, se mejorar\u00e1n \u201csustantivamente las pensiones de todas las personas\u201d. Con el actual sistema, 72 por ciento de las pensiones son inferiores al salario m\u00ednimo (unos 400 d\u00f3lares), se\u00f1al\u00f3.<\/strong><\/span><\/p>\n<p class=\"p1\"><span style=\"font-size: 14pt;\">Las aportaciones ir\u00e1n a un fondo de seguro social que permitir\u00e1 mejorar las pensiones<\/span><\/p>\n<p class=\"p1\"><span style=\"font-size: 18pt;\"><strong>La propuesta del gobierno de Boric, que ingresar\u00eda la pr\u00f3xima semana al Congreso \u2013donde no tiene mayor\u00eda\u2013 mantendr\u00e1 el pilar de ahorro individual, que actualmente promedia 10.5 por ciento del salario, y agrega 6 por ciento a cargo del empleador, que hasta ahora no ten\u00eda ninguna participaci\u00f3n.<\/strong><\/span><\/p>\n<p>&nbsp;<\/p>\n<p><img loading=\"lazy\" decoding=\"async\" class=\"aligncenter wp-image-12162 size-large\" src=\"https:\/\/politicosaldesnudo.com.mx\/wp-content\/uploads\/2022\/11\/P-PENSIONES-BORIC-2-1024x573.png\" alt=\"\" width=\"800\" height=\"448\" \/><\/p>\n<p>&nbsp;<\/p>\n<p class=\"p1\"><span style=\"font-size: 14pt;\">El nuevo aporte del empleador \u201cir\u00e1 a un fondo de seguro social que permitir\u00e1 mejorar las pensiones de todos y todas, pero especialmente de las mujeres que son las m\u00e1s afectadas por el actual sistema\u201d, se explic\u00f3.<\/span><\/p>\n<p class=\"p1\"><span style=\"font-size: 18pt; color: #e42d33;\"><strong>Las AFP ser\u00e1n reemplazadas por un Sistema Mixto de Pensiones, con un gestor p\u00fablico de inversi\u00f3n y actores privados.<\/strong><\/span><\/p>\n<p>&nbsp;<\/p>\n<blockquote>\n<p class=\"p1\"><span style=\"font-size: 14pt;\">El actual sistema de pensiones est\u00e1 en crisis, y eso nadie lo pone en duda. Las pensiones de hoy no alcanzan para que nuestros padres, madres, abuelos, abuelas, sostengan una vida digna en su vejez, sin importar cu\u00e1nto trabajaron durante su vida\u201d<\/span><\/p>\n<\/blockquote>\n<p>&nbsp;<\/p>\n<p class=\"p1\"><span style=\"font-size: 14pt;\">Una vez aprobado el texto, el nuevo sistema mixto entregar\u00eda pensiones sustancialmente m\u00e1s altas que las actuales.<\/span><\/p>\n<p class=\"p1\"><span style=\"font-size: 14pt;\">El mandatario entreg\u00f3 un ejemplo para un salario de 400 mil pesos (unos 423 d\u00f3lares). En el caso de un hombre, el monto de la jubilaci\u00f3n aumentar\u00e1 46 por ciento y 52 por ciento para las mujeres.<\/span><\/p>\n<p class=\"p1\"><span style=\"font-size: 18pt;\"><strong>El nuevo sistema de pensiones propuesto por el gobierno ser\u00e1 financiado con fondos que espera recaudar con una reforma tributaria \u2013pilar del programa de reformas sociales de Boric\u2013 que el mandatario ya envi\u00f3 al Congreso en julio pasado y que busca captar 3.6 por ciento del producto interno bruto (PIB) total del pa\u00eds.<\/strong><\/span><\/p>\n<p>&nbsp;<\/p>\n<p>&nbsp;<\/p>\n<p>&nbsp;<\/p>\n","protected":false},"excerpt":{"rendered":"<p>SANTIAGO DE CHILE.\u00a0 El presidente de Chile, Gabriel Boric, present\u00f3 un proyecto de ley que elimina las privadas Administradoras de<\/p>\n","protected":false},"author":4,"featured_media":9680,"comment_status":"closed","ping_status":"closed","sticky":false,"template":"","format":"standard","meta":{"colormag_page_container_layout":"default_layout","colormag_page_sidebar_layout":"default_layout","_jetpack_memberships_contains_paid_content":false,"footnotes":"","jetpack_publicize_message":"","jetpack_publicize_feature_enabled":true,"jetpack_social_post_already_shared":true,"jetpack_social_options":{"image_generator_settings":{"template":"highway","default_image_id":0,"font":"","enabled":false},"version":2}},"categories":[355],"tags":[1646,131,837,1647],"class_list":["post-9679","post","type-post","status-publish","format-standard","has-post-thumbnail","hentry","category-internacional","tag-afp","tag-chile","tag-gabriel-boric","tag-pensiones"],"jetpack_publicize_connections":[],"jetpack_featured_media_url":"https:\/\/noticiasveracruz.com\/wp-content\/uploads\/2022\/11\/P-PENSIONES-BORIC-1.png","jetpack_sharing_enabled":true,"publishpress_future_action":{"enabled":false,"date":"2026-05-07 14:35:28","action":"change-status","newStatus":"draft","terms":[],"taxonomy":"category","extraData":[]},"publishpress_future_workflow_manual_trigger":{"enabledWorkflows":[]},"_links":{"self":[{"href":"https:\/\/noticiasveracruz.com\/index.php\/wp-json\/wp\/v2\/posts\/9679","targetHints":{"allow":["GET"]}}],"collection":[{"href":"https:\/\/noticiasveracruz.com\/index.php\/wp-json\/wp\/v2\/posts"}],"about":[{"href":"https:\/\/noticiasveracruz.com\/index.php\/wp-json\/wp\/v2\/types\/post"}],"author":[{"embeddable":true,"href":"https:\/\/noticiasveracruz.com\/index.php\/wp-json\/wp\/v2\/users\/4"}],"replies":[{"embeddable":true,"href":"https:\/\/noticiasveracruz.com\/index.php\/wp-json\/wp\/v2\/comments?post=9679"}],"version-history":[{"count":0,"href":"https:\/\/noticiasveracruz.com\/index.php\/wp-json\/wp\/v2\/posts\/9679\/revisions"}],"wp:featuredmedia":[{"embeddable":true,"href":"https:\/\/noticiasveracruz.com\/index.php\/wp-json\/wp\/v2\/media\/9680"}],"wp:attachment":[{"href":"https:\/\/noticiasveracruz.com\/index.php\/wp-json\/wp\/v2\/media?parent=9679"}],"wp:term":[{"taxonomy":"category","embeddable":true,"href":"https:\/\/noticiasveracruz.com\/index.php\/wp-json\/wp\/v2\/categories?post=9679"},{"taxonomy":"post_tag","embeddable":true,"href":"https:\/\/noticiasveracruz.com\/index.php\/wp-json\/wp\/v2\/tags?post=9679"}],"curies":[{"name":"wp","href":"https:\/\/api.w.org\/{rel}","templated":true}]}}