{"id":9592,"date":"2022-10-15T20:00:29","date_gmt":"2022-10-16T01:00:29","guid":{"rendered":"https:\/\/noticiasveracruz.com\/?p=9592"},"modified":"2022-10-31T20:10:25","modified_gmt":"2022-11-01T02:10:25","slug":"dif-tuxpan-brinda-apoyos-para-mejorar-la-calidad-de-vida-de-ciudadanos","status":"publish","type":"post","link":"https:\/\/noticiasveracruz.com\/index.php\/2022\/10\/15\/dif-tuxpan-brinda-apoyos-para-mejorar-la-calidad-de-vida-de-ciudadanos\/","title":{"rendered":"DIF Tuxpan brinda apoyos para mejorar la calidad de vida de ciudadanos"},"content":{"rendered":"<p>&nbsp;<\/p>\n<p class=\"p1\"><span style=\"font-size: 14pt;\"><em><strong>TUXPAN, VERACRUZ.<\/strong> <\/em>En la b\u00fasqueda de la <strong>mejora de calidad de vida de las y los tuxpe\u00f1os el DIF Tuxpan<\/strong> que encabeza <strong>Pamela Morales de Pozos contin\u00faa visitando comunidades<\/strong> que fueron beneficiadas con el programa de proyectos productivos.<\/span><\/p>\n<p>&nbsp;<\/p>\n<p><img loading=\"lazy\" decoding=\"async\" class=\"aligncenter wp-image-8081 size-large\" src=\"http:\/\/politicosaldesnudoqroo.com.mx\/wp-content\/uploads\/2022\/10\/P-DIF-TUXPAN-3-1024x573.png\" alt=\"\" width=\"800\" height=\"448\" \/><\/p>\n<p>&nbsp;<\/p>\n<blockquote>\n<p class=\"p1\"><span style=\"font-size: 14pt;\">Seguiremos recorriendo localidades y colonias donde la poblaci\u00f3n m\u00e1s vulnerable requiere de la atenci\u00f3n y apoyo para brindarles un futuro lleno de bienestar y transformaci\u00f3n\u201d<\/span><\/p>\n<\/blockquote>\n<p>&nbsp;<\/p>\n<p><img loading=\"lazy\" decoding=\"async\" class=\"aligncenter wp-image-8080 size-large\" src=\"http:\/\/politicosaldesnudoqroo.com.mx\/wp-content\/uploads\/2022\/10\/P-DIF-TUXPAN-2-1024x573.png\" alt=\"\" width=\"800\" height=\"448\" \/><\/p>\n<p>&nbsp;<\/p>\n<p class=\"p1\"><span style=\"font-size: 18pt;\"><strong>La comunidad de Ojite donde familias beneficiarias de proyectos productivos de cr\u00eda de gallinas y herrer\u00eda han mejorado su bienestar econ\u00f3mico, agradecen la gesti\u00f3n de la Presidenta del DIF quien se ha preocupado por mejorar su calidad de vida y mejorar su econom\u00eda. <\/strong><\/span><\/p>\n<p>&nbsp;<\/p>\n<p><img loading=\"lazy\" decoding=\"async\" class=\"aligncenter wp-image-8082 size-large\" src=\"http:\/\/politicosaldesnudoqroo.com.mx\/wp-content\/uploads\/2022\/10\/P-DIF-TUXPAN-4-1024x573.png\" alt=\"\" width=\"800\" height=\"448\" \/><\/p>\n<p>&nbsp;<\/p>\n<p class=\"p1\"><span style=\"font-size: 18pt; color: #d42d33;\"><strong>As\u00ed Pamela Morales de Pozos dijo en la comunidad que la justicia social y el bienestar lleg\u00f3 a Tuxpan.<\/strong><\/span><\/p>\n<p>&nbsp;<\/p>\n<blockquote>\n<p class=\"p1\"><span style=\"font-size: 14pt;\">Estamos muy comprometidos en cumplirle a nuestra gente tuxpe\u00f1a, ahora los apoyos y proyectos llegan directamente no existen<span class=\"Apple-converted-space\">\u00a0 <\/span>intermediarios\u201d<\/span><\/p>\n<\/blockquote>\n<p>&nbsp;<\/p>\n<p>&nbsp;<\/p>\n<p>&nbsp;<\/p>\n<p>&nbsp;<\/p>\n<p>&nbsp;<\/p>\n","protected":false},"excerpt":{"rendered":"<p>&nbsp; TUXPAN, VERACRUZ. En la b\u00fasqueda de la mejora de calidad de vida de las y los tuxpe\u00f1os el DIF<\/p>\n","protected":false},"author":4,"featured_media":9593,"comment_status":"closed","ping_status":"closed","sticky":false,"template":"","format":"standard","meta":{"colormag_page_container_layout":"default_layout","colormag_page_sidebar_layout":"default_layout","_jetpack_memberships_contains_paid_content":false,"footnotes":"","jetpack_publicize_message":"","jetpack_publicize_feature_enabled":true,"jetpack_social_post_already_shared":true,"jetpack_social_options":{"image_generator_settings":{"template":"highway","default_image_id":0,"font":"","enabled":false},"version":2}},"categories":[145],"tags":[1042,1350,72,73],"class_list":["post-9592","post","type-post","status-publish","format-standard","has-post-thumbnail","hentry","category-estados","tag-dif-tuxpan","tag-pamela-morales-de-pozos","tag-tuxpan","tag-veracruz"],"jetpack_publicize_connections":[],"jetpack_featured_media_url":"https:\/\/noticiasveracruz.com\/wp-content\/uploads\/2022\/10\/P-DIF-TUXPAN-1.png","jetpack_sharing_enabled":true,"publishpress_future_action":{"enabled":false,"date":"2026-05-07 08:34:35","action":"change-status","newStatus":"draft","terms":[],"taxonomy":"category","extraData":[]},"publishpress_future_workflow_manual_trigger":{"enabledWorkflows":[]},"_links":{"self":[{"href":"https:\/\/noticiasveracruz.com\/index.php\/wp-json\/wp\/v2\/posts\/9592","targetHints":{"allow":["GET"]}}],"collection":[{"href":"https:\/\/noticiasveracruz.com\/index.php\/wp-json\/wp\/v2\/posts"}],"about":[{"href":"https:\/\/noticiasveracruz.com\/index.php\/wp-json\/wp\/v2\/types\/post"}],"author":[{"embeddable":true,"href":"https:\/\/noticiasveracruz.com\/index.php\/wp-json\/wp\/v2\/users\/4"}],"replies":[{"embeddable":true,"href":"https:\/\/noticiasveracruz.com\/index.php\/wp-json\/wp\/v2\/comments?post=9592"}],"version-history":[{"count":0,"href":"https:\/\/noticiasveracruz.com\/index.php\/wp-json\/wp\/v2\/posts\/9592\/revisions"}],"wp:featuredmedia":[{"embeddable":true,"href":"https:\/\/noticiasveracruz.com\/index.php\/wp-json\/wp\/v2\/media\/9593"}],"wp:attachment":[{"href":"https:\/\/noticiasveracruz.com\/index.php\/wp-json\/wp\/v2\/media?parent=9592"}],"wp:term":[{"taxonomy":"category","embeddable":true,"href":"https:\/\/noticiasveracruz.com\/index.php\/wp-json\/wp\/v2\/categories?post=9592"},{"taxonomy":"post_tag","embeddable":true,"href":"https:\/\/noticiasveracruz.com\/index.php\/wp-json\/wp\/v2\/tags?post=9592"}],"curies":[{"name":"wp","href":"https:\/\/api.w.org\/{rel}","templated":true}]}}