{"id":9583,"date":"2022-10-14T20:00:50","date_gmt":"2022-10-15T01:00:50","guid":{"rendered":"https:\/\/noticiasveracruz.com\/?p=9583"},"modified":"2022-10-31T19:54:37","modified_gmt":"2022-11-01T01:54:37","slug":"arrancan-las-olimpiadas-municipales-2022-en-tuxpan","status":"publish","type":"post","link":"https:\/\/noticiasveracruz.com\/index.php\/2022\/10\/14\/arrancan-las-olimpiadas-municipales-2022-en-tuxpan\/","title":{"rendered":"Arrancan las Olimpiadas Municipales 2022 en Tuxpan\u00a0"},"content":{"rendered":"<p>&nbsp;<\/p>\n<p class=\"p1\"><span style=\"font-size: 14pt;\"><em><strong>TUXPAN, VERACRUZ.<\/strong> <\/em>La <strong>Comisi\u00f3n Municipal del Deporte (Comude) inaugur\u00f3 las Olimpiadas Municipales 2022<\/strong> mediante las cuales se <strong>seleccionar\u00e1 a los deportistas que participar\u00e1n en los Juegos Estatales<\/strong>, donde se conformar\u00e1 el equipo que nos representar\u00e1 en los juegos nacionales Conade 2023. <\/span><\/p>\n<p class=\"p1\"><span style=\"font-size: 18pt; color: #e42d33;\"><strong>Un total de 550 j\u00f3venes atletas, de entre 12 y 16 a\u00f1os, competir\u00e1n dentro de las 18 categor\u00edas de estas olimpiadas municipales.<\/strong><\/span><\/p>\n<p class=\"p1\"><span style=\"font-size: 18pt;\"><strong>El evento estuvo encabezado por Miguel Mart\u00edn L\u00f3pez en representaci\u00f3n del alcalde Jos\u00e9 Manuel Pozos Castro; Manuel Cortina Mart\u00ednez, director de Comude Tuxpan; y el regidor Juan G\u00f3mez Garc\u00eda.<\/strong><\/span><\/p>\n<p>&nbsp;<\/p>\n<p><img loading=\"lazy\" decoding=\"async\" class=\"aligncenter wp-image-12050 size-large\" src=\"https:\/\/politicosaldesnudo.com.mx\/wp-content\/uploads\/2022\/10\/P-OLIMPIADAS-TUXPAN-3-1024x573.png\" alt=\"\" width=\"800\" height=\"448\" \/><\/p>\n<p>&nbsp;<\/p>\n<p class=\"p1\"><span style=\"font-size: 14pt;\">El exfutbolista profesional Israel \u201cEl Chino\u201d Pulido Zavala; el boxeador tuxpe\u00f1o y seleccionado nacional Pedro Iv\u00e1n Quintal Sequera e Itzel Meza Flores, destacada deportista del canotaje. <\/span><\/p>\n<p class=\"p1\"><span style=\"font-size: 18pt;\"><strong>Luego de presentar a los deportistas de las disciplinas de Ajedrez, Atletismo, Basquetbol, Box, Canotaje, Ciclismo, Futbol, Tae Kwon Do y Voleibol; Manuel Cortina Mart\u00ednez dio la bienvenida a los asistentes y se\u00f1al\u00f3 que es un honor dar inicio al proceso selectivo para conformar el equipo que representar\u00e1 a Tuxpan en las diferentes etapas para llegar a los Juegos Conade 2023.<\/strong><\/span><\/p>\n<p>&nbsp;<\/p>\n<p><img loading=\"lazy\" decoding=\"async\" class=\"aligncenter wp-image-12051 size-large\" src=\"https:\/\/politicosaldesnudo.com.mx\/wp-content\/uploads\/2022\/10\/P-OLIMPIADAS-TUXPAN-4-1024x573.png\" alt=\"\" width=\"800\" height=\"448\" \/><\/p>\n<p>&nbsp;<\/p>\n<p class=\"p1\"><span style=\"font-size: 18pt;\"><strong>De la misma manera, reconoci\u00f3 el trabajo que han realizado los entrenadores de cada una de las disciplinas, as\u00ed como el apoyo incondicional por parte de las familias de los deportistas.<\/strong><\/span><\/p>\n<p>&nbsp;<\/p>\n<p><img loading=\"lazy\" decoding=\"async\" class=\"aligncenter wp-image-12052 size-large\" src=\"https:\/\/politicosaldesnudo.com.mx\/wp-content\/uploads\/2022\/10\/P-OLIMPIADAS-TUXPAN-5-1024x573.png\" alt=\"\" width=\"800\" height=\"448\" \/><\/p>\n<p>&nbsp;<\/p>\n<blockquote>\n<p class=\"p1\"><span style=\"font-size: 14pt;\">El boxeador Pedro Quintal exhort\u00f3 a los competidores a no rendirse y tener siempre presente sus sue\u00f1os, \u201cporque al final lo que importa es qu\u00e9 tan dispuesto est\u00e9s a hacer sacrificios para lograr tus metas\u201d<\/span><\/p>\n<\/blockquote>\n<p>&nbsp;<\/p>\n<p class=\"p1\"><span style=\"font-size: 18pt;\"><strong>En su mensaje, Miguel Mart\u00edn L\u00f3pez, director de Servicios Municipales, destac\u00f3 que el actual gobierno municipal a trav\u00e9s del impulso que se les ha dado a las diferentes disciplinas que se practican en Tuxpan, ha demostrado la importancia de adoptar el deporte como una forma de vida para crear mejores ciudadanos.<\/strong><\/span><\/p>\n<p class=\"p1\"><span style=\"font-size: 14pt;\">Durante el acto inaugural tambi\u00e9n se realiz\u00f3 un reconocimiento a Israel Pulido por su destacada trayectoria dentro del futbol mexicano.<\/span><\/p>\n<p>&nbsp;<\/p>\n<p><img loading=\"lazy\" decoding=\"async\" class=\"aligncenter wp-image-12049 size-large\" src=\"https:\/\/politicosaldesnudo.com.mx\/wp-content\/uploads\/2022\/10\/P-OLIMPIADAS-TUXPAN-2-1024x573.png\" alt=\"\" width=\"800\" height=\"448\" \/><\/p>\n<p>&nbsp;<\/p>\n<p>&nbsp;<\/p>\n<p>&nbsp;<\/p>\n<p>&nbsp;<\/p>\n<p>&nbsp;<\/p>\n<p>&nbsp;<\/p>\n<p>&nbsp;<\/p>\n","protected":false},"excerpt":{"rendered":"<p>&nbsp; TUXPAN, VERACRUZ. La Comisi\u00f3n Municipal del Deporte (Comude) inaugur\u00f3 las Olimpiadas Municipales 2022 mediante las cuales se seleccionar\u00e1 a<\/p>\n","protected":false},"author":4,"featured_media":9584,"comment_status":"closed","ping_status":"closed","sticky":false,"template":"","format":"standard","meta":{"colormag_page_container_layout":"default_layout","colormag_page_sidebar_layout":"default_layout","_jetpack_memberships_contains_paid_content":false,"footnotes":"","jetpack_publicize_message":"","jetpack_publicize_feature_enabled":true,"jetpack_social_post_already_shared":true,"jetpack_social_options":{"image_generator_settings":{"template":"highway","default_image_id":0,"font":"","enabled":false},"version":2}},"categories":[145],"tags":[1623,1622,72,73],"class_list":["post-9583","post","type-post","status-publish","format-standard","has-post-thumbnail","hentry","category-estados","tag-comude","tag-olimpiadas","tag-tuxpan","tag-veracruz"],"jetpack_publicize_connections":[],"jetpack_featured_media_url":"https:\/\/noticiasveracruz.com\/wp-content\/uploads\/2022\/10\/P-OLIMPIADAS-TUXPAN-1.png","jetpack_sharing_enabled":true,"publishpress_future_action":{"enabled":false,"date":"2026-05-05 13:38:24","action":"change-status","newStatus":"draft","terms":[],"taxonomy":"category","extraData":[]},"publishpress_future_workflow_manual_trigger":{"enabledWorkflows":[]},"_links":{"self":[{"href":"https:\/\/noticiasveracruz.com\/index.php\/wp-json\/wp\/v2\/posts\/9583","targetHints":{"allow":["GET"]}}],"collection":[{"href":"https:\/\/noticiasveracruz.com\/index.php\/wp-json\/wp\/v2\/posts"}],"about":[{"href":"https:\/\/noticiasveracruz.com\/index.php\/wp-json\/wp\/v2\/types\/post"}],"author":[{"embeddable":true,"href":"https:\/\/noticiasveracruz.com\/index.php\/wp-json\/wp\/v2\/users\/4"}],"replies":[{"embeddable":true,"href":"https:\/\/noticiasveracruz.com\/index.php\/wp-json\/wp\/v2\/comments?post=9583"}],"version-history":[{"count":0,"href":"https:\/\/noticiasveracruz.com\/index.php\/wp-json\/wp\/v2\/posts\/9583\/revisions"}],"wp:featuredmedia":[{"embeddable":true,"href":"https:\/\/noticiasveracruz.com\/index.php\/wp-json\/wp\/v2\/media\/9584"}],"wp:attachment":[{"href":"https:\/\/noticiasveracruz.com\/index.php\/wp-json\/wp\/v2\/media?parent=9583"}],"wp:term":[{"taxonomy":"category","embeddable":true,"href":"https:\/\/noticiasveracruz.com\/index.php\/wp-json\/wp\/v2\/categories?post=9583"},{"taxonomy":"post_tag","embeddable":true,"href":"https:\/\/noticiasveracruz.com\/index.php\/wp-json\/wp\/v2\/tags?post=9583"}],"curies":[{"name":"wp","href":"https:\/\/api.w.org\/{rel}","templated":true}]}}