{"id":9557,"date":"2022-10-31T02:59:23","date_gmt":"2022-10-31T08:59:23","guid":{"rendered":"https:\/\/noticiasveracruz.com\/?p=9557"},"modified":"2022-10-31T02:59:23","modified_gmt":"2022-10-31T08:59:23","slug":"la-derecha-retrocede-gana-lula-en-brasil","status":"publish","type":"post","link":"https:\/\/noticiasveracruz.com\/index.php\/2022\/10\/31\/la-derecha-retrocede-gana-lula-en-brasil\/","title":{"rendered":"La derecha retrocede, gana Lula en Brasil"},"content":{"rendered":"<p class=\"p1\">\n<p>&nbsp;<\/p>\n<p class=\"p1\"><span style=\"font-size: 18pt;\"><b>&lt;&lt; A pesar de tener a los medios en contra la victoria es incuestionable por los conservadores de ese pa\u00eds &gt;&gt;<\/b><\/span><\/p>\n<p>&nbsp;<\/p>\n<p class=\"p1\"><span style=\"font-size: 18pt;\"><b>Por \u00c1ngel \u00c1lvaro Pe\u00f1a<\/b><\/span><\/p>\n<p class=\"p1\"><span style=\"font-size: 18pt;\"><strong>La victoria del obrero metal\u00fargico, hijo de padres analfabetas, marca una parte de la historia del continente que debe tomarse muy en cuenta, porque, como sucede en M\u00e9xico, toda la campa\u00f1a se mantuvo una f\u00e9rrea difusi\u00f3n de mentiras para desgastar la imagen de Luiz Inacio Lula da Silva, a grado tal que se aseguraba que de triunfar Lula cerrar\u00eda las iglesias. <span style=\"color: #e42d33;\">A pesar del absurdo, hubo quien les crey\u00f3, tal y como sucede en M\u00e9xico.<\/span><\/strong><\/span><\/p>\n<p>&nbsp;<\/p>\n<p><img loading=\"lazy\" decoding=\"async\" class=\"aligncenter wp-image-12019 size-large\" src=\"https:\/\/politicosaldesnudo.com.mx\/wp-content\/uploads\/2022\/10\/P-BRASIL-LULA-4-1024x573.png\" alt=\"\" width=\"800\" height=\"448\" \/><\/p>\n<p>&nbsp;<\/p>\n<p class=\"p1\"><span style=\"font-size: 18pt;\"><strong><span style=\"color: #e42d33;\">La intensa campa\u00f1a de mentiras de los medios debe tomarse en cuenta ante estas aparentes competencias cerradas, porque de no existir esas Fake News en los medios convencionales de Brasil<\/span>, que infund\u00edan miedo, la victoria del Partido del Trabajo hubiera sido no s\u00f3lo mayor sino libre de temores.<\/strong><\/span><\/p>\n<p class=\"p1\"><span style=\"font-size: 14pt;\">Las empresas de medios est\u00e1n \u00edntimamente relacionadas con los empresarios de dentro y fuera de Brasil. Las propias transnacionales de la informaci\u00f3n est\u00e1n totalmente instaladas en Am\u00e9rica Latina, donde, por muchos a\u00f1os, mantuvieron al pueblo enga\u00f1ado.<\/span><\/p>\n<p class=\"p1\"><span style=\"font-size: 18pt;\"><strong>As\u00ed, con el triunfo de Luiz Inacio Lula se rebasa el 86% de la poblaci\u00f3n de Am\u00e9rica Latina y el Caribe gobernada por reg\u00edmenes que no son de derecha.<\/strong><\/span><\/p>\n<p class=\"p1\"><span style=\"font-size: 18pt; color: #e42d33;\"><strong>Estamos hablando de 569 millones de personas. Desde luego que no faltar\u00e1n quienes endilguen adjetivos a estos sistemas de gobierno que por su novedosa y creativa incursi\u00f3n en las administraciones p\u00fablicas del continente no saben qu\u00e9 calificativo ponerle.<\/strong><\/span><\/p>\n<p class=\"p1\"><span style=\"font-size: 14pt;\">Los medios convencionales dentro y fuera de Brasil, tratan de hacer ver en el tercer periodo de gobierno de Lula da Silva, una especie de reelecci\u00f3n como si se tratara de un hecho antidemocr\u00e1tico y as\u00ed descalificar su triunfo.<\/span><\/p>\n<p>&nbsp;<\/p>\n<p><img loading=\"lazy\" decoding=\"async\" class=\"aligncenter wp-image-12018 size-large\" src=\"https:\/\/politicosaldesnudo.com.mx\/wp-content\/uploads\/2022\/10\/P-BRASIL-LULA-2-1024x573.png\" alt=\"\" width=\"800\" height=\"448\" \/><\/p>\n<p>&nbsp;<\/p>\n<p class=\"p1\"><span style=\"font-size: 18pt; color: #e42d33;\"><b>LA DERECHA MUERTA<\/b><\/span><\/p>\n<p class=\"p1\"><span style=\"font-size: 14pt;\">La derecha es un sector de la poblaci\u00f3n que se parece en todo el mundo, su desprecio por la cultura y la historia nacional, regional y universal, es tan grande que lleg\u00f3 el momento en el que desconocen c\u00f3mo puede llamarse un r\u00e9gimen como el de Lula o el de Alberto Fern\u00e1ndez, en Argentina o Gustavo Petro, en Colombia. Lo cierto es que la pobreza no la produjeron los actuales reg\u00edmenes y es con los pobres con los que se ganan las elecciones democr\u00e1ticas.<\/span><\/p>\n<p class=\"p1\"><span style=\"font-size: 18pt;\"><strong>Las tres econom\u00edas m\u00e1s grandes de Am\u00e9rica Latina est\u00e1n en manos de sus pueblos. Argentina, Brasil y M\u00e9xico escogieron su propio camino dejando atr\u00e1s y para no volver a repetir los errores del pasado Donde un grupo de privilegiados dominaba y enga\u00f1aba a las mayor\u00edas.<\/strong><\/span><\/p>\n<p class=\"p1\"><span style=\"font-size: 14pt;\">Lula fue presidente de 2003 a 2010, en ocho a\u00f1os o dos periodos, y su sucesora y correligionaria del Partido de los Trabajadores,\u00a0Dilma Rousseff, en un mandato completo y otro que fall\u00f3 en completar porque se le destituy\u00f3 a los 20 meses. Reelecta en 2014, fue sustituida por el Senado de Brasil en un ficticio l\u00edo pol\u00edtico y hacendario.<\/span><\/p>\n<p class=\"p1\"><span style=\"font-size: 18pt;\"><strong>Lula tambi\u00e9n venci\u00f3 en la primera ronda, el 2 de octubre anterior, pero sin el porcentaje de la mitad m\u00e1s uno de los votos.<\/strong><\/span><\/p>\n<p class=\"p1\"><span style=\"font-size: 14pt;\">Los delitos inventados por Sergio Moro, en su gesti\u00f3n como juez general inculp\u00f3 a Lula de corrupci\u00f3n, por la supuesta aceptaci\u00f3n de un departamento de inter\u00e9s social durante su gesti\u00f3n, acusaci\u00f3n que le sirvi\u00f3 para descarrilar la carrera pol\u00edtica del pr\u00f3ximo presidente de Brasil. Ahora Moro, convertido en Ministro de Justicia, amenaza con seguir desde la oposici\u00f3n su persecuci\u00f3n.<\/span><\/p>\n<p class=\"p1\"><span style=\"font-size: 18pt; color: #e42d33;\"><strong>Lula, de 77 a\u00f1os, asumir\u00e1 su cuatrienio el primero de enero de 2023 y podr\u00e1 reelegirse en 2026 y, con 81, jurar en 2027 para otro mandato de 48 meses. Brasil s\u00f3lo permite una \u00fanica reelecci\u00f3n seguida.<\/strong><\/span><\/p>\n<p class=\"p1\"><span style=\"font-size: 14pt;\">A Lula, L\u00f3pez Obrador y Fern\u00e1ndez se a\u00f1aden otros l\u00edderes del continente como\u00a0Miguel D\u00edaz-Canel, de Cuba, Gustavo Petro, de Colombia, Nicol\u00e1s Maduro, de Venezuela, Gabriel Boric, de Chile, Pedro Castillo, de Per\u00fa, Luis Arce, de Bolivia, Daniel Ortega, de Nicaragua, Xiomara Castro, de Honduras, y Mohamed Irfaan Ali, de Guyana, y el primer ministro de San Vicente y las Granadinas, Ralph Gonsalves.<\/span><\/p>\n<p class=\"p1\"><span style=\"font-size: 14pt;\">En un rinc\u00f3n de centro y centroderecha quedar\u00e1n los mandatarios Rodrigo Chaves, de Costa Rica, Luis Lacalle, de Uruguay, Guillermo Lasso, de Ecuador, Laurentino Cortizo, de Panam\u00e1, Luis Abinader, de Rep\u00fablica Dominicana, y Mario Abd\u00f3, de Paraguay. Desde la actual perspectiva no es dif\u00edcil anunciar que de estos pa\u00edses por lo menos en Uruguay, Paraguay y Rep\u00fablica Dominicana regresar\u00e1 la izquierda a gobernar, principalmente por la represi\u00f3n que sus gobiernos ejercen contra la poblaci\u00f3n.<\/span><\/p>\n<p class=\"p1\"><span style=\"font-size: 14pt;\">En la centroizquierda del subcontinente se encuentran John Brice\u00f1o, de Belice, Andrew Holness, de Jamaica, Keith Rowley, de Trinidad y Tobago, Roosevelt Skerrit, de Dominica, Philip Davis, de Bahamas, Gaston Browne, de Antigua y Barbuda, Mia Mottley, de Barbados, Philip J. Pierre, de Santa Luc\u00eda, Tarrance Drew, de San Crist\u00f3bal y Nieves, y Dickon Mitchell, de Grabad, y el presidente de Surinam, Chan Santokih.<\/span><\/p>\n<p class=\"p1\"><span style=\"font-size: 14pt;\">Es innegable la recuperaci\u00f3n de Am\u00e9rica Latina, incluso de Venezuela, pa\u00eds al que dec\u00edan perdido en su econom\u00eda, porque, a pesar del bloqueo que vive ese pa\u00eds, muy similar al que padece Cuba, logr\u00f3\u00a0crecer en el primer semestre de este a\u00f1o,12.3 por ciento, en su Producto Bruto Interno.<\/span><\/p>\n<p>&nbsp;<\/p>\n<p><img loading=\"lazy\" decoding=\"async\" class=\"aligncenter wp-image-12017 size-large\" src=\"https:\/\/politicosaldesnudo.com.mx\/wp-content\/uploads\/2022\/10\/P-BRASIL-LULA-1-1024x573.png\" alt=\"\" width=\"800\" height=\"448\" \/><\/p>\n<p>&nbsp;<\/p>\n<p class=\"p3\"><span style=\"font-size: 18pt; color: #e42d33;\"><b>EL CRECIMIENTO<\/b><\/span><\/p>\n<p class=\"p1\"><span style=\"font-size: 18pt;\"><strong>Entre instituciones y expertos en econom\u00eda existe un consenso casi un\u00e1nime en torno a la posibilidad de que la econom\u00eda venezolana seguir\u00e1 creciendo en 2022.<\/strong><\/span><\/p>\n<p class=\"p1\"><span style=\"font-size: 14pt;\">Poco a poco, pero constantemente la recuperaci\u00f3n de las econom\u00edas que eran satanizadas por los medios convencionales y los poderosos de costumbre, empiezan a quedarse sin argumentos a la hora de ver la realidad de pa\u00edses que, a pesar de bloqueos y sanciones, siguen creciendo, en muchos casos m\u00e1s que los pa\u00edses que en alg\u00fan momento fueron poderosos. Un ejemplo de ello es Alemania, que se proyecta como una colonia estadounidense con una econom\u00eda en quiebra y una inflaci\u00f3n de m\u00e1s del 10 por ciento sin precedente en su historia.<\/span><\/p>\n<p class=\"p1\"><span style=\"font-size: 18pt;\"><strong>El caso de M\u00e9xico es muy sintom\u00e1tico porque pasa a ser la econom\u00eda n\u00famero 15 del mundo y deja en el lugar 16 a Espa\u00f1a. El FMI prev\u00e9 que el\u00a0valor de la econom\u00eda mexicana ser\u00e1 de 1.42 billones\u00a0de d\u00f3lares\u00a0este a\u00f1o, mientras la espa\u00f1ola valdr\u00e1 1.39 billones. As\u00ed,\u00a0los bienes y servicios que va a producir M\u00e9xico a lo largo de 2022 ser\u00e1n m\u00e1s valorados por el\u00a0mercado que los generados por el pa\u00eds europeo.<\/strong><\/span><\/p>\n<p class=\"p1\"><span style=\"font-size: 14pt;\">Por otra parte, las exportaciones de M\u00e9xico rompieron r\u00e9cord en su historia al llegar a los 51 mil 449.8 millones de d\u00f3lares, lo que significa un crecimiento de 4.98 por ciento y desmiente las versiones de la oposici\u00f3n que asegura que la econom\u00eda de M\u00e9xico est\u00e1 castigada y que retrocede.<\/span><\/p>\n<p class=\"p1\"><span style=\"font-size: 18pt; color: #e42d33;\"><strong>La llegada de Lula da Silva a la presidencia de Brasil, crea expectativas para los reg\u00edmenes populares, democr\u00e1ticos y progresistas, pero encienden los focos rojos de una derecha radicalizada ante las constantes derrotas electorales en esta parte del planeta.<\/strong><\/span><\/p>\n","protected":false},"excerpt":{"rendered":"<p>&nbsp; &lt;&lt; A pesar de tener a los medios en contra la victoria es incuestionable por los conservadores de ese<\/p>\n","protected":false},"author":4,"featured_media":9561,"comment_status":"closed","ping_status":"closed","sticky":false,"template":"","format":"standard","meta":{"colormag_page_container_layout":"default_layout","colormag_page_sidebar_layout":"default_layout","_jetpack_memberships_contains_paid_content":false,"footnotes":"","jetpack_publicize_message":"","jetpack_publicize_feature_enabled":true,"jetpack_social_post_already_shared":true,"jetpack_social_options":{"image_generator_settings":{"template":"highway","default_image_id":0,"font":"","enabled":false},"version":2}},"categories":[4],"tags":[765,253,1076,1619,254],"class_list":["post-9557","post","type-post","status-publish","format-standard","has-post-thumbnail","hentry","category-nacional","tag-america-latina","tag-brasil","tag-lula-da-silva","tag-partido-del-trabajo","tag-presidente"],"jetpack_publicize_connections":[],"jetpack_featured_media_url":"https:\/\/noticiasveracruz.com\/wp-content\/uploads\/2022\/10\/P-BRASIL-LULA-5.png","jetpack_sharing_enabled":true,"publishpress_future_action":{"enabled":false,"date":"2026-05-07 09:31:15","action":"change-status","newStatus":"draft","terms":[],"taxonomy":"category","extraData":[]},"publishpress_future_workflow_manual_trigger":{"enabledWorkflows":[]},"_links":{"self":[{"href":"https:\/\/noticiasveracruz.com\/index.php\/wp-json\/wp\/v2\/posts\/9557","targetHints":{"allow":["GET"]}}],"collection":[{"href":"https:\/\/noticiasveracruz.com\/index.php\/wp-json\/wp\/v2\/posts"}],"about":[{"href":"https:\/\/noticiasveracruz.com\/index.php\/wp-json\/wp\/v2\/types\/post"}],"author":[{"embeddable":true,"href":"https:\/\/noticiasveracruz.com\/index.php\/wp-json\/wp\/v2\/users\/4"}],"replies":[{"embeddable":true,"href":"https:\/\/noticiasveracruz.com\/index.php\/wp-json\/wp\/v2\/comments?post=9557"}],"version-history":[{"count":0,"href":"https:\/\/noticiasveracruz.com\/index.php\/wp-json\/wp\/v2\/posts\/9557\/revisions"}],"wp:featuredmedia":[{"embeddable":true,"href":"https:\/\/noticiasveracruz.com\/index.php\/wp-json\/wp\/v2\/media\/9561"}],"wp:attachment":[{"href":"https:\/\/noticiasveracruz.com\/index.php\/wp-json\/wp\/v2\/media?parent=9557"}],"wp:term":[{"taxonomy":"category","embeddable":true,"href":"https:\/\/noticiasveracruz.com\/index.php\/wp-json\/wp\/v2\/categories?post=9557"},{"taxonomy":"post_tag","embeddable":true,"href":"https:\/\/noticiasveracruz.com\/index.php\/wp-json\/wp\/v2\/tags?post=9557"}],"curies":[{"name":"wp","href":"https:\/\/api.w.org\/{rel}","templated":true}]}}