{"id":9555,"date":"2022-10-31T02:47:25","date_gmt":"2022-10-31T08:47:25","guid":{"rendered":"https:\/\/noticiasveracruz.com\/?p=9555"},"modified":"2022-10-31T02:47:25","modified_gmt":"2022-10-31T08:47:25","slug":"salinas-se-rinde-ante-la-corona","status":"publish","type":"post","link":"https:\/\/noticiasveracruz.com\/index.php\/2022\/10\/31\/salinas-se-rinde-ante-la-corona\/","title":{"rendered":"Salinas se rinde ante la corona"},"content":{"rendered":"<p>&nbsp;<\/p>\n<p class=\"p1\">\n<p class=\"p1\"><span style=\"font-size: 18pt;\"><b>Por \u00c1ngel \u00c1lvaro Pe\u00f1a<\/b><\/span><\/p>\n<p class=\"p1\"><span style=\"font-size: 14pt;\">Los mejores presidentes que ha tenido M\u00e9xico se han caracterizado por su patriotismo, por su amor a nuestras ra\u00edces, por el orgullo de nuestra cultura. Los peores han, incluso, despreciado su origen y s\u00f3lo esperan el \u00faltimo d\u00eda de su mandato para salir del pa\u00eds, aunque algunos, aseguran, que no se van, huyen.<\/span><\/p>\n<p class=\"p1\"><span style=\"font-size: 18pt;\"><strong>La necesidad de alcanzar la impunidad no s\u00f3lo incluye ahora la huida del territorio nacional, recordaremos que Salinas vivi\u00f3 por muchos a\u00f1os en Irlanda y era com\u00fan verlo en Espa\u00f1a, pues ahora este pa\u00eds fue el elegido para convertirse en ciudadano espa\u00f1ol argumentando:\u00a0<span style=\"color: #e42d33;\">\u201cDe mis motivaciones personales, baste mencionar que estas son de orden geneal\u00f3gico, afectivo y de congruencia con una visi\u00f3n moderna de las interrelaciones compartidas entre naciones y nacionalidades; de orgullo por nuestras ra\u00edces, m\u00faltiples y diversas. Se trata, al final del d\u00eda, de un derecho de los mexicanos, para cuyo ejercicio, como el de cualquier otro derecho de nueva generaci\u00f3n, no se requiere acreditar ninguna justificaci\u00f3n\u201d.<\/span><\/strong><\/span><\/p>\n<p class=\"p1\"><span style=\"font-size: 14pt;\">La v\u00eda por la que opt\u00f3 el expresidente de M\u00e9xico es una de las m\u00e1s f\u00e1ciles para obtener la ciudadan\u00eda espa\u00f1ola. En 2015 cuando el gobierno espa\u00f1ol cre\u00f3 una legislaci\u00f3n en la que permite obtener el pasaporte si se demuestra que sus antepasados fueron algunos de los miles de jud\u00edos expulsados de la Pen\u00ednsula Ib\u00e9rica en el siglo XV, adem\u00e1s de su especial vinculaci\u00f3n con Espa\u00f1a, el expresidente solicit\u00f3 este cambio de piel.<\/span><\/p>\n<p class=\"p1\"><span style=\"font-size: 14pt;\">La creencia conservadora acerca de que los conquistadores son m\u00e1s poderosos, que son seres superiores, sigue prevalencia en algunas mentes d\u00e9biles que a\u00f1oran ser dominados.<\/span><\/p>\n<p>&nbsp;<\/p>\n<p><img loading=\"lazy\" decoding=\"async\" class=\"aligncenter wp-image-12013 size-large\" src=\"https:\/\/politicosaldesnudo.com.mx\/wp-content\/uploads\/2022\/10\/P-BISAGRA-SALINAS-1-1024x573.png\" alt=\"\" width=\"800\" height=\"448\" \/><\/p>\n<p>&nbsp;<\/p>\n<p>&nbsp;<\/p>\n<p class=\"p1\"><span style=\"font-size: 18pt; color: #e42d33;\"><b>LA LLEGADA DE SALINAS<\/b><\/span><\/p>\n<p class=\"p1\"><span style=\"font-size: 14pt;\">Carlos Salinas de Gortari cre\u00f3 muchas expectativas desde el inicio de su mandato a pesar de que su llegada a la Presidencia de la Rep\u00fablica fue muy cuestionada, el presunto fraude electoral fue declarado por el resto de los partidos pol\u00edticos diferentes al PRI, desde el PAN hasta el frente democr\u00e1tico y gobern\u00f3 con la poblaci\u00f3n en contra. Es decir, nunca hubo la posibilidad de di\u00e1logo entre el mandatario y los mexicanos, tal vez por ello actu\u00f3 como mejor le vino en gana y subast\u00f3 el pa\u00eds como si se tratara de una venta de bazar.<\/span><\/p>\n<p class=\"p1\"><span style=\"font-size: 18pt;\"><strong><span style=\"color: #e42d33;\">El Fobaproa<\/span>, creada menos de dos a\u00f1os de iniciar su gobierno, que se le atribuye com\u00fanmente a <span style=\"color: #e42d33;\">Ernesto Zedillo fue creado por Salinas, aunque quien lo instrument\u00f3 fue Carlos Salinas, as\u00ed,\u00a0el 55% de la deuda cubierta por este fondo estuvo destinada a empresarios y banqueros prominentes, amigos del presidente y sus amigos.<\/span> La deuda privada la convirti\u00f3 en deuda p\u00fablica que los mexicanos tenemos m\u00e1s de 30 a\u00f1os pagando y todav\u00eda no falta medio siglo para liquidarla.<\/strong><\/span><\/p>\n<p class=\"p1\"><span style=\"font-size: 14pt;\">Salinas tambi\u00e9n reform\u00f3 la Constituci\u00f3n, sin el correspondiente drama que ahora vemos en un a oposici\u00f3n tambi\u00e9n ap\u00e1trida, como el que sufri\u00f3 el Art\u00edculo 3\u00ba Constitucional, relativo a la Educaci\u00f3n, haciendo del derecho a esta ense\u00f1anza una mercanc\u00eda ponderando y subsidiando la educaci\u00f3n privada.<\/span><\/p>\n<p class=\"p1\"><span style=\"font-size: 14pt;\">Durante el gobierno de Carlos Salinas de Gortari se privatizaron las empresas paraestatales Tel\u00e9fonos de M\u00e9xico, Altos Hornos de M\u00e9xico, Mexicana de Aviaci\u00f3n y Aeronaves de M\u00e9xico, se vendieron 18 bancos, entre ellos Banamex, Bancomer, Serf\u00edn, Comermex y Somex.<\/span><\/p>\n<p class=\"p1\"><span style=\"font-size: 18pt;\"><strong>De las 1,115 empresas que ten\u00eda el Estado en 1982, solo quedaron 203 en 1999. La reducci\u00f3n del tama\u00f1o del Estado tambi\u00e9n fue una condici\u00f3n para entrar en el Tratado de Libre Comercio de Am\u00e9rica del Norte y parte de los compromisos adquiridos ante el Fondo Monetario Internacional durante las crisis de los a\u00f1os 80.<\/strong><\/span><\/p>\n<p class=\"p1\"><span style=\"font-size: 14pt;\">El tratado comercial fue firmado por los presidentes de M\u00e9xico, Carlos Salinas de Gortari; Estados Unidos, George Bush, empresario de la gasolina, y el primer ministro de Canad\u00e1, Brian Mulroney, entr\u00f3 en vigor el 1 de enero de 1994 en condiciones desfavorables para M\u00e9xico.<\/span><\/p>\n<p>&nbsp;<\/p>\n<p><img loading=\"lazy\" decoding=\"async\" class=\"aligncenter wp-image-12014 size-large\" src=\"https:\/\/politicosaldesnudo.com.mx\/wp-content\/uploads\/2022\/10\/P-ZEDILLO-SALINAS-1024x573.png\" alt=\"\" width=\"800\" height=\"448\" \/><\/p>\n<p>&nbsp;<\/p>\n<p class=\"p1\"><span style=\"font-size: 18pt; color: #e42d33;\"><b>M\u00c1S REFORMAS <\/b><\/span><\/p>\n<p class=\"p1\"><span style=\"font-size: 14pt;\">Las reformas al Art\u00edculo 27 Constitucional, ideado tras la Revoluci\u00f3n Mexicana para llevar a cabo el reparto agrario, fue reformado bajo la iniciativa de Carlos Salinas de Gortari, en 1992, poniendo fin a uno de los grandes logros de la Revoluci\u00f3n.<\/span><\/p>\n<p class=\"p1\"><span style=\"font-size: 14pt;\">El 23 de marzo de 1994, a u os meses de dejar su mandato, el candidato a la presidencia del PRI, Luis Donaldo Colosio, fue asesinado en Tijuana, Baja California, durante un evento de campa\u00f1a.<\/span><\/p>\n<p class=\"p1\"><span style=\"font-size: 18pt;\"><strong>Carlos Salinas de Gortari atribuy\u00f3 al gobierno de su sucesor, Ernesto Zedillo, el inicio de la crisis que a la postre fue conocida con el nombre de Efecto Tequila. Salinas denomin\u00f3 a esto el \u201cerror de diciembre\u201d, que arroj\u00f3 una devaluaci\u00f3n del 15%.<\/strong><\/span><\/p>\n<p class=\"p1\"><span style=\"font-size: 14pt;\">La informaci\u00f3n se difundi\u00f3 y hubo una inmediata fuga de capitales que, al no poder sostenerse, termin\u00f3 con la libre flotaci\u00f3n del tipo de cambio. Esto acrecent\u00f3 la devaluaci\u00f3n. Estados Unidos intervino con un pr\u00e9stamo para M\u00e9xico de 20,000 millones de d\u00f3lares, pero bajo la condici\u00f3n de elevar la tasa de inter\u00e9s.<\/span><\/p>\n<p class=\"p1\"><span style=\"font-size: 18pt; color: #e42d33;\"><strong>La devaluaci\u00f3n m\u00e1s la subida de las tasas de inter\u00e9s en los bancos dejaron a miles de empresas y familias en la bancarrota y con deudas impagables.<\/strong><\/span><\/p>\n<p class=\"p1\"><span style=\"font-size: 14pt;\">La crisis que result\u00f3 es una de las peores en la historia econ\u00f3mica de M\u00e9xico, el PIB se contrajo m\u00e1s del 6%, la pobreza y el desempleo crecieron a niveles de los que el pa\u00eds no pudo recuperarse de inmediato y el efecto financiero se extendi\u00f3 a otros pa\u00edses: El efecto Tequila oblig\u00f3 a colocarle tres ceros a la moneda, lo cual hablaba de una devaluaci\u00f3n sin precedente en la historia de M\u00e9xico.<\/span><\/p>\n<p class=\"p1\"><span style=\"font-size: 18pt;\"><strong>Pocos presidentes de M\u00e9xico dejaron el poder con una serie de especulaciones y rumores sobre su actuaci\u00f3n, en el caso de Carlos Salinas se le sigue nombrando como un sospechoso de la muerte de Luis Donaldo Colosio, de ser el instrumentador de la revuelta en Chiapas con el EZLN, de orquestar un fraude electoral de magnitudes extraordinarias.<\/strong><\/span><\/p>\n<p class=\"p1\"><span style=\"font-size: 14pt;\">Salinas es mexicano vergonzante, con gusto dejar\u00eda de serlo. Las dudas sobre su criminalidad se las lleva a Espa\u00f1a y todo hace suponer que no regresar\u00e1 a M\u00e9xico por su propia seguridad, ay que en caso de ser investigado podr\u00eda ser enjuiciado, a pesar d estar estrenando nacionalidad.<\/span><\/p>\n<p>&nbsp;<\/p>\n<p class=\"p1\"><span style=\"font-size: 18pt; color: #e42d33;\"><b>PEGA Y CORRE<\/b><\/span><\/p>\n<p class=\"p1\"><span style=\"font-size: 14pt;\">Los defensores espont\u00e1neos de Monreal parecen hundirlo cada d\u00eda m\u00e1s. Con defenderlo lo descubren y al justificarlo lo definen.<\/span><\/p>\n<p>&nbsp;<\/p>\n<p>&nbsp;<\/p>\n<p class=\"p1\"><span style=\"font-size: 18pt;\"><strong>Esta columna se publica los lunes, mi\u00e9rcoles y viernes<\/strong><\/span><\/p>\n<p>&nbsp;<\/p>\n<p><span style=\"font-size: 18pt; color: #e42d33;\"><em><strong>**Las columnas firmadas en este medio son responsabilidad de quienes las firman**<\/strong><\/em><\/span><\/p>\n<p>&nbsp;<\/p>\n<p>&nbsp;<\/p>\n","protected":false},"excerpt":{"rendered":"<p>&nbsp; Por \u00c1ngel \u00c1lvaro Pe\u00f1a Los mejores presidentes que ha tenido M\u00e9xico se han caracterizado por su patriotismo, por su<\/p>\n","protected":false},"author":4,"featured_media":3187,"comment_status":"closed","ping_status":"closed","sticky":false,"template":"","format":"standard","meta":{"colormag_page_container_layout":"default_layout","colormag_page_sidebar_layout":"default_layout","_jetpack_memberships_contains_paid_content":false,"footnotes":"","jetpack_publicize_message":"","jetpack_publicize_feature_enabled":true,"jetpack_social_post_already_shared":true,"jetpack_social_options":{"image_generator_settings":{"template":"highway","default_image_id":0,"font":"","enabled":false},"version":2}},"categories":[6],"tags":[1617,768,1618,31,748],"class_list":["post-9555","post","type-post","status-publish","format-standard","has-post-thumbnail","hentry","category-columnistas","tag-carlos-salinas-de-gortari","tag-deuda","tag-ernesto-zedillo","tag-mexico","tag-tratado-de-libre-comercio"],"jetpack_publicize_connections":[],"jetpack_featured_media_url":"https:\/\/noticiasveracruz.com\/wp-content\/uploads\/2022\/04\/A\u0301NGEL-A\u0301LVARO-PEN\u0303A.png","jetpack_sharing_enabled":true,"publishpress_future_action":{"enabled":false,"date":"2026-05-07 10:10:07","action":"change-status","newStatus":"draft","terms":[],"taxonomy":"category","extraData":[]},"publishpress_future_workflow_manual_trigger":{"enabledWorkflows":[]},"_links":{"self":[{"href":"https:\/\/noticiasveracruz.com\/index.php\/wp-json\/wp\/v2\/posts\/9555","targetHints":{"allow":["GET"]}}],"collection":[{"href":"https:\/\/noticiasveracruz.com\/index.php\/wp-json\/wp\/v2\/posts"}],"about":[{"href":"https:\/\/noticiasveracruz.com\/index.php\/wp-json\/wp\/v2\/types\/post"}],"author":[{"embeddable":true,"href":"https:\/\/noticiasveracruz.com\/index.php\/wp-json\/wp\/v2\/users\/4"}],"replies":[{"embeddable":true,"href":"https:\/\/noticiasveracruz.com\/index.php\/wp-json\/wp\/v2\/comments?post=9555"}],"version-history":[{"count":0,"href":"https:\/\/noticiasveracruz.com\/index.php\/wp-json\/wp\/v2\/posts\/9555\/revisions"}],"wp:featuredmedia":[{"embeddable":true,"href":"https:\/\/noticiasveracruz.com\/index.php\/wp-json\/wp\/v2\/media\/3187"}],"wp:attachment":[{"href":"https:\/\/noticiasveracruz.com\/index.php\/wp-json\/wp\/v2\/media?parent=9555"}],"wp:term":[{"taxonomy":"category","embeddable":true,"href":"https:\/\/noticiasveracruz.com\/index.php\/wp-json\/wp\/v2\/categories?post=9555"},{"taxonomy":"post_tag","embeddable":true,"href":"https:\/\/noticiasveracruz.com\/index.php\/wp-json\/wp\/v2\/tags?post=9555"}],"curies":[{"name":"wp","href":"https:\/\/api.w.org\/{rel}","templated":true}]}}