{"id":9553,"date":"2022-10-31T02:34:49","date_gmt":"2022-10-31T08:34:49","guid":{"rendered":"https:\/\/noticiasveracruz.com\/?p=9553"},"modified":"2022-10-31T02:34:49","modified_gmt":"2022-10-31T08:34:49","slug":"monreal-en-la-red","status":"publish","type":"post","link":"https:\/\/noticiasveracruz.com\/index.php\/2022\/10\/31\/monreal-en-la-red\/","title":{"rendered":"Monreal en la red"},"content":{"rendered":"<p class=\"p1\">\n<p>&nbsp;<\/p>\n<p class=\"p1\"><span style=\"font-size: 18pt;\"><b>Por Jos\u00e9 P\u00e1ramo Castro<\/b><\/span><\/p>\n<p class=\"p1\"><span style=\"font-size: 18pt;\"><strong>Dif\u00edcil saber c\u00f3mo Monreal le hace m\u00e1s da\u00f1o a Morena, si competir por este partido y tener una derrota segura, o convocar, desde otro partido a que voten por \u00e9l y crear una escisi\u00f3n que nunca hab\u00eda sucedido.<\/strong><\/span><\/p>\n<p class=\"p1\"><span style=\"font-size: 14pt;\">En el primero de los casos el da\u00f1o ser\u00eda muy grave; en el segundo afectar\u00eda medi\u00e1ticamente como una divisi\u00f3n que se magnificar\u00eda a los cuatro vientos para da\u00f1ar al partido en el poder. Es decir, la \u00fanica manera que tendr\u00eda Morena de perder las elecciones es teniendo a Monreal como candidato.<\/span><\/p>\n<p class=\"p1\"><span style=\"font-size: 18pt; color: #e42d33;\"><strong>Las simpat\u00edas con las que cuenta, que no son muchas, son pocas y de gente que surge con ciertos intereses de izquierda pero que de alguna manera considera que con su presencia en la presidencia regresar\u00edan algunos vicios que siempre han sido una tentaci\u00f3n para algunos.<\/strong><\/span><\/p>\n<p class=\"p1\"><span style=\"font-size: 14pt;\">Por otra parte, la divisi\u00f3n dentro de Morena no la hace Monreal afectando a la estructura sino a uno de los precandidatos con m\u00e1s fuerza que es Marcelo Ebrard, porque se difusi\u00f3n desde hace varios meses el hecho de que si el secretario de Relaciones Exteriores va a la Presidencia Monreal ir\u00eda a la Jefatura de gobierno de la Ciudad de M\u00e9xico.<\/span><\/p>\n<p class=\"p1\"><span style=\"font-size: 18pt;\"><strong>Adem\u00e1s, los nuevos elementos pol\u00edticos que aparecen apoyando a Monreal como Alejandro D\u00edaz Dur\u00e1n, un personaje m\u00e1s cercano a la paranoia que a la lucidez, son identificados alrededor de Marcelo y al seguir tratando de limpiar la imagen del zacatecano lo que har\u00e1n es afectara a Ebrard, quien considera que a pesar de la delantera que le llevan dos de sus contrincantes es tiempo de empezar a debatir con sus compa\u00f1eros de partido con tranquilidad y en paz.<\/strong><\/span><\/p>\n<p>&nbsp;<\/p>\n<p><img loading=\"lazy\" decoding=\"async\" class=\"aligncenter wp-image-12010 size-large\" src=\"https:\/\/politicosaldesnudo.com.mx\/wp-content\/uploads\/2022\/10\/P-MONREAL-1-1024x573.png\" alt=\"\" width=\"800\" height=\"448\" \/><\/p>\n<p>&nbsp;<\/p>\n<p class=\"p1\"><span style=\"font-size: 18pt; color: #e42d33;\"><b>PELEANDO POR LA PRESIDENCIA<\/b><\/span><\/p>\n<p class=\"p1\"><span style=\"font-size: 14pt;\">El aspecto beligerante de la lucha por la Presidencia de la Rep\u00fablica lo protagoniza quien menos posibilidades tiene de ganar, Ricardo Monreal, cuyas propuestas todav\u00eda se desconocen, s\u00f3lo sabemos que se dice capaz de estar preparado, lo cual deja mucho que desear como consigna a su favor.<\/span><\/p>\n<p class=\"p1\"><span style=\"font-size: 18pt;\"><strong>Monreal tiene pendientes muchas deudas con la sociedad, <span style=\"color: #e42d33;\">una de ellas fue el hecho de que se comprometi\u00f3 en Veracruz a defender a las personas acusadas de un delito que ya no existe llamado ultrajes a la autoridad, una vez que sali\u00f3 su gran amigo Jos\u00e9 Manuel del R\u00edo Virgen se olvid\u00f3 de m\u00e1s de 1,000 presos por ese motivo. <\/span>En otros estados prometi\u00f3 regresar para ver los problemas que se le plantearon y no ha regresado. Tiene a un sobrino acusado de matar a golpes a un joven y ni siquiera lo menciona.<\/strong><\/span><\/p>\n<p class=\"p1\"><span style=\"font-size: 14pt;\">Monreal no es muy querido ni cuanta con las simpat\u00edas que dice tener. Al llegar Ad\u00e1n Augusto a la carrera presidencial deja sin popularidad en las encuestas a Monreal, lo poco que ten\u00eda se le viene abajo. El secretario de Gobernaci\u00f3n es designado directamente por el Presidente, sin la decisi\u00f3n de L\u00f3pez Obrador Ad\u00e1n Augusto seguir\u00eda gobernando Tabasco.<\/span><\/p>\n<p class=\"p1\"><span style=\"font-size: 18pt;\"><strong>Las exposiciones mostradas por la gobernadora de Campeche, Layda Sansores, se produjeron luego de que ella trat\u00f3 de conversar con Monreal, seguramente condicionar\u00eda su permanencia en la contienda a cambio de no exhibirlo, Monreal lo sab\u00eda y nunca le contest\u00f3 el tel\u00e9fono. Es decir, Monreal se sabe afuera de la contienda y quiere llevarse entre las patas a otros, o a todos los que sea posible.<\/strong><\/span><\/p>\n<p class=\"p1\"><span style=\"font-size: 18pt; color: #e42d33;\"><strong>El pretexto de no salir de Morena por respeto al presidente habla de no tener un partido que lo cobije, est\u00e1 esperando que alguno de los partidos le abra la puerta pero nadie quiere arriesgarse a perder el registro con su candidatura.<\/strong><\/span><\/p>\n<p class=\"p1\"><span style=\"font-size: 14pt;\">Layda no act\u00faa por s\u00ed misma ser\u00eda ingenuo pensarlo. Est\u00e1 protegida desde los m\u00e1s altos niveles de la pol\u00edtica y no se atrever\u00eda a mover el tapete de la sucesi\u00f3n sin autorizaci\u00f3n superior. Hasta ahora se trata de un proceso movido con una precisi\u00f3n casi quir\u00fargica. Ante esta situaci\u00f3n desestabiliza a Monreal, quien no esconde amistades impresentables como Chumel, Alazraki, Alito Moreno, Sandra Cuevas, Silvano Aureoles, para fortalecerse ante los medios y aparece con cualquier pretexto, a pesar de que son personajes que combaten, a muerte, a la Cuarta Transformaci\u00f3n.<\/span><\/p>\n<p class=\"p1\"><span style=\"font-size: 14pt;\">La pelea por la sucesi\u00f3n comenz\u00f3, lo cual significa un descanso para el presidente, quien ha sido blanco de cuestionamientos constantes, todos los d\u00edas y a toda hora. Lo cierto es que Monreal est\u00e1 afuera de Morena y derrotado en las urnas.<\/span><\/p>\n<p>&nbsp;<\/p>\n<p><span style=\"font-size: 18pt; color: #e42d33;\"><em><strong>**Las columnas firmadas en este medio son responsabilidad de quienes las firman**<\/strong><\/em><\/span><\/p>\n<p>&nbsp;<\/p>\n<p>&nbsp;<\/p>\n<p>&nbsp;<\/p>\n","protected":false},"excerpt":{"rendered":"<p>&nbsp; Por Jos\u00e9 P\u00e1ramo Castro Dif\u00edcil saber c\u00f3mo Monreal le hace m\u00e1s da\u00f1o a Morena, si competir por este partido<\/p>\n","protected":false},"author":4,"featured_media":3569,"comment_status":"closed","ping_status":"closed","sticky":false,"template":"","format":"standard","meta":{"colormag_page_container_layout":"default_layout","colormag_page_sidebar_layout":"default_layout","_jetpack_memberships_contains_paid_content":false,"footnotes":"","jetpack_publicize_message":"","jetpack_publicize_feature_enabled":true,"jetpack_social_post_already_shared":true,"jetpack_social_options":{"image_generator_settings":{"template":"highway","default_image_id":0,"font":"","enabled":false},"version":2}},"categories":[6],"tags":[84,86],"class_list":["post-9553","post","type-post","status-publish","format-standard","has-post-thumbnail","hentry","category-columnistas","tag-morena","tag-ricardo-monreal"],"jetpack_publicize_connections":[],"jetpack_featured_media_url":"https:\/\/noticiasveracruz.com\/wp-content\/uploads\/2022\/04\/NV-JOSE\u0301-PA\u0301RAMO.png","jetpack_sharing_enabled":true,"publishpress_future_action":{"enabled":false,"date":"2026-05-07 10:54:01","action":"change-status","newStatus":"draft","terms":[],"taxonomy":"category","extraData":[]},"publishpress_future_workflow_manual_trigger":{"enabledWorkflows":[]},"_links":{"self":[{"href":"https:\/\/noticiasveracruz.com\/index.php\/wp-json\/wp\/v2\/posts\/9553","targetHints":{"allow":["GET"]}}],"collection":[{"href":"https:\/\/noticiasveracruz.com\/index.php\/wp-json\/wp\/v2\/posts"}],"about":[{"href":"https:\/\/noticiasveracruz.com\/index.php\/wp-json\/wp\/v2\/types\/post"}],"author":[{"embeddable":true,"href":"https:\/\/noticiasveracruz.com\/index.php\/wp-json\/wp\/v2\/users\/4"}],"replies":[{"embeddable":true,"href":"https:\/\/noticiasveracruz.com\/index.php\/wp-json\/wp\/v2\/comments?post=9553"}],"version-history":[{"count":0,"href":"https:\/\/noticiasveracruz.com\/index.php\/wp-json\/wp\/v2\/posts\/9553\/revisions"}],"wp:featuredmedia":[{"embeddable":true,"href":"https:\/\/noticiasveracruz.com\/index.php\/wp-json\/wp\/v2\/media\/3569"}],"wp:attachment":[{"href":"https:\/\/noticiasveracruz.com\/index.php\/wp-json\/wp\/v2\/media?parent=9553"}],"wp:term":[{"taxonomy":"category","embeddable":true,"href":"https:\/\/noticiasveracruz.com\/index.php\/wp-json\/wp\/v2\/categories?post=9553"},{"taxonomy":"post_tag","embeddable":true,"href":"https:\/\/noticiasveracruz.com\/index.php\/wp-json\/wp\/v2\/tags?post=9553"}],"curies":[{"name":"wp","href":"https:\/\/api.w.org\/{rel}","templated":true}]}}