{"id":9546,"date":"2022-10-31T02:15:27","date_gmt":"2022-10-31T08:15:27","guid":{"rendered":"https:\/\/noticiasveracruz.com\/?p=9546"},"modified":"2022-10-31T02:15:27","modified_gmt":"2022-10-31T08:15:27","slug":"estara-bien-informado","status":"publish","type":"post","link":"https:\/\/noticiasveracruz.com\/index.php\/2022\/10\/31\/estara-bien-informado\/","title":{"rendered":"\u00bfEstar\u00e1 bien informado?"},"content":{"rendered":"<p class=\"p1\">\n<p class=\"p1\"><span style=\"font-size: 18pt;\"><b>Por Ricardo Homs<\/b><\/span><\/p>\n<p class=\"p1\"><span style=\"font-size: 14pt;\">Es un hecho que los alardes presidenciales respecto a supuestos logros de su gobierno no corresponden a la realidad. Pareciera ser que el presidente L\u00f3pez Obrador, -o est\u00e1 desinformado-, o supone que con orientar la percepci\u00f3n p\u00fablica hacia lo que \u00e9l desea que suceda, de forma autom\u00e1tica todo se alinear\u00e1 hacia lo que \u00e9l ha decretado. <\/span><\/p>\n<p class=\"p1\"><span style=\"font-size: 14pt;\">O entonces, el mundo conspirar\u00e1 para cumplirle sus deseos, tal y como promete aquel famoso libro titulado \u201cEl secreto\u201d, -publicado por Rhonda Byrne-, donde el poder de atracci\u00f3n se convierte en una fuerza que cumplir\u00e1 sus sue\u00f1os de transformar al pa\u00eds al simple conjuro de su palabra, que decreta lo que se har\u00e1 realidad.<\/span><\/p>\n<p class=\"p1\"><span style=\"font-size: 14pt;\">Sin embargo, la realidad cotidiana muestra que es muy dif\u00edcil<span class=\"Apple-converted-space\">\u00a0 <\/span>que la realidad se supedite a los deseos de una persona, -por m\u00e1s poder que tenga-, lo cual nos lleva a suponer dos escenarios: o quienes est\u00e1n a su rededor<span class=\"Apple-converted-space\">\u00a0 <\/span>y forman parte de su c\u00edrculo de confianza acomodan la informaci\u00f3n que \u00e9l debe recibir para que se ajuste a sus deseos personales, generando as\u00ed una realidad virtual que a ellos les da poder, -o entonces-, est\u00e1 otra posibilidad: que \u00e9l s\u00ed sea consciente de lo que sucede y decide manipular la percepci\u00f3n p\u00fablica, -principalmente dirigida a los sectores afines a \u00e9l-, con el fin de obtener tiempo y ganar la elecci\u00f3n del 2024.<\/span><\/p>\n<p class=\"p1\"><span style=\"font-size: 14pt;\">Ambas posibilidades representan un grave da\u00f1o moral a la sociedad mexicana, ya sea por parte de la acci\u00f3n de sus colaboradores, o de \u00e9l mismo.<\/span><\/p>\n<p class=\"p1\"><span style=\"font-size: 14pt;\">Sin embargo, todos sabemos que aun difundiendo p\u00fablicamente la verdad desde la prensa no suceder\u00e1 nada y la mentira quedar\u00e1 en la impunidad.<\/span><\/p>\n<p class=\"p1\"><span style=\"font-size: 14pt;\">La mentira es una grave circunstancia de nuestra idiosincrasia nacional. Los mexicanos convivimos cotidianamente con la mentira. Ya sea para justificar la impuntualidad, -que es una conducta end\u00e9mica mexicana-, o para justificar un fracaso o un error, o esconder una realidad personal que nos genera verg\u00fcenza, entre otras muchas posibilidades.<\/span><\/p>\n<p class=\"p1\"><span style=\"font-size: 14pt;\">La mentira es parte de nuestra realidad cotidiana. Sin embargo, en el \u00e1mbito de la justicia y en la pol\u00edtica debiesen estar penalizadas porque afectan la impartici\u00f3n de justicia y la eficiencia de la administraci\u00f3n p\u00fablica, adem\u00e1s de propiciar la corrupci\u00f3n.<\/span><\/p>\n<p class=\"p1\"><span style=\"font-size: 14pt;\">La mentira nos acompa\u00f1a desde la narrativa de nuestra historia, -plagada de mentiras e inexactitudes que manipulan los sentimientos arraigados en el inconsciente colectivo-, hasta los procesos judiciales, que terminan siendo obras de ficci\u00f3n manipuladas por polic\u00edas y ministerios p\u00fablicos, hasta por los abogados que intentan manejar los hechos a fin de exonerar a su cliente de faltas, culpas, e incluso delitos.<\/span><\/p>\n<p class=\"p1\"><span style=\"font-size: 14pt;\">La mentira aparece en nuestras campa\u00f1as electorales generando promesas que desde que se expresan se sabe que ser\u00e1n irrealizables y as\u00ed lo entienden no s\u00f3lo el candidato en campa\u00f1a, sino tambi\u00e9n los electores.<\/span><\/p>\n<p class=\"p1\"><span style=\"font-size: 14pt;\">Se vuelve fundamental generar un movimiento a favor de erradicar la mentira de la aplicaci\u00f3n de la justicia, as\u00ed como de la administraci\u00f3n p\u00fablica, de modo tal que \u00e9sta se convierta en una responsabilidad con consecuencias. \u00bfCu\u00e1nta gente pierde su libertad a partir de una carpeta con acusaciones sustentadas en mentiras? \u00bfCu\u00e1ntas veces las acusaciones falsas de los polic\u00edas sobre una persona inocente culmina en un proceso judicial en la c\u00e1rcel?<\/span><\/p>\n<p class=\"p1\"><span style=\"font-size: 14pt;\">La mentira no podremos erradicarla de la vida cotidiana de los mexicanos, pero si es posible legislar para eliminarla de la funci\u00f3n p\u00fablica y convertirla en un delito cuando se practica con premeditaci\u00f3n, alevos\u00eda y ventaja.\u00a0<\/span><\/p>\n<p>&nbsp;<\/p>\n<p class=\"p1\"><span style=\"font-size: 18pt;\"><strong>\u00bfA usted qu\u00e9 le parece?<\/strong><\/span><\/p>\n<p>&nbsp;<\/p>\n<p class=\"p1\"><span style=\"font-size: 18pt;\"><strong>Facebook:<a href=\"https:\/\/www.facebook.com\/Ricardo.Homs1\">@Ricardo.Homs1<\/a><\/strong><\/span><\/p>\n<p class=\"p1\"><span style=\"font-size: 18pt;\"><strong>Twitter:\u00a0<\/strong><a href=\"https:\/\/twitter.com\/homsricardo\"><strong>@homsricardo<\/strong><\/a><\/span><\/p>\n<p class=\"p1\"><span style=\"font-size: 18pt;\"><strong>Linkedin:\u00a0<a href=\"https:\/\/www.linkedin.com\/in\/ricardo-homs-3920449\/?originalSubdomain=mx\">RicardoHoms<\/a><\/strong><\/span><\/p>\n<p class=\"p1\"><span style=\"font-size: 18pt;\"><a href=\"https:\/\/ricardohoms.com\/\"><strong>www.ricardohoms.com<\/strong><\/a><\/span><\/p>\n<p>&nbsp;<\/p>\n<p><span style=\"font-size: 18pt; color: #e42d33;\"><em><strong>**Las columnas firmadas en este medio son responsabilidad de quienes las firman**<\/strong><\/em><\/span><\/p>\n<p>&nbsp;<\/p>\n","protected":false},"excerpt":{"rendered":"<p>Por Ricardo Homs Es un hecho que los alardes presidenciales respecto a supuestos logros de su gobierno no corresponden a<\/p>\n","protected":false},"author":4,"featured_media":3190,"comment_status":"closed","ping_status":"closed","sticky":false,"template":"","format":"standard","meta":{"colormag_page_container_layout":"default_layout","colormag_page_sidebar_layout":"default_layout","_jetpack_memberships_contains_paid_content":false,"footnotes":"","jetpack_publicize_message":"","jetpack_publicize_feature_enabled":true,"jetpack_social_post_already_shared":true,"jetpack_social_options":{"image_generator_settings":{"template":"highway","default_image_id":0,"font":"","enabled":false},"version":2}},"categories":[6],"tags":[],"class_list":["post-9546","post","type-post","status-publish","format-standard","has-post-thumbnail","hentry","category-columnistas"],"jetpack_publicize_connections":[],"jetpack_featured_media_url":"https:\/\/noticiasveracruz.com\/wp-content\/uploads\/2022\/04\/NV-RICARDO-HOMS.png","jetpack_sharing_enabled":true,"publishpress_future_action":{"enabled":false,"date":"2026-05-09 04:26:11","action":"change-status","newStatus":"draft","terms":[],"taxonomy":"category","extraData":[]},"publishpress_future_workflow_manual_trigger":{"enabledWorkflows":[]},"_links":{"self":[{"href":"https:\/\/noticiasveracruz.com\/index.php\/wp-json\/wp\/v2\/posts\/9546","targetHints":{"allow":["GET"]}}],"collection":[{"href":"https:\/\/noticiasveracruz.com\/index.php\/wp-json\/wp\/v2\/posts"}],"about":[{"href":"https:\/\/noticiasveracruz.com\/index.php\/wp-json\/wp\/v2\/types\/post"}],"author":[{"embeddable":true,"href":"https:\/\/noticiasveracruz.com\/index.php\/wp-json\/wp\/v2\/users\/4"}],"replies":[{"embeddable":true,"href":"https:\/\/noticiasveracruz.com\/index.php\/wp-json\/wp\/v2\/comments?post=9546"}],"version-history":[{"count":0,"href":"https:\/\/noticiasveracruz.com\/index.php\/wp-json\/wp\/v2\/posts\/9546\/revisions"}],"wp:featuredmedia":[{"embeddable":true,"href":"https:\/\/noticiasveracruz.com\/index.php\/wp-json\/wp\/v2\/media\/3190"}],"wp:attachment":[{"href":"https:\/\/noticiasveracruz.com\/index.php\/wp-json\/wp\/v2\/media?parent=9546"}],"wp:term":[{"taxonomy":"category","embeddable":true,"href":"https:\/\/noticiasveracruz.com\/index.php\/wp-json\/wp\/v2\/categories?post=9546"},{"taxonomy":"post_tag","embeddable":true,"href":"https:\/\/noticiasveracruz.com\/index.php\/wp-json\/wp\/v2\/tags?post=9546"}],"curies":[{"name":"wp","href":"https:\/\/api.w.org\/{rel}","templated":true}]}}