{"id":9498,"date":"2022-10-29T10:05:07","date_gmt":"2022-10-29T15:05:07","guid":{"rendered":"https:\/\/noticiasveracruz.com\/?p=9498"},"modified":"2022-10-29T10:05:07","modified_gmt":"2022-10-29T15:05:07","slug":"con-exito-inicia-la-jornada-de-salud-visual-en-tuxpan","status":"publish","type":"post","link":"https:\/\/noticiasveracruz.com\/index.php\/2022\/10\/29\/con-exito-inicia-la-jornada-de-salud-visual-en-tuxpan\/","title":{"rendered":"Con \u00e9xito inicia la Jornada de Salud Visual en Tuxpan"},"content":{"rendered":"<p class=\"p1\">\n<p class=\"p1\"><span style=\"font-size: 14pt;\"><em><strong>TUXPAN, VERACRUZ.<\/strong><\/em>\u00a0 Gran respuesta ciudadana tuvo el inicio de la Jornada de Salud Visual organizada por el Ayuntamiento de Tuxpan, el DIF Tuxpan, la Sindica \u00danica, Beatriz Pi\u00f1a Vergara;\u00a0 y el Grupo \u00d3ptico Arreola que se llevo acabo en la Plaza C\u00edvica.<\/span><\/p>\n<p class=\"p1\"><span style=\"font-size: 18pt;\"><strong>Decenas de personas han asistido a realizarse el examen de la vista de manera gratuita y adem\u00e1s tuvieron acceso a lentes de calidad a\u00a0 bajo costo.<\/strong><\/span><\/p>\n<p>&nbsp;<\/p>\n<p><img loading=\"lazy\" decoding=\"async\" class=\"aligncenter wp-image-11947 size-large\" src=\"https:\/\/politicosaldesnudo.com.mx\/wp-content\/uploads\/2022\/10\/P-JORNADA-VISUAL-TUXPAN-2-1024x573.png\" alt=\"\" width=\"800\" height=\"448\" \/><\/p>\n<p>&nbsp;<\/p>\n<p class=\"p1\"><span style=\"font-size: 14pt;\">La S\u00edndica Beatriz Pi\u00f1a Vergara invit\u00f3 a la ciudadan\u00eda a que acuda a esta Jornada de Salud Visual y obtenga importantes beneficios.<\/span><\/p>\n<p class=\"p1\"><span style=\"font-size: 18pt;\"><strong>En esta jornada tambi\u00e9n se cont\u00f3 con una unidad m\u00f3vil de odontolog\u00eda, y el apoyo de personal de Salud de la cl\u00ednica del ISSSTE, quienes realizaron estudios de ant\u00edgeno prost\u00e1tico, toma de glucosa, presi\u00f3n arterial y aplicaci\u00f3n de vacunas. <\/strong><\/span><\/p>\n<p>&nbsp;<\/p>\n<p><img loading=\"lazy\" decoding=\"async\" class=\"aligncenter wp-image-11948 size-large\" src=\"https:\/\/politicosaldesnudo.com.mx\/wp-content\/uploads\/2022\/10\/P-JORNADA-VISUAL-TUXPAN-3-1024x573.png\" alt=\"\" width=\"800\" height=\"448\" \/><\/p>\n<p>&nbsp;<\/p>\n<p class=\"p1\"><span style=\"font-size: 14pt;\">Con acciones coordinadas entre las diversas dependencias, se mejora la calidad de vida de personas en situaci\u00f3n vulnerable.<\/span><\/p>\n<p class=\"p1\"><span style=\"font-size: 18pt; color: #e42d33;\"><strong>Se le recuerda a la ciudadan\u00eda que esta Jornada de Salud Visual se llevar\u00e1 a cabo todos los viernes, hasta terminar este a\u00f1o, de 10:00 a 15:00 horas en la Plaza C\u00edvica.<\/strong><\/span><\/p>\n","protected":false},"excerpt":{"rendered":"<p>TUXPAN, VERACRUZ.\u00a0 Gran respuesta ciudadana tuvo el inicio de la Jornada de Salud Visual organizada por el Ayuntamiento de Tuxpan,<\/p>\n","protected":false},"author":4,"featured_media":9499,"comment_status":"closed","ping_status":"closed","sticky":false,"template":"","format":"standard","meta":{"colormag_page_container_layout":"default_layout","colormag_page_sidebar_layout":"default_layout","_jetpack_memberships_contains_paid_content":false,"footnotes":"","jetpack_publicize_message":"","jetpack_publicize_feature_enabled":true,"jetpack_social_post_already_shared":true,"jetpack_social_options":{"image_generator_settings":{"template":"highway","default_image_id":0,"font":"","enabled":false},"version":2}},"categories":[356],"tags":[1611,72,73],"class_list":["post-9498","post","type-post","status-publish","format-standard","has-post-thumbnail","hentry","category-veracruz","tag-salud-visual","tag-tuxpan","tag-veracruz"],"jetpack_publicize_connections":[],"jetpack_featured_media_url":"https:\/\/noticiasveracruz.com\/wp-content\/uploads\/2022\/10\/P-JORNADA-VISUAL-TUXPAN-1.png","jetpack_sharing_enabled":true,"publishpress_future_action":{"enabled":false,"date":"2026-05-07 01:57:42","action":"change-status","newStatus":"draft","terms":[],"taxonomy":"category","extraData":[]},"publishpress_future_workflow_manual_trigger":{"enabledWorkflows":[]},"_links":{"self":[{"href":"https:\/\/noticiasveracruz.com\/index.php\/wp-json\/wp\/v2\/posts\/9498","targetHints":{"allow":["GET"]}}],"collection":[{"href":"https:\/\/noticiasveracruz.com\/index.php\/wp-json\/wp\/v2\/posts"}],"about":[{"href":"https:\/\/noticiasveracruz.com\/index.php\/wp-json\/wp\/v2\/types\/post"}],"author":[{"embeddable":true,"href":"https:\/\/noticiasveracruz.com\/index.php\/wp-json\/wp\/v2\/users\/4"}],"replies":[{"embeddable":true,"href":"https:\/\/noticiasveracruz.com\/index.php\/wp-json\/wp\/v2\/comments?post=9498"}],"version-history":[{"count":0,"href":"https:\/\/noticiasveracruz.com\/index.php\/wp-json\/wp\/v2\/posts\/9498\/revisions"}],"wp:featuredmedia":[{"embeddable":true,"href":"https:\/\/noticiasveracruz.com\/index.php\/wp-json\/wp\/v2\/media\/9499"}],"wp:attachment":[{"href":"https:\/\/noticiasveracruz.com\/index.php\/wp-json\/wp\/v2\/media?parent=9498"}],"wp:term":[{"taxonomy":"category","embeddable":true,"href":"https:\/\/noticiasveracruz.com\/index.php\/wp-json\/wp\/v2\/categories?post=9498"},{"taxonomy":"post_tag","embeddable":true,"href":"https:\/\/noticiasveracruz.com\/index.php\/wp-json\/wp\/v2\/tags?post=9498"}],"curies":[{"name":"wp","href":"https:\/\/api.w.org\/{rel}","templated":true}]}}