{"id":9312,"date":"2022-10-24T02:08:54","date_gmt":"2022-10-24T07:08:54","guid":{"rendered":"https:\/\/noticiasveracruz.com\/?p=9312"},"modified":"2022-10-24T02:08:54","modified_gmt":"2022-10-24T07:08:54","slug":"sufriendo-a-futuro","status":"publish","type":"post","link":"https:\/\/noticiasveracruz.com\/index.php\/2022\/10\/24\/sufriendo-a-futuro\/","title":{"rendered":"Sufriendo a futuro"},"content":{"rendered":"<p class=\"p1\">\n<p class=\"p1\"><span style=\"font-size: 18pt;\"><b>Por Laura Cevallos <\/b><\/span><\/p>\n<p class=\"p1\"><span style=\"font-size: 18pt;\"><strong>El sexenio de <span style=\"color: #e42d33;\">Andr\u00e9s Manuel L\u00f3pez Obrador todav\u00eda tiene un tercio de duraci\u00f3n<\/span>, pero para los que les comen las ansias, ya sienten que estamos en febrero de 2023 y que<span style=\"color: #e42d33;\"> ya es el momento id\u00f3neo para estar mordi\u00e9ndose y jal\u00e1ndose los pelos por ser tener raz\u00f3n sobre quien ser\u00e1 el candidato que suceda a L\u00f3pez Obrador en 2024.<\/span><\/strong><\/span><\/p>\n<p class=\"p1\"><span style=\"font-size: 14pt;\">Esta insidia de parte de la oposici\u00f3n, que lleg\u00f3 a trav\u00e9s de aparentes \u201cpreguntas c\u00e1ndidas\u201d de los periodistas sobre qui\u00e9nes eran los posibles candidatos dentro del movimiento para aspirar a la sucesi\u00f3n presidencial, fue insistente, y durante varias ma\u00f1aneras buscaron que el Presidente diera nombres; al final de cuentas el Presidente no tiene nada que ocultar, porque no se ha caracterizado por decir una cosa y hacer otra pero, sobre todo, \u00e9l ha asegurado que como en cada proceso de morena, esto ser\u00e1 decisi\u00f3n de la propia militancia, porque es a las personas a quienes corresponde decidir por qui\u00e9n s\u00ed o por qui\u00e9n no ir\u00e1n entre los candidatos del movimiento para dar continuidad a la cuarta transformaci\u00f3n.<\/span><\/p>\n<p>&nbsp;<\/p>\n<p><img loading=\"lazy\" decoding=\"async\" class=\"aligncenter wp-image-11713 size-large\" src=\"https:\/\/politicosaldesnudo.com.mx\/wp-content\/uploads\/2022\/10\/P-LAURA-CEVALLOS-AMLO-1024x573.png\" alt=\"\" width=\"800\" height=\"448\" \/><\/p>\n<p>&nbsp;<\/p>\n<p class=\"p1\"><span style=\"font-size: 18pt; color: #e42d33;\"><b>BUSCANDO EL GANADOR<\/b><\/span><\/p>\n<p class=\"p1\"><span style=\"font-size: 14pt;\">El busca-pie mayor no fue hacia el Presidente. Juan Carlos monedero en entrevista con \u00c1lvaro Delgado dijo algo important\u00edsimo: esta pelea que durar\u00e1 bastantes meses, va a dejar descalabrado o deschongado a m\u00e1s de uno y en el camino incluso surgir\u00e1n enemistades y ya se est\u00e1n dando y no precisamente entre esos suspirantes, sino entre la gente que apoya a uno o a otra. <\/span><\/p>\n<p class=\"p1\"><span style=\"font-size: 18pt;\"><strong>Yo he salido huyendo de grupos radicales donde apoyan a un favorito y tienen como misi\u00f3n destrozar totalmente en lo pol\u00edtico, en lo personal, en lo an\u00edmico o en la preparaci\u00f3n a los dem\u00e1s candidatos. Quienes van con Claudia, se han dedicado a denostar el trabajo de Marcelo Ebrard o la trayectoria de Ad\u00e1n o hablar pestes de Noro\u00f1a y no le ven futuro porque no ha gobernado. <\/strong><\/span><\/p>\n<p class=\"p1\"><span style=\"font-size: 14pt;\">Si est\u00e1n a favor de Ad\u00e1n, ensalzan su labor como pol\u00edtico y como secretario de gobernaci\u00f3n, cual si no hubiera alguien tan capaz como \u00e9l. Quienes est\u00e1n a favor de Marcelo lo encumbran porque es un gran canciller y le sacan todos los buenos oficios en su calidad de secretario de relaciones exteriores. Los que est\u00e1n a favor de Noro\u00f1a saben que es una persona del pueblo, pero entonces destrozan a Claudia por su origen, o por la famosa mancha de la l\u00ednea 12 y no reconocen la gran labor que hace como jefa de la ciudad m\u00e1s complicada que tiene M\u00e9xico en t\u00e9rminos de operatividad; es decir, en vez de estar viendo que el movimiento tiene la gran responsabilidad de continuar el trabajo de Andr\u00e9s Manuel, las bases, la militancia se est\u00e1 destrozando en una innecesaria lucha por algo que todav\u00eda no debe ocurrir, porque no es el tiempo electoral para decidir qui\u00e9n va. Dentro de todo ello, se pierden en denuestos y no admiran la enorme riqueza que tienen en lo individual, pero m\u00e1s, como grupo. <\/span><\/p>\n<p class=\"p1\"><span style=\"font-size: 14pt;\">Monedero cerr\u00f3 el comentario con algo as\u00ed como que, quienes no ganen en esa contienda, no perder\u00e1n del todo, y lo m\u00e1s probable sea que formen parte del gabinete de quien haya sido electo, porque aqu\u00ed de este lado de la historia, todos han caminado por la izquierda por d\u00e9cadas; han sido activistas, representantes de las necesidades del pueblo. Han sido oposici\u00f3n \u00fatil, pero sobre todo, hoy son parte de un gobierno que eligi\u00f3 el pueblo y le sirve sin dobleces.<\/span><\/p>\n<p class=\"p1\"><span style=\"font-size: 18pt; color: #e42d33;\"><strong> Todos los que han sido nombrados por el Presidente tienen con que y traen arrastre popular. Por eso, deben recordar quienes han sido entre s\u00ed, y considerar una alianza inmediata donde pacten acompa\u00f1arse y continuar con la transformaci\u00f3n del pa\u00eds, independientemente de quien sea favorecido por el voto popular.<\/strong><\/span><\/p>\n<p>&nbsp;<\/p>\n<p class=\"p1\"><span style=\"font-size: 18pt; color: #e42d33;\"><b>S\u00d3LO SON FUNCIONARIOS<\/b><\/span><\/p>\n<p class=\"p1\"><span style=\"font-size: 14pt;\">Y dejemos que los funcionarios y servidores hagan su trabajo por a\u00f1o y medio m\u00e1s, sin la presi\u00f3n de salir en todas las fotos, de ir a todos los eventos, de opinar en cada foro, como si ya estuvieran en campa\u00f1a. Se desgasta el trabajo, se agotan los discursos. Resulta que si Claudia da su informe, ya piensan que se est\u00e1 autopromoviendo; si Ad\u00e1n va al Congreso o se re\u00fane con gobernadores (que son sus funciones), est\u00e1 haciendo amarres a nombre del AMLO; si Ebrard celebra acuerdos con otros pa\u00edses, es porque ya est\u00e1 cabildeando su aprobaci\u00f3n al extranjero\u2026<span style=\"font-size: 18pt;\"><strong> Dejemos que tengan la espontaneidad de trabajar y demostrar que son las mejores personas que pod\u00edan haber ocupado su puesto.<\/strong><\/span><\/span><\/p>\n<p class=\"p1\"><span style=\"font-size: 14pt;\">Tristemente todas estas luchas deben tener las mejores intenciones, pero cuando se escinde una facci\u00f3n dentro del movimiento, empezamos con problemas. Ya hubo primer ca\u00eddo, qu\u00e9 por m\u00e1s que tuvo la mejor intenci\u00f3n de darle al movimiento una nueva postura, tomando inflexiblemente, los estatutos, ha sido puesto de lado por el mismo partido-movimiento. Suena terrible pero no es tiempo de dividir: es tiempo de sumar y de entender que el movimiento no es de unos que creen tener la verdad, es de todos. Que no es de un candidato sino que es de un grupo de candidatos que tienen que seguir haciendo su mejor papel en los encargos que hoy tienen y demostrar con hechos porqu\u00e9 s\u00ed pueden tomar la encomienda para 2024.<\/span><\/p>\n<p class=\"p1\"><span style=\"font-size: 14pt;\">Si todo esto sucede y la gente quiere que estemos en este berenjenal, precisamente por una provocaci\u00f3n de los conservadores, entonces tendremos que ser much\u00edsimo m\u00e1s cuidadosos y no permitir estos ataques infructuosos y rid\u00edculos que, lejos de ayudar al movimiento, est\u00e1n provocando grandes resentimientos y odios entre quienes suponen que, al escribir #Ad\u00e1nVa, #EsClaudia o cuanto hashtag se inventen, ya tienen asegurado un papel dentro de los puestos los encargos.<\/span><\/p>\n<p class=\"p1\"><span style=\"font-size: 18pt;\"><strong>No hay que equivocarnos compa\u00f1eros: ahorita no es el tiempo de decir qui\u00e9n va a ser el Presidente en 2 a\u00f1os literalmente. Es el tiempo de ir con \u00e9ste, que es el Presidente que actualmente est\u00e1 haciendo que todos volteemos a ver a la pol\u00edtica porque realmente estamos interesados en mejorarla y no en la persecuci\u00f3n de un hueso que es lo que tan podridos los tiene desde hace mucho tiempo.<\/strong><\/span><\/p>\n<p>&nbsp;<\/p>\n<p>&nbsp;<\/p>\n<p><span style=\"font-size: 18pt;\"><strong>Twitter: <a href=\"http:\/\/www.twitter.com\/cevalloslaura\">@cevalloslaura<\/a><\/strong><\/span><\/p>\n<p>&nbsp;<\/p>\n<p><span style=\"font-size: 18pt; color: #e42d33;\"><em><strong>**Las columnas firmadas en este medio son responsabilidad de quienes las firman**<\/strong><\/em><\/span><\/p>\n<p>&nbsp;<\/p>\n<p>&nbsp;<\/p>\n","protected":false},"excerpt":{"rendered":"<p>Por Laura Cevallos El sexenio de Andr\u00e9s Manuel L\u00f3pez Obrador todav\u00eda tiene un tercio de duraci\u00f3n, pero para los que<\/p>\n","protected":false},"author":4,"featured_media":3193,"comment_status":"closed","ping_status":"closed","sticky":false,"template":"","format":"standard","meta":{"colormag_page_container_layout":"default_layout","colormag_page_sidebar_layout":"default_layout","_jetpack_memberships_contains_paid_content":false,"footnotes":"","jetpack_publicize_message":"","jetpack_publicize_feature_enabled":true,"jetpack_social_post_already_shared":true,"jetpack_social_options":{"image_generator_settings":{"template":"highway","default_image_id":0,"font":"","enabled":false},"version":2}},"categories":[6],"tags":[968,65,596,499],"class_list":["post-9312","post","type-post","status-publish","format-standard","has-post-thumbnail","hentry","category-columnistas","tag-adan-augusto-lopez","tag-andres-manuel-lopez-obrador","tag-claudia-sheimbaum","tag-marcelo-ebrard"],"jetpack_publicize_connections":[],"jetpack_featured_media_url":"https:\/\/noticiasveracruz.com\/wp-content\/uploads\/2022\/04\/CABEZAL-OPINIO\u0301N-NV-LAURACEVALLOS.png","jetpack_sharing_enabled":true,"publishpress_future_action":{"enabled":false,"date":"2026-05-06 22:49:07","action":"change-status","newStatus":"draft","terms":[],"taxonomy":"category","extraData":[]},"publishpress_future_workflow_manual_trigger":{"enabledWorkflows":[]},"_links":{"self":[{"href":"https:\/\/noticiasveracruz.com\/index.php\/wp-json\/wp\/v2\/posts\/9312","targetHints":{"allow":["GET"]}}],"collection":[{"href":"https:\/\/noticiasveracruz.com\/index.php\/wp-json\/wp\/v2\/posts"}],"about":[{"href":"https:\/\/noticiasveracruz.com\/index.php\/wp-json\/wp\/v2\/types\/post"}],"author":[{"embeddable":true,"href":"https:\/\/noticiasveracruz.com\/index.php\/wp-json\/wp\/v2\/users\/4"}],"replies":[{"embeddable":true,"href":"https:\/\/noticiasveracruz.com\/index.php\/wp-json\/wp\/v2\/comments?post=9312"}],"version-history":[{"count":0,"href":"https:\/\/noticiasveracruz.com\/index.php\/wp-json\/wp\/v2\/posts\/9312\/revisions"}],"wp:featuredmedia":[{"embeddable":true,"href":"https:\/\/noticiasveracruz.com\/index.php\/wp-json\/wp\/v2\/media\/3193"}],"wp:attachment":[{"href":"https:\/\/noticiasveracruz.com\/index.php\/wp-json\/wp\/v2\/media?parent=9312"}],"wp:term":[{"taxonomy":"category","embeddable":true,"href":"https:\/\/noticiasveracruz.com\/index.php\/wp-json\/wp\/v2\/categories?post=9312"},{"taxonomy":"post_tag","embeddable":true,"href":"https:\/\/noticiasveracruz.com\/index.php\/wp-json\/wp\/v2\/tags?post=9312"}],"curies":[{"name":"wp","href":"https:\/\/api.w.org\/{rel}","templated":true}]}}