{"id":9279,"date":"2022-10-22T07:59:15","date_gmt":"2022-10-22T12:59:15","guid":{"rendered":"https:\/\/noticiasveracruz.com\/?p=9279"},"modified":"2022-10-22T07:59:15","modified_gmt":"2022-10-22T12:59:15","slug":"revela-adan-augusto-en-hidalgo-sin-policias-217-municipios-en-mexico","status":"publish","type":"post","link":"https:\/\/noticiasveracruz.com\/index.php\/2022\/10\/22\/revela-adan-augusto-en-hidalgo-sin-policias-217-municipios-en-mexico\/","title":{"rendered":"Revela Ad\u00e1n Augusto en Hidalgo: Sin polic\u00edas 217 municipios en M\u00e9xico"},"content":{"rendered":"<p class=\"p1\">\n<p class=\"p1\"><span style=\"font-size: 14pt;\"><em><strong>PACHUCA, HIDALGO.\u00a0<\/strong><\/em><strong>Ad\u00e1n Augusto L\u00f3pez Hern\u00e1ndez, secretario de Gobernaci\u00f3n<\/strong> revel\u00f3 ante el pleno del Congreso de Hidalgo, que en <strong>M\u00e9xico hay 217 municipios que carecen de polic\u00edas municipales, entre ellos Irapuato, Guanajuato<\/strong>, y afirm\u00f3 que est\u00e1n coludidos con el crimen organizado porque decidieron entregar la seguridad p\u00fablica o desaparecer a las corporaciones polic\u00edacas para \u201ccomo coloquialmente se dice entregar la plaza\u201d.<\/span><\/p>\n<p class=\"p1\"><span style=\"font-size: 18pt; color: #e42d33;\"><strong>Revel\u00f3 que una investigaci\u00f3n arroj\u00f3 que hab\u00eda \u201cconvivencia de los polic\u00edas municipales con el crimen organizado\u201d.<\/strong><\/span><\/p>\n<p class=\"p1\"><span style=\"font-size: 14pt;\">Expuso que tras comentar tal situaci\u00f3n con el gobernador de Guanajuato Diego Sinuhe Rodr\u00edguez Vallejo, \u00e9ste pidi\u00f3 el apoyo de la Guardia Nacional para que sustituyera a la polic\u00eda municipal de Irapuato.<\/span><\/p>\n<p class=\"p1\"><span style=\"font-size: 14pt;\">Sin especificar cu\u00e1les, L\u00f3pez Hern\u00e1ndez a\u00f1adi\u00f3 que en las mismas circunstancias hay un municipio en Michoacan y otro en Zacatecas.<\/span><\/p>\n<p>&nbsp;<\/p>\n<p><img loading=\"lazy\" decoding=\"async\" class=\"aligncenter wp-image-11674 size-large\" src=\"https:\/\/politicosaldesnudo.com.mx\/wp-content\/uploads\/2022\/10\/P-ADAN-POLICIAS-2-1024x573.png\" alt=\"\" width=\"800\" height=\"448\" \/><\/p>\n<p>&nbsp;<\/p>\n<p class=\"p1\"><span style=\"font-size: 18pt;\"><strong>El secretario de Gobernaci\u00f3n rechaz\u00f3 el argumento de los opositores a la reforma, cuando aseguran que se pretende militarizar a M\u00e9xico.<\/strong><\/span><\/p>\n<p>&nbsp;<\/p>\n<blockquote>\n<p class=\"p1\"><span style=\"font-size: 14pt;\">La noche oscura de Tlatelolco, del \u2018Halconazo\u2019 de junio de 1971 y Ayotzinapa quedaron atr\u00e1s\u201d<\/span><\/p>\n<\/blockquote>\n<p>&nbsp;<\/p>\n<p class=\"p1\"><span style=\"font-size: 18pt;\"><strong>Dijo Ad\u00e1n Augusto L\u00f3pez\u00a0 que el \u00faltimo militar que fue presidente de la Rep\u00fablica fue el general Manuel \u00c1vila Camacho, en 1940, \u201cquien a su vez sucedi\u00f3 al general L\u00e1zaro C\u00e1rdenas\u201d. Puntualiz\u00f3 que los militares pueden participar en pol\u00edtica, en un proceso electoral, siempre y cuando sea en las urnas.<\/strong><\/span><\/p>\n<p class=\"p1\"><span style=\"font-size: 18pt; color: #e42d33;\"><strong>Durante su mensaje en el recinto legislativo, el responsable de la pol\u00edtica interna del pa\u00eds, pidi\u00f3 a los diputados su apoyo a la reforma a la Constituci\u00f3n para incorporar a la Guardia Nacional al Ej\u00e9rcito Mexicano.Agreg\u00f3 que con la reforma se busca mejorar y garantizar la seguridad de la ciudadan\u00eda, y no la represi\u00f3n.<\/strong><\/span><\/p>\n<p>&nbsp;<\/p>\n<blockquote>\n<p class=\"p1\"><span style=\"font-size: 14pt;\">El presidente Andr\u00e9s Manuel L\u00f3pez Obrador es incapaz de pedir al Ej\u00e9rcito a salir a reprimir a la ciudadan\u00eda\u201d<\/span><\/p>\n<\/blockquote>\n<p>&nbsp;<\/p>\n<p class=\"p1\"><span style=\"font-size: 14pt;\">Se prev\u00e9 que la iniciativa de reforma que establece la incorporaci\u00f3n de la Guardia Nacional al ej\u00e9rcito, y que los soldados permanezcan en las calles realizando labores de seguridad hasta 2028 sea analizada por el Congreso de Hidalgo y puesta a votaci\u00f3n en los pr\u00f3ximos d\u00edas.<\/span><\/p>\n<p>&nbsp;<\/p>\n<p>&nbsp;<\/p>\n<p class=\"p1\"><span style=\"font-size: 18pt;\">Con Informaci\u00f3n de La Jornada<\/span><\/p>\n","protected":false},"excerpt":{"rendered":"<p>PACHUCA, HIDALGO.\u00a0Ad\u00e1n Augusto L\u00f3pez Hern\u00e1ndez, secretario de Gobernaci\u00f3n revel\u00f3 ante el pleno del Congreso de Hidalgo, que en M\u00e9xico hay<\/p>\n","protected":false},"author":4,"featured_media":9280,"comment_status":"closed","ping_status":"closed","sticky":false,"template":"","format":"standard","meta":{"colormag_page_container_layout":"default_layout","colormag_page_sidebar_layout":"default_layout","_jetpack_memberships_contains_paid_content":false,"footnotes":"","jetpack_publicize_message":"","jetpack_publicize_feature_enabled":true,"jetpack_social_post_already_shared":true,"jetpack_social_options":{"image_generator_settings":{"template":"highway","default_image_id":0,"font":"","enabled":false},"version":2}},"categories":[4],"tags":[968,212,167,992],"class_list":["post-9279","post","type-post","status-publish","format-standard","has-post-thumbnail","hentry","category-nacional","tag-adan-augusto-lopez","tag-hidalgo","tag-policias","tag-segob"],"jetpack_publicize_connections":[],"jetpack_featured_media_url":"https:\/\/noticiasveracruz.com\/wp-content\/uploads\/2022\/10\/P-ADAN-POLICIAS-1.png","jetpack_sharing_enabled":true,"publishpress_future_action":{"enabled":false,"date":"2026-05-03 14:02:06","action":"change-status","newStatus":"draft","terms":[],"taxonomy":"category","extraData":[]},"publishpress_future_workflow_manual_trigger":{"enabledWorkflows":[]},"_links":{"self":[{"href":"https:\/\/noticiasveracruz.com\/index.php\/wp-json\/wp\/v2\/posts\/9279","targetHints":{"allow":["GET"]}}],"collection":[{"href":"https:\/\/noticiasveracruz.com\/index.php\/wp-json\/wp\/v2\/posts"}],"about":[{"href":"https:\/\/noticiasveracruz.com\/index.php\/wp-json\/wp\/v2\/types\/post"}],"author":[{"embeddable":true,"href":"https:\/\/noticiasveracruz.com\/index.php\/wp-json\/wp\/v2\/users\/4"}],"replies":[{"embeddable":true,"href":"https:\/\/noticiasveracruz.com\/index.php\/wp-json\/wp\/v2\/comments?post=9279"}],"version-history":[{"count":0,"href":"https:\/\/noticiasveracruz.com\/index.php\/wp-json\/wp\/v2\/posts\/9279\/revisions"}],"wp:featuredmedia":[{"embeddable":true,"href":"https:\/\/noticiasveracruz.com\/index.php\/wp-json\/wp\/v2\/media\/9280"}],"wp:attachment":[{"href":"https:\/\/noticiasveracruz.com\/index.php\/wp-json\/wp\/v2\/media?parent=9279"}],"wp:term":[{"taxonomy":"category","embeddable":true,"href":"https:\/\/noticiasveracruz.com\/index.php\/wp-json\/wp\/v2\/categories?post=9279"},{"taxonomy":"post_tag","embeddable":true,"href":"https:\/\/noticiasveracruz.com\/index.php\/wp-json\/wp\/v2\/tags?post=9279"}],"curies":[{"name":"wp","href":"https:\/\/api.w.org\/{rel}","templated":true}]}}