{"id":9260,"date":"2022-10-22T07:07:51","date_gmt":"2022-10-22T12:07:51","guid":{"rendered":"https:\/\/noticiasveracruz.com\/?p=9260"},"modified":"2022-10-22T07:07:51","modified_gmt":"2022-10-22T12:07:51","slug":"los-cambios-en-seguridad-publica","status":"publish","type":"post","link":"https:\/\/noticiasveracruz.com\/index.php\/2022\/10\/22\/los-cambios-en-seguridad-publica\/","title":{"rendered":"Los Cambios en Seguridad P\u00fablica"},"content":{"rendered":"<p class=\"p1\">\n<p>&nbsp;<\/p>\n<p class=\"p1\"><span style=\"font-size: 18pt;\"><strong>&lt;&lt; Reportes en la Ma\u00f1anera, la gota que derram\u00f3 el vaso &gt;&gt;<\/strong><\/span><\/p>\n<p class=\"p1\"><span style=\"font-size: 18pt;\"><strong>&lt;&lt; La organizaci\u00f3n que operaba desde la secretar\u00eda &gt;&gt;<\/strong><\/span><\/p>\n<p class=\"p1\"><span style=\"font-size: 18pt;\"><strong>&lt;&lt; La operaci\u00f3n escoba debe de continuar con otros mandos &gt;&gt;<\/strong><\/span><\/p>\n<p>&nbsp;<\/p>\n<p class=\"p1\"><span style=\"font-size: 18pt;\"><strong>Por Miguel \u00c1ngel Cristiani Gonz\u00e1lez<\/strong><\/span><\/p>\n<p class=\"p1\"><span style=\"font-size: 14pt;\">Luego de la \u201cbalconeada\u201d a nivel nacional que le dieron al secretario de Seguridad P\u00fablica del estado de Veracruz, Hugo Guti\u00e9rrez Maldonado en la conferencia de prensa ma\u00f1anera por el mism\u00edsimo secretario de la Defensa Nacional, general Luis Crescencio Sandoval Gonz\u00e1lez y el Subsecretario de Seguridad P\u00fablica federal, Ricardo Mej\u00eda Berdeja finalmente por la tarde noche, el gobernador del estado anunci\u00f3 la renuncia del funcionario.<\/span><\/p>\n<p class=\"p1\"><span style=\"font-size: 14pt;\">Esa fue la gota que derram\u00f3 el vaso, pero tambi\u00e9n fue el hecho de que en la misma ma\u00f1ana, en la capital del estado, en pleno centro, en la misma cuadra donde se encuentra el b\u00fanker del secretario de Seguridad P\u00fablica, un abogado fue baleado cuando llegaba a su despacho, sin que pudiera ser detenido el agresor.<\/span><\/p>\n<p class=\"p1\"><span style=\"font-size: 14pt;\">El primero en aportar a la renuncia del secretario de inseguridad en Veracruz, fue Luis Crescencio Sandoval Gonz\u00e1lez, Secretario de la Defensa Nacional quien en la conferencia de prensa presidencial le report\u00f3 al primer mandatario: \u201cEl d\u00eda 12 de octubre en Esperanza, Puebla, nueve personas, estos eran activos de las polic\u00edas estatales del Puebla y Veracruz, estaban realizando el robo de pastas y avena de trigo de un veh\u00edculo que se hab\u00eda siniestrado.\u201d<\/span><\/p>\n<p>&nbsp;<\/p>\n<p><img loading=\"lazy\" decoding=\"async\" class=\"aligncenter wp-image-11647 size-large\" src=\"https:\/\/politicosaldesnudo.com.mx\/wp-content\/uploads\/2022\/10\/P-SEGURIDAD-1024x573.png\" alt=\"\" width=\"800\" height=\"448\" \/><\/p>\n<p>&nbsp;<\/p>\n<p class=\"p1\"><span style=\"font-size: 14pt;\">M\u00e1s adelante, Ricardo Mej\u00eda Berdeja, Subsecretario de Seguridad P\u00fablica de la Secretar\u00eda de Seguridad y Protecci\u00f3n Ciudadana (SSPC) afirm\u00f3: \u201cTambi\u00e9n informar que, como aqu\u00ed se ha se\u00f1alado, no hay impunidad, y queremos destacar que el gobierno de Veracruz, encabezado por el gobernador Cuitl\u00e1huac Garc\u00eda y la fiscal pudieron actuar para detener e imputar a cuatro elementos de la polic\u00eda del estado de Veracruz; entre ellos, el exdirector de Operaciones, por su presunta participaci\u00f3n en el delito de desaparici\u00f3n forzada de personas cometido en agravio de Juan Al\u00e1n \u2018N\u2019, alias \u2018el Archi\u2019, que a su vez se encargaba de la comandancia de la polic\u00eda vial en aquella entidad. Este sujeto, Al\u00e1n \u2018N\u2019, fue detenido junto con tres elementos m\u00e1s de la corporaci\u00f3n y ya est\u00e1 vinculado a proceso penal.<\/span><\/p>\n<p class=\"p1\"><span style=\"font-size: 14pt;\">Aqu\u00ed podemos ver tambi\u00e9n a la v\u00edctima, tambi\u00e9n de nombre Al\u00e1n, pero este es Juan Al\u00e1n, y tambi\u00e9n un elemento de la fuerza de seguridad. Ya est\u00e1 detenido el principal sospechoso junto con tres m\u00e1s.\u201d<\/span><\/p>\n<p class=\"p1\"><span style=\"font-size: 14pt;\">Luego de que el gobernador Cuitl\u00e1huac Garc\u00eda Jimenez en un escueto mensaje de Twitter diera a conocer la renuncia de Hugo Guti\u00e9rrez Maldonado, quien lleg\u00f3 a Veracruz precedido de un esc\u00e1ndalo de extorsi\u00f3n y desaparici\u00f3n de empresarios en Nuevo Le\u00f3n, se anunci\u00f3 los primeros cambios en los mandos directivos de lo que se hab\u00eda convertido en una secretar\u00eda de Inseguridad P\u00fablica, porque como se evidenci\u00f3 ya, hab\u00eda grupos de criminales organizados con uniforme policiaco.<\/span><\/p>\n<p class=\"p1\"><span style=\"font-size: 14pt;\">Pero la limpia en la secretar\u00eda de continuar, para cambiar toda la estructura y organizaci\u00f3n delincuencial que estaba operando en los distintos niveles.<\/span><\/p>\n<p class=\"p1\"><span style=\"font-size: 14pt;\">Porque aunque en el discurso ma\u00f1anero desde palacio nacional, se trata de convencernos con datos maquillados de que la incidencia delictiva va a la baja, habr\u00eda que analizar en detalle los reportes del Secretariado Ejecutivo del Sistema Nacional de Seguridad P\u00fablica, en donde est\u00e1n los n\u00fameros de la incidencia delictiva del fuero com\u00fan en el estado de Veracruz.<\/span><\/p>\n<p class=\"p1\"><span style=\"font-size: 14pt;\">Y ah\u00ed s\u00ed se puede constatar que los n\u00fameros hablan y nos dicen todo lo contrario, pero como dir\u00eda la Nana Goya, esa es otra historia.<\/span><\/p>\n<p class=\"p1\"><span style=\"font-size: 14pt;\">Nada mas como muestra, hasta el mes de septiembre de este a\u00f1o se tienen contabilizados 65,207 delitos, de los cuales contra la vida y la integridad corporal suman 8,502.<\/span><\/p>\n<p class=\"p1\"><span style=\"font-size: 14pt;\">En el mes de septiembre se registraron 894 delitos contra la vida y la integridad corporal.<\/span><\/p>\n<p class=\"p1\"><span style=\"font-size: 14pt;\">En este a\u00f1o hasta el mes de septiembre se tienen contabilizados 450 delitos contra la libertad personal, dentro de los que se encuentran el secuestro, tr\u00e1fico de menores, rapto y otros.<\/span><\/p>\n<p class=\"p1\"><span style=\"font-size: 14pt;\">El Secretariado Ejecutivo del Sistema Nacional de Seguridad P\u00fablica tiene registrados en lo que va del a\u00f1o hasta el mes de septiembre 27,508 delitos contra el patrimonio de las personas, como son el robo con 18,202.<\/span><\/p>\n<p class=\"p1\"><span style=\"font-size: 14pt;\">Y esos no son datos de gobiernos anteriores, son de la actualidad que se vive en materia de inseguridad p\u00fablica.<\/span><\/p>\n<p>&nbsp;<\/p>\n<p>&nbsp;<\/p>\n<p class=\"p2\"><span style=\"font-size: 18pt;\"><strong>Cont\u00e1ctanos en nuestras redes sociales:<\/strong><\/span><\/p>\n<p class=\"p2\"><span style=\"font-size: 18pt;\"><strong><a href=\"https:\/\/www.canva.com\/design\/DAEN5B9DWgs\/ZCHd2Z8KueYjlg_d59Op3A\/view\">https:\/\/www.canva.com\/design\/DAEN5B9DWgs\/ZCHd2Z8KueYjlg_d59Op3A\/view<\/a><\/strong><\/span><\/p>\n<p>&nbsp;<\/p>\n<p><span style=\"font-size: 18pt; color: #e42d33;\"><em><strong>**Las columnas firmadas en este medio son responsabilidad de quienes las firman**<\/strong><\/em><\/span><\/p>\n<p>&nbsp;<\/p>\n<p>&nbsp;<\/p>\n<p>&nbsp;<\/p>\n<p>&nbsp;<\/p>\n","protected":false},"excerpt":{"rendered":"<p>&nbsp; &lt;&lt; Reportes en la Ma\u00f1anera, la gota que derram\u00f3 el vaso &gt;&gt; &lt;&lt; La organizaci\u00f3n que operaba desde la<\/p>\n","protected":false},"author":4,"featured_media":3280,"comment_status":"closed","ping_status":"closed","sticky":false,"template":"","format":"standard","meta":{"colormag_page_container_layout":"default_layout","colormag_page_sidebar_layout":"default_layout","_jetpack_memberships_contains_paid_content":false,"footnotes":"","jetpack_publicize_message":"","jetpack_publicize_feature_enabled":true,"jetpack_social_post_already_shared":true,"jetpack_social_options":{"image_generator_settings":{"template":"highway","default_image_id":0,"font":"","enabled":false},"version":2}},"categories":[6],"tags":[],"class_list":["post-9260","post","type-post","status-publish","format-standard","has-post-thumbnail","hentry","category-columnistas"],"jetpack_publicize_connections":[],"jetpack_featured_media_url":"https:\/\/noticiasveracruz.com\/wp-content\/uploads\/2022\/04\/NV-MIGUEL-A\u0301NGEL-CRISTIANI.png","jetpack_sharing_enabled":true,"publishpress_future_action":{"enabled":false,"date":"2026-05-03 13:56:00","action":"change-status","newStatus":"draft","terms":[],"taxonomy":"category","extraData":[]},"publishpress_future_workflow_manual_trigger":{"enabledWorkflows":[]},"_links":{"self":[{"href":"https:\/\/noticiasveracruz.com\/index.php\/wp-json\/wp\/v2\/posts\/9260","targetHints":{"allow":["GET"]}}],"collection":[{"href":"https:\/\/noticiasveracruz.com\/index.php\/wp-json\/wp\/v2\/posts"}],"about":[{"href":"https:\/\/noticiasveracruz.com\/index.php\/wp-json\/wp\/v2\/types\/post"}],"author":[{"embeddable":true,"href":"https:\/\/noticiasveracruz.com\/index.php\/wp-json\/wp\/v2\/users\/4"}],"replies":[{"embeddable":true,"href":"https:\/\/noticiasveracruz.com\/index.php\/wp-json\/wp\/v2\/comments?post=9260"}],"version-history":[{"count":0,"href":"https:\/\/noticiasveracruz.com\/index.php\/wp-json\/wp\/v2\/posts\/9260\/revisions"}],"wp:featuredmedia":[{"embeddable":true,"href":"https:\/\/noticiasveracruz.com\/index.php\/wp-json\/wp\/v2\/media\/3280"}],"wp:attachment":[{"href":"https:\/\/noticiasveracruz.com\/index.php\/wp-json\/wp\/v2\/media?parent=9260"}],"wp:term":[{"taxonomy":"category","embeddable":true,"href":"https:\/\/noticiasveracruz.com\/index.php\/wp-json\/wp\/v2\/categories?post=9260"},{"taxonomy":"post_tag","embeddable":true,"href":"https:\/\/noticiasveracruz.com\/index.php\/wp-json\/wp\/v2\/tags?post=9260"}],"curies":[{"name":"wp","href":"https:\/\/api.w.org\/{rel}","templated":true}]}}