{"id":9083,"date":"2022-10-14T21:11:44","date_gmt":"2022-10-15T02:11:44","guid":{"rendered":"https:\/\/noticiasveracruz.com\/?p=9083"},"modified":"2022-10-17T03:22:58","modified_gmt":"2022-10-17T08:22:58","slug":"contra-la-contaminacion-marina-tuxpan-activa-jornada-playa-limpia-cero-plasticos","status":"publish","type":"post","link":"https:\/\/noticiasveracruz.com\/index.php\/2022\/10\/14\/contra-la-contaminacion-marina-tuxpan-activa-jornada-playa-limpia-cero-plasticos\/","title":{"rendered":"Contra la contaminaci\u00f3n marina, Tuxpan activa jornada \u201cPlaya Limpia, Cero Pl\u00e1sticos\u201d"},"content":{"rendered":"<p>&nbsp;<\/p>\n<p>&nbsp;<\/p>\n<p><span style=\"font-size: 14pt;\"><em><strong>TUXPAN, VERACRUZ.<\/strong> <\/em>El <strong>Gobierno de Tuxpan a trav\u00e9s de la coordinaci\u00f3n de Medio Ambiente<\/strong>, en colaboraci\u00f3n con el Sistema Arrecifal Lobos Tuxpan y la organizaci\u00f3n ambiental PARLEY, llevaron a cabo<strong> la jornada de limpieza \u201cPlaya Limpia, Cero Pl\u00e1sticos\u201d<\/strong>.<\/span><\/p>\n<p><span style=\"font-size: 18pt;\"><strong>Esta jornada, al igual que las que se han realizado con anterioridad, tienen como objetivo principal prevenir y reducir significativamente la contaminaci\u00f3n marina, que es uno de los objetivos principales de la Agenda 2030.<\/strong><\/span><\/p>\n<p>&nbsp;<\/p>\n<p><img loading=\"lazy\" decoding=\"async\" class=\"aligncenter wp-image-11437 size-large\" src=\"https:\/\/politicosaldesnudo.com.mx\/wp-content\/uploads\/2022\/10\/P-LIMPIEZA-PLAYA-TUXPAN-1-1024x573.png\" alt=\"\" width=\"800\" height=\"448\" \/><\/p>\n<p>&nbsp;<\/p>\n<p><span style=\"font-size: 14pt;\">En esta limpieza que se realiz\u00f3 en Playa Norte participaron autoridades municipales; la Secretar\u00eda de Marina, a trav\u00e9s de la Quinta Zona Naval; la organizaci\u00f3n internacional Ocean Conservancy; y la Administraci\u00f3n del Sistema Portuario Nacional Tuxpan (ASIPONATUX).<\/span><\/p>\n<p><span style=\"font-size: 14pt;\">Asimismo, estudiantes y docentes del Centro de Estudios Tecnol\u00f3gico del Mar No. 20, Centro de Estudios Tecnol\u00f3gicos Industrial y de Servicios No. 111, Conalep 165 Jes\u00fas Reyes Heroles, la Escuela Primaria 18 de Marzo, e integrantes de la sociedad civil.<\/span><\/p>\n<p><span style=\"font-size: 18pt; color: #e42d33;\"><strong>Adem\u00e1s de recolectar PET en la Playa Norte, los voluntarios participaron en actividades recreativas como la concientizaci\u00f3n acerca de no depositar residuos pl\u00e1sticos en el mar, lo que permitir\u00e1 conservar la vida marina.<\/strong><\/span><\/p>\n<p>&nbsp;<\/p>\n<p><img loading=\"lazy\" decoding=\"async\" class=\"aligncenter wp-image-11439 size-large\" src=\"https:\/\/politicosaldesnudo.com.mx\/wp-content\/uploads\/2022\/10\/P-LIMPIEZA-PLAYA-TUXPAN-3-1024x573.png\" alt=\"\" width=\"800\" height=\"448\" \/><\/p>\n<p>&nbsp;<\/p>\n<p><span style=\"font-size: 18pt;\"><strong>En este mismo evento el gobierno municipal hizo entrega de contenedores de basura, los cuales se colocaron a lo largo de la playa.<\/strong><\/span><\/p>\n<p><span style=\"font-size: 14pt;\">Tambi\u00e9n se sumaron a esta jornada personal de la oficina Operadora de la CAEV Tuxpan, directores de las diversas \u00e1reas del Ayuntamiento, y los agentes municipales de la Mata de Tampamachoco y Barra Norte.<\/span><\/p>\n<p>&nbsp;<\/p>\n<p>&nbsp;<\/p>\n<p><span style=\"font-size: 18pt; color: #e42d33;\"><strong>**\u201cEste programa es p\u00fablico, ajeno a cualquier partido pol\u00edtico. Queda prohibido el uso para fines distintos a los establecidos en el programa\u201d**<\/strong><\/span><\/p>\n<p>&nbsp;<\/p>\n<p>&nbsp;<\/p>\n<p>&nbsp;<\/p>\n<p>&nbsp;<\/p>\n","protected":false},"excerpt":{"rendered":"<p>&nbsp; &nbsp; TUXPAN, VERACRUZ. El Gobierno de Tuxpan a trav\u00e9s de la coordinaci\u00f3n de Medio Ambiente, en colaboraci\u00f3n con el<\/p>\n","protected":false},"author":4,"featured_media":9085,"comment_status":"closed","ping_status":"closed","sticky":false,"template":"","format":"standard","meta":{"colormag_page_container_layout":"default_layout","colormag_page_sidebar_layout":"default_layout","_jetpack_memberships_contains_paid_content":false,"footnotes":"","jetpack_publicize_message":"","jetpack_publicize_feature_enabled":true,"jetpack_social_post_already_shared":true,"jetpack_social_options":{"image_generator_settings":{"template":"highway","default_image_id":0,"font":"","enabled":false},"version":2}},"categories":[356],"tags":[1546,1260,72,73],"class_list":["post-9083","post","type-post","status-publish","format-standard","has-post-thumbnail","hentry","category-veracruz","tag-limpieza","tag-playa","tag-tuxpan","tag-veracruz"],"jetpack_publicize_connections":[],"jetpack_featured_media_url":"https:\/\/noticiasveracruz.com\/wp-content\/uploads\/2022\/10\/P-LIMPIEZA-PLAYA-TUXPAN-2.png","jetpack_sharing_enabled":true,"publishpress_future_action":{"enabled":false,"date":"2026-05-05 14:39:27","action":"change-status","newStatus":"draft","terms":[],"taxonomy":"category","extraData":[]},"publishpress_future_workflow_manual_trigger":{"enabledWorkflows":[]},"_links":{"self":[{"href":"https:\/\/noticiasveracruz.com\/index.php\/wp-json\/wp\/v2\/posts\/9083","targetHints":{"allow":["GET"]}}],"collection":[{"href":"https:\/\/noticiasveracruz.com\/index.php\/wp-json\/wp\/v2\/posts"}],"about":[{"href":"https:\/\/noticiasveracruz.com\/index.php\/wp-json\/wp\/v2\/types\/post"}],"author":[{"embeddable":true,"href":"https:\/\/noticiasveracruz.com\/index.php\/wp-json\/wp\/v2\/users\/4"}],"replies":[{"embeddable":true,"href":"https:\/\/noticiasveracruz.com\/index.php\/wp-json\/wp\/v2\/comments?post=9083"}],"version-history":[{"count":0,"href":"https:\/\/noticiasveracruz.com\/index.php\/wp-json\/wp\/v2\/posts\/9083\/revisions"}],"wp:featuredmedia":[{"embeddable":true,"href":"https:\/\/noticiasveracruz.com\/index.php\/wp-json\/wp\/v2\/media\/9085"}],"wp:attachment":[{"href":"https:\/\/noticiasveracruz.com\/index.php\/wp-json\/wp\/v2\/media?parent=9083"}],"wp:term":[{"taxonomy":"category","embeddable":true,"href":"https:\/\/noticiasveracruz.com\/index.php\/wp-json\/wp\/v2\/categories?post=9083"},{"taxonomy":"post_tag","embeddable":true,"href":"https:\/\/noticiasveracruz.com\/index.php\/wp-json\/wp\/v2\/tags?post=9083"}],"curies":[{"name":"wp","href":"https:\/\/api.w.org\/{rel}","templated":true}]}}