{"id":9061,"date":"2022-10-17T01:41:58","date_gmt":"2022-10-17T06:41:58","guid":{"rendered":"https:\/\/noticiasveracruz.com\/?p=9061"},"modified":"2022-10-17T01:42:19","modified_gmt":"2022-10-17T06:42:19","slug":"de-adentro-hacia-afuera-el-futuro","status":"publish","type":"post","link":"https:\/\/noticiasveracruz.com\/index.php\/2022\/10\/17\/de-adentro-hacia-afuera-el-futuro\/","title":{"rendered":"De adentro hacia afuera, el futuro"},"content":{"rendered":"<p>&nbsp;<\/p>\n<p class=\"p1\"><span style=\"font-size: 18pt;\"><b>Por Francisco Blanco Calder\u00f3n<\/b><\/span><\/p>\n<p class=\"p1\"><span style=\"font-size: 14pt;\">Oposici\u00f3n sin rumbo, Claudio X. financiador de todos los movimientos fallidos como: S\u00ed por M\u00e9xico, Sociedad Civil M\u00e9xico, Unidos por M\u00e9xico, Poder Ciudadano, Frena, Frente C\u00edvico Nacional y Vamos por M\u00e9xico ahora presenta \u201ccon bombo y platillo\u201d a Unid@s,<span class=\"Apple-converted-space\">\u00a0 <\/span>con la novedad que apropia a los m\u00e1s de 30 precandidatos presidenciales, exhibidos en la ma\u00f1anera, ante la evidente incapacidad de aglutinar ciudadanos, integra a dos novedades pol\u00edticas Emilio \u00c1lvarez Icaza y Dante Delgado con MC, son m\u00e1s precandidatos que ciudadanos inscritos, como exhibiera en su reciente cart\u00f3n El Fisg\u00f3n.<\/span><\/p>\n<p class=\"p1\"><span style=\"font-size: 14pt;\">De acuerdo al libro de \u00c1lvaro Delgado y Alejandro P\u00e1ez, La Disputa por M\u00e9xico: \u201cY aqu\u00ed estamos sorprendidos por las fotos de quienes podr\u00edan contar la historia contempor\u00e1nea y aparecen hincados, borrachos de poder, ante el ogro filantr\u00f3pico (Claudio equis) frente a una generaci\u00f3n<span class=\"Apple-converted-space\">\u00a0 <\/span>de intelectuales que envejeci\u00f3 mal porque hizo una apuesta, la peor de todas, en contra de las mayor\u00edas\u201d.<\/span><\/p>\n<p class=\"p1\"><span style=\"font-size: 14pt;\">Y es as\u00ed a partir del 2018, justificando los fraudes del 1988, 2006 y 2012. La pugna en M\u00e9xico en por dos visiones encontradas de pa\u00eds: el modelo neoliberal imperante desde Salinas hasta Pe\u00f1a Nieto contra la propuesta de Naci\u00f3n<span class=\"Apple-converted-space\">\u00a0 <\/span>de la Cuarta Transformaci\u00f3n de un cambio radical en la relaci\u00f3n Gobierno-Empresa, combate a la corrupci\u00f3n, primero los pobres<span class=\"Apple-converted-space\">\u00a0 <\/span>y<span class=\"Apple-converted-space\">\u00a0 <\/span>frenar el saqueo irracional y c\u00ednico de M\u00e9xico.\u00a0<\/span><\/p>\n<p>&nbsp;<\/p>\n<p class=\"p1\"><span style=\"font-size: 18pt; color: #e42d33;\"><b>RECONSTRUYENDO M\u00c9XICO<\/b><\/span><\/p>\n<p class=\"p1\"><span style=\"font-size: 14pt;\">Durante el periodo de Andr\u00e9s Manuel L\u00f3pez Obrador se dio prioridad a la construcci\u00f3n del pa\u00eds hacia adentro, rescate de los sectores educativo y de salud, regeneraci\u00f3n de la infraestructura petrolera y el\u00e9ctrica, atenci\u00f3n de los sectores desfavorecidos, darle soluci\u00f3n inmediata a la pandemia del Covid 19, que afect\u00f3 severamente a nuestra poblaci\u00f3n en su salud y en el trabajo, y el rescate de los bienes nacionales contra el saqueo desmedido de<span class=\"Apple-converted-space\">\u00a0 <\/span>trasnacionales por acuerdos con los gobiernos neoliberales.<\/span><\/p>\n<p class=\"p1\"><span style=\"font-size: 14pt;\">La visi\u00f3n nacional de la segunda etapa de la 4T debe enfocarse hacia afuera, hacia el exterior, mejorar las relaciones con los pa\u00edses eje de las grandes econom\u00edas como Estados Unidos, Rusia, China y Europa principalmente, como las naciones emergentes de los grandes continentes americanos, africanos y asi\u00e1ticos. <\/span><\/p>\n<p class=\"p1\"><span style=\"font-size: 14pt;\">El fen\u00f3meno de la migraci\u00f3n mundial ha incidido severamente en M\u00e9xico por la violencia, escasez de trabajo y el logro del mejoramiento de vida de sociedades marginales. As\u00ed como el saqueo desmesurado de los recursos naturales de los pa\u00edses emergentes, la explotaci\u00f3n de la mano de obra y el manejo financiero de sus econom\u00edas sometidas por el poder trasnacional.<\/span><\/p>\n<p class=\"p1\"><span style=\"font-size: 14pt;\">M\u00e9xico debe ahora enfrentar, con el ir consolidando la 4, con<span class=\"Apple-converted-space\">\u00a0 <\/span>una perspectiva m\u00e1s en\u00e9rgica hacia el exterior para lograr una interdependencia con las grandes potencias y respaldar a econom\u00edas m\u00e1s debilitadas a la nuestra.<\/span><\/p>\n<p class=\"p1\"><span style=\"font-size: 14pt;\">Ante la frivolidad opositora que se sostiene en chismes, noticias falsas, manipuleo medi\u00e1tico en lugar de propuestas, dise\u00f1o de un pa\u00eds para el futuro, reflexiones honestas de cambio que justifiquen su visi\u00f3n de naci\u00f3n como lo han hecho en estos m\u00e1s de tres a\u00f1os.<\/span><\/p>\n<p>&nbsp;<\/p>\n<p class=\"p1\"><span style=\"font-size: 18pt; color: #e42d33;\"><b>OPOSICI\u00d3N SIN LIDERAZGO<\/b><\/span><\/p>\n<p class=\"p1\"><span style=\"font-size: 14pt;\">Una oposici\u00f3n sin liderazgo formal, solo figuras medi\u00e1ticas. Personajes de un pasado desastroso y con fines individualistas sin mirar a la demanda de las mayor\u00edas. Recuperar el poder para el retorno de sus privilegios y corruptelas. De las figuras que destacan sobresalen, solo los priistas, ning\u00fan panista y mucho menos nadie del PRD: Beatriz Paredes, Enrique de la Madrid indiscutiblemente. Contra la generaci\u00f3n del cambio en la que sobresalen Marcelo Ebrard, Claudia Sheinbaum, Ad\u00e1n Augusto L\u00f3pez, Ricardo Monreal y Gerardo Fern\u00e1ndez Noro\u00f1a y nadie m\u00e1s. <\/span><\/p>\n<p class=\"p1\"><span style=\"font-size: 14pt;\">El Di\u00e1logo de Alto Nivel sobre Seguridad (DANS) entre ambos pa\u00edses, Blinken y el canciller Marcelo Ebrard, junto con otros integrantes de las delegaciones, ofrecieron una conferencia de prensa, en la que se\u00f1alaron que se requiere hacer m\u00e1s para combatir el trasiego ilegal de armas de Estados Unidos a M\u00e9xico, el tr\u00e1fico de fentanilo y la trata de personas, en su intervenci\u00f3n Marcelo Ebrard destac\u00f3: \u201cDestac\u00f3 que el trabajo conjunto entre los dos gobiernos permiti\u00f3 el decomiso de artefactos en el \u00faltimo a\u00f1o; consider\u00f3 que si estuvieran en M\u00e9xico, no tendr\u00edamos una reducci\u00f3n de 9.2 por ciento en homicidios. Las incautaciones sde cartuchos, y cada uno puede matar a alguien en el pa\u00eds. No s\u00f3lo es una cifra, son personas a las que les estamos salvando la vida, subray\u00f3. Asimismo, dijo que las autoridades decomisaron 154 toneladas de metanfetaminas y 94 de coca\u00edna, en operaciones de intercepci\u00f3n por mar y aire\u201d.<\/span><\/p>\n<p class=\"p1\"><span style=\"font-size: 14pt;\">Por otro lado el canciller Marcelo Ebrard puntualiz\u00f3 a la embajada de Estados Unidos cu\u00e1les son sus l\u00edmites de actuaci\u00f3n en M\u00e9xico, luego de que el embajador Ken Salazar y representantes de las agencias de seguridad estadunidenses se reunieron la semana pasada con el gobernador de Zacatecas, David Monreal. \u201cYa les hice saber en la embajada en detalle cu\u00e1les son los l\u00edmites que tiene para ese tipo de visitas o compromisos: no se pueden hacer si no est\u00e1 el gobierno federal, no se pueden firmar documentos si nosotros no lo autorizamos, expres\u00f3 Ebrard en la habitual rueda de prensa del presidente Andr\u00e9s Manuel L\u00f3pez Obrador, realizada ayer en Palacio Nacional\u201d.<span class=\"Apple-converted-space\">\u00a0 <\/span>(La Jornada).<\/span><\/p>\n<p class=\"p1\"><span style=\"font-size: 14pt;\">Marcelo es y ser\u00e1 el candidato para lograr esa consolidaci\u00f3n de la 4T, no hay de otra. <\/span><\/p>\n<p>&nbsp;<\/p>\n<p>&nbsp;<\/p>\n<p><span style=\"font-size: 18pt; color: #e42d33;\"><em><strong>**Las columnas firmadas en este medio son responsabilidad de quienes las firman**<\/strong><\/em><\/span><\/p>\n<p>&nbsp;<\/p>\n","protected":false},"excerpt":{"rendered":"<p>&nbsp; Por Francisco Blanco Calder\u00f3n Oposici\u00f3n sin rumbo, Claudio X. financiador de todos los movimientos fallidos como: S\u00ed por M\u00e9xico,<\/p>\n","protected":false},"author":4,"featured_media":3566,"comment_status":"closed","ping_status":"closed","sticky":false,"template":"","format":"standard","meta":{"colormag_page_container_layout":"default_layout","colormag_page_sidebar_layout":"default_layout","_jetpack_memberships_contains_paid_content":false,"footnotes":"","jetpack_publicize_message":"","jetpack_publicize_feature_enabled":true,"jetpack_social_post_already_shared":true,"jetpack_social_options":{"image_generator_settings":{"template":"highway","default_image_id":0,"font":"","enabled":false},"version":2}},"categories":[6],"tags":[],"class_list":["post-9061","post","type-post","status-publish","format-standard","has-post-thumbnail","hentry","category-columnistas"],"jetpack_publicize_connections":[],"jetpack_featured_media_url":"https:\/\/noticiasveracruz.com\/wp-content\/uploads\/2022\/04\/NV-FRANCISCO-BLANCO.png","jetpack_sharing_enabled":true,"publishpress_future_action":{"enabled":false,"date":"2026-05-06 13:53:00","action":"change-status","newStatus":"draft","terms":[],"taxonomy":"category","extraData":[]},"publishpress_future_workflow_manual_trigger":{"enabledWorkflows":[]},"_links":{"self":[{"href":"https:\/\/noticiasveracruz.com\/index.php\/wp-json\/wp\/v2\/posts\/9061","targetHints":{"allow":["GET"]}}],"collection":[{"href":"https:\/\/noticiasveracruz.com\/index.php\/wp-json\/wp\/v2\/posts"}],"about":[{"href":"https:\/\/noticiasveracruz.com\/index.php\/wp-json\/wp\/v2\/types\/post"}],"author":[{"embeddable":true,"href":"https:\/\/noticiasveracruz.com\/index.php\/wp-json\/wp\/v2\/users\/4"}],"replies":[{"embeddable":true,"href":"https:\/\/noticiasveracruz.com\/index.php\/wp-json\/wp\/v2\/comments?post=9061"}],"version-history":[{"count":0,"href":"https:\/\/noticiasveracruz.com\/index.php\/wp-json\/wp\/v2\/posts\/9061\/revisions"}],"wp:featuredmedia":[{"embeddable":true,"href":"https:\/\/noticiasveracruz.com\/index.php\/wp-json\/wp\/v2\/media\/3566"}],"wp:attachment":[{"href":"https:\/\/noticiasveracruz.com\/index.php\/wp-json\/wp\/v2\/media?parent=9061"}],"wp:term":[{"taxonomy":"category","embeddable":true,"href":"https:\/\/noticiasveracruz.com\/index.php\/wp-json\/wp\/v2\/categories?post=9061"},{"taxonomy":"post_tag","embeddable":true,"href":"https:\/\/noticiasveracruz.com\/index.php\/wp-json\/wp\/v2\/tags?post=9061"}],"curies":[{"name":"wp","href":"https:\/\/api.w.org\/{rel}","templated":true}]}}