{"id":9058,"date":"2022-10-17T01:38:47","date_gmt":"2022-10-17T06:38:47","guid":{"rendered":"https:\/\/noticiasveracruz.com\/?p=9058"},"modified":"2022-10-17T01:39:23","modified_gmt":"2022-10-17T06:39:23","slug":"9058","status":"publish","type":"post","link":"https:\/\/noticiasveracruz.com\/index.php\/2022\/10\/17\/9058\/","title":{"rendered":"La encrucijada de Morena y el PRI: Edomex"},"content":{"rendered":"<p>&nbsp;<\/p>\n<p class=\"p1\"><span style=\"font-size: 18pt;\"><b>Por Carlos O. Silva Bandala<\/b><\/span><\/p>\n<p class=\"p1\"><span style=\"font-size: 14pt;\">En el Edomex, la encrucijada de Morena (AMLO) y el PRI \/ Atlacomulco, son como dos caminos que se cruzan entre s\u00ed. Confluyen diversos acontecimientos pol\u00edticos e historia. <\/span><\/p>\n<p class=\"p1\"><span style=\"font-size: 14pt;\">El PAN tuvo muy en claro, que sumar al PRD y al PRI en La Alianza Va Por M\u00e9xico, le daban opci\u00f3n de ser sus escuderos de oposici\u00f3n al r\u00e9gimen del Presidente AMLO. Uno y otro partido pol\u00edtico fueron otrora grandes institutos pol\u00edticos. Del PRD surgieron personalidades muy reconocidas por la convicci\u00f3n de sus ideales y luchas sociales por democratizar m\u00e1s la pol\u00edtica. Solo para mencionar algunos, Porfirio Mu\u00f1oz Ledo, Cuauht\u00e9moc C\u00e1rdenas, Andr\u00e9s Manuel L\u00f3pez Obrador. Los reg\u00edmenes pri\u00edstas, m\u00e1s de 70 a\u00f1os, fueron caracterizados por su f\u00e9rreo control centralista del poder. El PRI y sus personalidades presidenciales, forman parte de la misma historia de la Rep\u00fablica. El desarrollo econ\u00f3mico y social, la misma fisonom\u00eda del pa\u00eds, es en mucho el efecto del poder presidencial. <\/span><\/p>\n<p class=\"p1\"><span style=\"font-size: 14pt;\">Los presidentes de la Rep\u00fablica, pri\u00edstas, eran casi intocables, casi imposible saludarles de mano. Rodeados siempre por el Estado Mayor Presidencial; reflejaban temor y poder, y, era muy cierto esos sentimientos. Pero hoy al PRI y al PRD se les vino la historia encima. Saben que est\u00e1n a punto de desaparecer, pero se niegan a ver la realidad; una realidad que poco a poco los est\u00e1 dejando como an\u00e9cdota para las pr\u00f3ximas elecciones del 2024 y no como una opci\u00f3n, lo que les obliga a concebir un plan de contingencia preelectoral.<\/span><\/p>\n<p class=\"p1\"><span style=\"font-size: 14pt;\">Tres partidos pol\u00edticos, Morena, PAN y PRI avanzan con sus precandidaturas a la elecci\u00f3n presidencial en el 2024. Est\u00e1n haciendo camino al andar, pues el ejemplo que por m\u00e1s o menos 20 a\u00f1os, lo tienen frente as\u00ed, Andr\u00e9s Manuel L\u00f3pez Obrador. Lo necesitan hacer para que al menos les vean la cara. En Morena, Claudia Sheinbaum se viene afianzando como la posible candidata presidencial y recorre cada vez m\u00e1s y m\u00e1s, el pa\u00eds, para que su personalidad se fije en la intensi\u00f3n del voto de los simpatizantes del Presidente AMLO. Respecto de los m\u00e1s o menos 30 millones de beneficiarios por los programas asistencialistas del gobierno lopezobradorista, se vuelve impostergable que la observen como la personalidad en la que el Presidente deposita su confianza de que los beneficios que est\u00e1n recibiendo, no les sean ninguneados, ni en lo legal, ni en lo presupuestal. <\/span><\/p>\n<p class=\"p1\"><span style=\"font-size: 14pt;\">De lo bueno, regular o malo de su penetraci\u00f3n social- electoral como candidata presidencial, depender\u00e1, tambi\u00e9n, que Morena logre al menos, ser primera minor\u00eda en el Congreso de la Uni\u00f3n. Situaci\u00f3n tan importante como el mismo triunfo electoral presidencial. La carga pol\u00edtica que alcance en la muestra reproducida de sus giras al interior de la Rep\u00fablica, no ser\u00e1 suficiente para lograr per se, una votaci\u00f3n similar a la obtenida por el Presidente AMLO en el 2018 de 30 millones de votos a su favor. De ah\u00ed que la verdadera fuerza pol\u00edtica de su precampa\u00f1a y campa\u00f1a, es y seguir\u00e1 siendo, el liderazgo del Presidente. Bien dicen: al que a buen \u00e1rbol se arrima buena sombra le cobija. La sombra del Presidente por los 4 costados en la personalidad de la se\u00f1ora Sheinbaum, es la carta de presentaci\u00f3n m\u00e1s importante, sin la cual no llegar\u00eda a feliz puerto su precandidatura presidencial, y llegado el momento el triunfo electoral en el 2024.<\/span><\/p>\n<p>&nbsp;<\/p>\n<p><img loading=\"lazy\" decoding=\"async\" class=\"aligncenter wp-image-11408 size-large\" src=\"https:\/\/politicosaldesnudo.com.mx\/wp-content\/uploads\/2022\/10\/P-DELFINA-GOMEZ-1-1024x573.png\" alt=\"\" width=\"800\" height=\"448\" \/><\/p>\n<p>&nbsp;<\/p>\n<p class=\"p1\"><span style=\"font-size: 18pt; color: #e42d33;\"><b>EL CIRCO PREELECTORAL PAN \/ PRI<\/b><\/span><\/p>\n<p class=\"p1\"><span style=\"font-size: 14pt;\">El Presidente L\u00f3pez Obrador se ha dado cuenta del teatro que han montado el PAN y el PRI al mencionar a sus precandidatos presidenciales, por lo que se mofa de ello y les complementa con 42 personalidades, ahora bien, las campa\u00f1as circenses que han montado dichos partidos, no son otra cosa que pasarelas de vanagloria, alabanza desmedida para aquellos que se muestran como figuras a la candidatura presidencial, represent\u00e1ndolos; pues si bien, algunos de ellos son respetables por su historial pol\u00edtico, en un partido como en el otro, en los dem\u00e1s ni a \u201ccuarto de milla\u201d llegan; son relleno con caballada flaca.<\/span><\/p>\n<p class=\"p1\"><span style=\"font-size: 14pt;\">En el PAN, esa excepci\u00f3n positiva, la representa Santiago Creel, dispuesto a ir solo a la candidatura por la presidencia de la Rep\u00fablica, tal vez ali\u00e1ndosele PRD. Consecuentemente, el PRI hace lo propio; el edificio de las oficinas del CEN del PRI, Alejandro Moreno lo pretende transformar en una tienda temporal para albergar a un p\u00fablico pri\u00edsta y al espect\u00e1culo en s\u00ed, que dar\u00e1n con sus exposiciones, sus invitados, escogidos por \u00e9l (\u00a1Ojo!), pues, no se conoce alguna metodolog\u00eda de evaluaci\u00f3n pol\u00edtico social que los ubique en ese grupo selecto para representar en su momento al PRI en la campa\u00f1a presidencial; ha dicho que los d\u00edas 17 y 18 de este mes de octubre se llevar\u00e1 a cabo Di\u00e1logos por M\u00e9xico, habiendo anunciado una mezcolanza de participantes sin sentido de igualdad y equidad en la historia pol\u00edtica personal, que muestre seriedad y respeto por algunos de ellos. Dos exgobernadores, perdedores pri\u00edstas en las elecciones recientes, frente a Morena: Alejandro Murat en Oaxaca y Omar Fayad en Hidalgo. Si no pudieron sacar adelante a los candidatos de su partido, en que cabeza cabe, con que cara se atrever\u00e1n a considerarse por ellos mismos y por Alejandro Moreno, precandidatos, ya no digamos candidatos. La insolencia sin l\u00edmite de petulancia c\u00ednica. Enrique de la Madrid, hijo del expresidente del mismo apellido y Jos\u00e9 \u00c1ngel Gurr\u00eda, se alucinan con esa ambici\u00f3n; unos y otros dar\u00edan la impresi\u00f3n de estar como en estado de Alzheimer \u201cpol\u00edtico\u201d, que, en alucinaci\u00f3n, ven, oyen, huelen, saborean o sienten algo que en realidad no est\u00e1 ah\u00ed, no en sus circunstancias, seria y objetivamente. Es m\u00e1s, poco o en nada se les conoce en el pa\u00eds. <\/span><\/p>\n<p class=\"p1\"><span style=\"font-size: 14pt;\">A contrario sensu, Alfredo del Mazo gobernador del Edomex y Miguel \u00c1ngel Riquelme gobernador del Estado de Coahuila, la misma, senadora Beatriz Paredes, son otra cosa, ciertamente experimentados, doctos pol\u00edticos. La elecci\u00f3n de gobernador de Coahuila en el 2023 es territorio de los Moreira, Humberto y Rub\u00e9n, que mantienen cacicazgos pol\u00edticos nada f\u00e1cil de desmontar. El actual gobernador, Enrique Riquelme, pol\u00edtico inteligente, audaz y emprendedor, le reconocen sus paisanos, un buen gobierno. Seg\u00fan datan las encuestas, el PRI conservar\u00e1 la gobernatura. Riquelme a hecho sentir que s\u00ed quiere ser el candidato presidencial del PRI. Sin embargo, primero lo primero, que el PRI confirme el triunfo estatal. Nada lejano es que s\u00ed acuda a la carpa pri\u00edsta\/Alito, pues, estima que ganar\u00e1 la elecci\u00f3n con su candidato\/a. Ante la realidad pol\u00edtica de desastre en el que est\u00e1 el PRI, sin duda que Riquelme es la mejor carta pol\u00edtica para jugar en la elecci\u00f3n presidencial, pero todo a su tiempo.<\/span><\/p>\n<p class=\"p1\"><span style=\"font-size: 14pt;\">Alfredo del Mazo, dif\u00edcil que acepte ser parte de ese elenco teatrero. Su responsabilidad, preocupaci\u00f3n y ocupaci\u00f3n, es que el candidato \/ a del PRI al gobierno del Estado, logre el triunfo a disputarse en el 2023. Tarea muy complicada y dif\u00edcil ante la maquinaria morenista puesta en marcha con todo el respaldo presidencial. \u00a1Y c\u00f3mo no!, si el Edomex, en el preproceso de la campa\u00f1a presidencial, es la entidad federativa m\u00e1s valiosa, de todas las dem\u00e1s, que hoy representan en m\u00e1s de una veintena, gobiernos morenistas; para el Presidente \/ Morena Sheinbaum hay mucho en juego en esa elecci\u00f3n estatal. La CdMx y el Edomex son territorios conurbados entre s\u00ed, de un lado y para el otro, y viceversa. La retroalimentaci\u00f3n social y laboral, por supuesto lo cultural, es enorme entre ambas entidades.<\/span><\/p>\n<p class=\"p1\"><span style=\"font-size: 14pt;\">Ninguna elecci\u00f3n estatal de toda la veintena que ha ganado Morena es tan importante, es m\u00e1s, a\u00fan todas juntas, que la elecci\u00f3n al comento. Sheinbaum \/ Morena son gobierno en la mitad de las alcald\u00edas, siendo gobierno citadino (Claudia Sheinbaum, gobernadora). El punto es, que por esa interacci\u00f3n interestatal y por la circunstancia anotada, que perfila a la gobernadora de la CdMx como la posible candidata presidencial morenista, los resultados electorales, para bien o para mal tendr\u00e1n un efecto muy considerable en los an\u00e1lisis estrat\u00e9gicos para la elecci\u00f3n presidencial al a\u00f1o siguiente de dicha elecci\u00f3n estatal. De perder Morena la elecci\u00f3n mexiquense o terminar en los tribunales por empate t\u00e9cnico\/electoral, el efecto espejo pudiera darse en la elecci\u00f3n para el gobierno de la CdMx y las alcald\u00edas, y, consecuentemente, mandar\u00eda se\u00f1ales preocupantes, alarmantes para los resultados electorales de la campa\u00f1a presidencial y dem\u00e1s en el 2024.<\/span><\/p>\n<p>&nbsp;<\/p>\n<p><img loading=\"lazy\" decoding=\"async\" class=\"aligncenter wp-image-11407 size-large\" src=\"https:\/\/politicosaldesnudo.com.mx\/wp-content\/uploads\/2022\/10\/P-ALEJANDRA-DEL-MORAL-1024x573.png\" alt=\"\" width=\"800\" height=\"448\" \/><\/p>\n<p>&nbsp;<\/p>\n<p class=\"p1\"><span style=\"font-size: 18pt; color: #e42d33;\"><b>LA DESCONFIANZA <\/b><\/span><\/p>\n<p class=\"p1\"><span style=\"font-size: 14pt;\">La confianza, es la creencia en que una persona ser\u00e1 capaz y desear\u00e1 actuar de manera adecuada en una determinada situaci\u00f3n y pensamientos. Hist\u00f3ricamente el Grupo Atlacomulco y sus gobernadores (exs) nunca se han confrontado con el Presidente de la Rep\u00fablica en funciones (por el contrario han sido sus aliados), como igual es la actuaci\u00f3n del actual gobernador Alfredo del Mazo. Viene esto al an\u00e1lisis, porque todo indica que el gobernador del Mazo y los exgobernadores Emilio Chuayffet, C\u00e9sar Camacho, Eruviel \u00c1vila, no conf\u00edan en la profesora Delfina G\u00f3mez, precandidata de Morena al Edomex para la conservaci\u00f3n y continuaci\u00f3n del liderazgo econ\u00f3mico y pol\u00edtico del Grupo Atlacomulco de tal manera, que dichos liderazgos pol\u00edticos que representan en diversos territorios mexiquenses, est\u00e1n y as\u00ed continuar\u00e1n, reposicionando al PRI, particularmente en la personalidad de Alejandra del Moral, que seg\u00fan algunas encuestas de opini\u00f3n, el PRI tiene con qu\u00e9 ganar la elecci\u00f3n estatal.<\/span><\/p>\n<p class=\"p1\"><span style=\"font-size: 14pt;\">Claudia Sheinbaum ni yendo a bailar a Chalma, lograr\u00e1 parecerse en la votaci\u00f3n de AMLO que lo encumbra como Presidente de la Rep\u00fablica, pero que a la sombra del caudillo, es casi seguro, que ser\u00e1 la pr\u00f3xima presidenta de M\u00e9xico. Pero, como se anot\u00f3 anteriormente, que suceder\u00e1, de acuerdo con los escenarios mexiquenses, con Morena en el Congreso de la Uni\u00f3n, si no alcanza la primera minor\u00eda; los primeros tres a\u00f1os del nuevo gobierno, ser\u00e1n muy complicados desde all\u00ed. Ya lo hemos visto en las actuales circunstancias del Presidente y el Congreso, con una primera minor\u00eda de su lado, y, lo complicado que ha sido concertar acuerdos para su proyecto pol\u00edtico. Estamos hablando del Presidente de la Rep\u00fablica m\u00e1s pol\u00edtico y m\u00e1s insigne de la pol\u00edtica de los \u00faltimos 30 a\u00f1os. Por eso es tan importante los resultados electorales del pr\u00f3ximo a\u00f1o del Edomex.<\/span><\/p>\n<p class=\"p1\"><span style=\"font-size: 14pt;\">Si, como hemos venido observando, la candidatura presidencial es de ocupaci\u00f3n y preocupaci\u00f3n del Presidente, no es menor la futura composici\u00f3n del Congreso de la Uni\u00f3n. En la pol\u00edtica se siembran resentimientos, que, en su momento, si las circunstancias lo permiten, se cobran las facturas, se dan las venganzas pol\u00edticas. No hay ning\u00fan pol\u00edtico santo que perdone las ofensas recibidas, porque no son santos. Son todo menos eso.<\/span><\/p>\n<p>&nbsp;<\/p>\n<p>&nbsp;<\/p>\n<p><strong><span style=\"font-size: 18pt;\">Correo: <span class=\"s1\"><a href=\"mailto:flormarcc2@gmail.com\">flormarcc2@gmail.com<\/a><\/span><\/span><\/strong><\/p>\n<p>&nbsp;<\/p>\n<p><span style=\"font-size: 18pt; color: #e42d33;\"><em><strong>**Las columnas firmadas en este medio son responsabilidad de quienes las firman**<\/strong><\/em><\/span><\/p>\n<p>&nbsp;<\/p>\n<p>&nbsp;<\/p>\n<p>&nbsp;<\/p>\n<p>&nbsp;<\/p>\n<p>&nbsp;<\/p>\n","protected":false},"excerpt":{"rendered":"<p>&nbsp; Por Carlos O. Silva Bandala En el Edomex, la encrucijada de Morena (AMLO) y el PRI \/ Atlacomulco, son<\/p>\n","protected":false},"author":4,"featured_media":7039,"comment_status":"closed","ping_status":"closed","sticky":false,"template":"","format":"standard","meta":{"colormag_page_container_layout":"default_layout","colormag_page_sidebar_layout":"default_layout","_jetpack_memberships_contains_paid_content":false,"footnotes":"","jetpack_publicize_message":"","jetpack_publicize_feature_enabled":true,"jetpack_social_post_already_shared":true,"jetpack_social_options":{"image_generator_settings":{"template":"highway","default_image_id":0,"font":"","enabled":false},"version":2}},"categories":[6],"tags":[],"class_list":["post-9058","post","type-post","status-publish","format-standard","has-post-thumbnail","hentry","category-columnistas"],"jetpack_publicize_connections":[],"jetpack_featured_media_url":"https:\/\/noticiasveracruz.com\/wp-content\/uploads\/2022\/08\/NV-CARLOS-SILVA2.png","jetpack_sharing_enabled":true,"publishpress_future_action":{"enabled":false,"date":"2026-05-06 14:31:17","action":"change-status","newStatus":"draft","terms":[],"taxonomy":"category","extraData":[]},"publishpress_future_workflow_manual_trigger":{"enabledWorkflows":[]},"_links":{"self":[{"href":"https:\/\/noticiasveracruz.com\/index.php\/wp-json\/wp\/v2\/posts\/9058","targetHints":{"allow":["GET"]}}],"collection":[{"href":"https:\/\/noticiasveracruz.com\/index.php\/wp-json\/wp\/v2\/posts"}],"about":[{"href":"https:\/\/noticiasveracruz.com\/index.php\/wp-json\/wp\/v2\/types\/post"}],"author":[{"embeddable":true,"href":"https:\/\/noticiasveracruz.com\/index.php\/wp-json\/wp\/v2\/users\/4"}],"replies":[{"embeddable":true,"href":"https:\/\/noticiasveracruz.com\/index.php\/wp-json\/wp\/v2\/comments?post=9058"}],"version-history":[{"count":0,"href":"https:\/\/noticiasveracruz.com\/index.php\/wp-json\/wp\/v2\/posts\/9058\/revisions"}],"wp:featuredmedia":[{"embeddable":true,"href":"https:\/\/noticiasveracruz.com\/index.php\/wp-json\/wp\/v2\/media\/7039"}],"wp:attachment":[{"href":"https:\/\/noticiasveracruz.com\/index.php\/wp-json\/wp\/v2\/media?parent=9058"}],"wp:term":[{"taxonomy":"category","embeddable":true,"href":"https:\/\/noticiasveracruz.com\/index.php\/wp-json\/wp\/v2\/categories?post=9058"},{"taxonomy":"post_tag","embeddable":true,"href":"https:\/\/noticiasveracruz.com\/index.php\/wp-json\/wp\/v2\/tags?post=9058"}],"curies":[{"name":"wp","href":"https:\/\/api.w.org\/{rel}","templated":true}]}}