{"id":9049,"date":"2022-10-17T01:21:29","date_gmt":"2022-10-17T06:21:29","guid":{"rendered":"https:\/\/noticiasveracruz.com\/?p=9049"},"modified":"2022-10-17T01:21:29","modified_gmt":"2022-10-17T06:21:29","slug":"delia-a-que-hora-te-vas","status":"publish","type":"post","link":"https:\/\/noticiasveracruz.com\/index.php\/2022\/10\/17\/delia-a-que-hora-te-vas\/","title":{"rendered":"Delia\u2026 \u00bfa qu\u00e9 hora te vas?"},"content":{"rendered":"<p class=\"p1\">\n<p>&nbsp;<\/p>\n<p class=\"p1\"><strong><span style=\"font-size: 18pt;\">Por Luis Ram\u00edrez Baqueiro<\/span><\/strong><\/p>\n<p>&nbsp;<\/p>\n<p>&nbsp;<\/p>\n<p class=\"p1\" style=\"text-align: center;\"><em><strong><span style=\"font-size: 18pt;\">\u201cEl fracaso fortifica a los fuertes\u201d <\/span><\/strong><\/em><\/p>\n<p class=\"p1\" style=\"text-align: center;\"><span style=\"font-size: 18pt;\">\u2013 Antoine de Saint-Exup\u00e9ry \u2013<\/span><\/p>\n<p>&nbsp;<\/p>\n<p>&nbsp;<\/p>\n<p class=\"p1\"><span style=\"font-size: 14pt;\">Tras las afirmaciones del presidente de la Junta de Coordinaci\u00f3n Pol\u00edtica de la Sexag\u00e9sima Sexta Legislatura, Juan Javier G\u00f3mez Cazar\u00edn respecto a que no aprobar\u00e1 la cuenta p\u00fablica 2021, por presentarse una importante serie de irregularidades, una pregunta flota en el ambiente pol\u00edtico.<\/span><\/p>\n<p class=\"p1\"><span style=\"font-size: 14pt;\">Delia\u2026 \u00bfa qu\u00e9 hora te vas?<\/span><\/p>\n<p class=\"p1\"><span style=\"font-size: 14pt;\">Y si la salida de la a\u00fan auditora general del Organismo de Fiscalizaci\u00f3n Superior (ORFIS) Delia Gonz\u00e1lez Cobos es inminente.<\/span><\/p>\n<p class=\"p1\"><span style=\"font-size: 14pt;\">Insostenible en el encargo, bajo un halo claro y evidente de corrupci\u00f3n, su presencia en s\u00ed misma mancha la ya vapuleada imagen del ente aut\u00f3nomo.<\/span><\/p>\n<p class=\"p1\"><span style=\"font-size: 14pt;\">Sus recientes declaraciones que acusan de haber sido entrampada por el verdadero delincuente profesional que la llev\u00f3 a la crisis que hoy enfrenta son la evidencia que entre delincuentes no hay lealtades.<\/span><\/p>\n<p class=\"p1\"><span style=\"font-size: 14pt;\">Lo vimos con Javier Duarte, a su ca\u00edda, todos sus compinches comenzaron a cantar cuales jilgueros y han sido clave fundamental para su permanencia en prisi\u00f3n, de donde aqu\u00ed mismo hemos se\u00f1alado, no debe salir jam\u00e1s.<\/span><\/p>\n<p class=\"p1\"><span style=\"font-size: 14pt;\">Quiz\u00e1 las acusaciones por actos de lesa humanidad en la Corte de Justicia Penal Internacional con sede en La Haya, ser\u00e1n el fundamento de su permanencia perpetua en prisi\u00f3n.<\/span><\/p>\n<p class=\"p1\"><span style=\"font-size: 14pt;\">Pero regresando al caso que nos ocupa, la realidad y vergonzante situaci\u00f3n que enfrenta la funcionaria del ORFIS es innegable.<\/span><\/p>\n<p class=\"p1\"><span style=\"font-size: 14pt;\">Atrapada con los dedos en la puerta, la responsable de salvaguardar el dinero de los veracruzanos est\u00e1 m\u00e1s \u201cpa all\u00e1 , que pa ac\u00e1\u201d como dijera el cl\u00e1sico cuitlahuista.<\/span><\/p>\n<p class=\"p1\"><span style=\"font-size: 14pt;\">Las m\u00e1s recientes declaraciones de la diputada local por Movimiento Ciudadano (MC), Ruth Callejas Rold\u00e1n lo confirman.<\/span><\/p>\n<p class=\"p1\"><span style=\"font-size: 14pt;\">La legisladora opin\u00f3 que es necesario limpiar totalmente al \u201cORFIS\u201d, pues dijo dudar de su funci\u00f3n y de los resultados de sus auditor\u00edas tras los esc\u00e1ndalos de por \u00abmoches\u00bb millonarios, funcionarios corruptos e injerencia de altos funcionarios del Gobierno Estatal en las auditor\u00edas y dict\u00e1menes financieros en municipios por la Cuenta P\u00fablica 2021.<\/span><\/p>\n<p class=\"p1\"><span style=\"font-size: 14pt;\">La diputada local asegur\u00f3 que mandos directivos y operativos del ORFIS comenten actos al margen de la ley como el haber limpiado las cuentas p\u00fablicas a varios ex alcaldes y ex funcionarios municipales a cambio de moches millonarios por los que ya renunciaron funcionarios muy cercanos a la titular del organismo, Delia Gonz\u00e1lez Cobos.<\/span><\/p>\n<p class=\"p1\"><span style=\"font-size: 14pt;\">Es evidente que el llamado va m\u00e1s all\u00e1, y cuando se demanda una reforma integral para hacer m\u00e1s operativos a los \u00f3rganos aut\u00f3nomos como el propio ORFIS \u201cen su estructura y en su plantilla laboral, porque la mayor\u00eda de los recursos que entran a las arcas municipales de los municipios es recurso federal, no estatal, entonces qui\u00e9n tiene responsabilidad, m\u00e1s que el ORFIS, es la Auditor\u00eda Superior de la Federaci\u00f3n (ASF), por lo que tendr\u00edamos que ver si no les corresponde a ellos el investigar los actos de corrupci\u00f3n y da\u00f1o patrimonial a las arcas municipales cuando se realizan las auditor\u00edas anuales\u201d, advirti\u00f3.<\/span><\/p>\n<p class=\"p1\"><span style=\"font-size: 14pt;\">Ello sumado a las acusaciones realizadas por la propia Gonz\u00e1lez Cobos, hacen suponer que ella es la responsable de todo lo ocurrido, acorralada cual rata no aguant\u00f3 m\u00e1s la presi\u00f3n por todo lo que se le ha detectado al interior del ORFIS, corrupci\u00f3n, moches, limpieza de cuentas municipales y un largo etc, etc, etc, por lo que se fue a decirle a varios personajes que todo lo que pasa al interior del ORFIS se debe a las 40 personas \u201crecomendadas\u201d que le meti\u00f3 el Secretario de Gobierno, E. Patrocinio Cisneros Burgos al inicio de su gesti\u00f3n como Auditora Superior.<\/span><\/p>\n<p class=\"p1\"><span style=\"font-size: 14pt;\">T\u00edpico de quien se siente descubierto la auditora general simplemente \u201cespet\u00f3\u201d \u201cson esos recomendados de Cisneros Burgos los que hacen de las suyas en la recepci\u00f3n de documentos por parte de las autoridades municipales y ex funcionarios p\u00fablicos en el ORFIS, ellos reciben y ellos act\u00faan por \u00f3rdenes superiores, y no precisamente m\u00edas.\u201d<\/span><\/p>\n<p class=\"p1\"><span style=\"font-size: 14pt;\">En este mismo espacio denunciamos las corruptelas y contubernios del secretario de Gobierno, sabedores que la fuente de informaci\u00f3n nos daba datos precisos y confiables, as\u00ed hemos se\u00f1alado con pelos y se\u00f1ales cu\u00e1l era el entramado y c\u00f3mo operaba la red de corrupci\u00f3n.<\/span><\/p>\n<p class=\"p1\"><span style=\"font-size: 14pt;\">Ahora lo \u00fanico que esperamos es que venga la sanci\u00f3n para todos los implicados con pleno apego de la justicia, esa que lamentablemente en Veracruz sufre la intromisi\u00f3n del mismo personaje, que como la ant\u00edtesis del Rey Midas todo lo convierte en mierda.<\/span><\/p>\n<p>&nbsp;<\/p>\n<p>&nbsp;<\/p>\n<p class=\"p1\"><strong><span style=\"font-size: 18pt;\">Al tiempo.<\/span><\/strong><\/p>\n<p>&nbsp;<\/p>\n<p class=\"p1\"><span style=\"font-size: 18pt;\"><strong>Correo: <a href=\"mailto:astrolabiopoliticomx@gmail.com\">astrolabiopoliticomx@gmail.com<\/a><\/strong><\/span><\/p>\n<p class=\"p1\"><span style=\"font-size: 18pt;\"><strong>Twitter: <a href=\"http:\/\/www.twitter.com\/LuisBaqueiro_mx\">@LuisBaqueiro_mx<\/a><\/strong><\/span><\/p>\n<p>&nbsp;<\/p>\n<p><span style=\"font-size: 18pt; color: #e42d33;\"><em><strong>**Las columnas firmadas en este medio son responsabilidad de quienes las firman**<\/strong><\/em><\/span><\/p>\n<p>&nbsp;<\/p>\n<p>&nbsp;<\/p>\n","protected":false},"excerpt":{"rendered":"<p>&nbsp; Por Luis Ram\u00edrez Baqueiro &nbsp; &nbsp; \u201cEl fracaso fortifica a los fuertes\u201d \u2013 Antoine de Saint-Exup\u00e9ry \u2013 &nbsp; &nbsp;<\/p>\n","protected":false},"author":4,"featured_media":3572,"comment_status":"closed","ping_status":"closed","sticky":false,"template":"","format":"standard","meta":{"colormag_page_container_layout":"default_layout","colormag_page_sidebar_layout":"default_layout","_jetpack_memberships_contains_paid_content":false,"footnotes":"","jetpack_publicize_message":"","jetpack_publicize_feature_enabled":true,"jetpack_social_post_already_shared":true,"jetpack_social_options":{"image_generator_settings":{"template":"highway","default_image_id":0,"font":"","enabled":false},"version":2}},"categories":[6],"tags":[],"class_list":["post-9049","post","type-post","status-publish","format-standard","has-post-thumbnail","hentry","category-columnistas"],"jetpack_publicize_connections":[],"jetpack_featured_media_url":"https:\/\/noticiasveracruz.com\/wp-content\/uploads\/2022\/04\/LUIS-RAMI\u0301REZ-BAQUEIRO.png","jetpack_sharing_enabled":true,"publishpress_future_action":{"enabled":false,"date":"2026-05-06 17:24:45","action":"change-status","newStatus":"draft","terms":[],"taxonomy":"category","extraData":[]},"publishpress_future_workflow_manual_trigger":{"enabledWorkflows":[]},"_links":{"self":[{"href":"https:\/\/noticiasveracruz.com\/index.php\/wp-json\/wp\/v2\/posts\/9049","targetHints":{"allow":["GET"]}}],"collection":[{"href":"https:\/\/noticiasveracruz.com\/index.php\/wp-json\/wp\/v2\/posts"}],"about":[{"href":"https:\/\/noticiasveracruz.com\/index.php\/wp-json\/wp\/v2\/types\/post"}],"author":[{"embeddable":true,"href":"https:\/\/noticiasveracruz.com\/index.php\/wp-json\/wp\/v2\/users\/4"}],"replies":[{"embeddable":true,"href":"https:\/\/noticiasveracruz.com\/index.php\/wp-json\/wp\/v2\/comments?post=9049"}],"version-history":[{"count":0,"href":"https:\/\/noticiasveracruz.com\/index.php\/wp-json\/wp\/v2\/posts\/9049\/revisions"}],"wp:featuredmedia":[{"embeddable":true,"href":"https:\/\/noticiasveracruz.com\/index.php\/wp-json\/wp\/v2\/media\/3572"}],"wp:attachment":[{"href":"https:\/\/noticiasveracruz.com\/index.php\/wp-json\/wp\/v2\/media?parent=9049"}],"wp:term":[{"taxonomy":"category","embeddable":true,"href":"https:\/\/noticiasveracruz.com\/index.php\/wp-json\/wp\/v2\/categories?post=9049"},{"taxonomy":"post_tag","embeddable":true,"href":"https:\/\/noticiasveracruz.com\/index.php\/wp-json\/wp\/v2\/tags?post=9049"}],"curies":[{"name":"wp","href":"https:\/\/api.w.org\/{rel}","templated":true}]}}