{"id":9043,"date":"2022-10-17T01:14:12","date_gmt":"2022-10-17T06:14:12","guid":{"rendered":"https:\/\/noticiasveracruz.com\/?p=9043"},"modified":"2022-10-17T01:14:12","modified_gmt":"2022-10-17T06:14:12","slug":"trasciende-la-renuncia-de-la-secretaria-academica-de-la-uv","status":"publish","type":"post","link":"https:\/\/noticiasveracruz.com\/index.php\/2022\/10\/17\/trasciende-la-renuncia-de-la-secretaria-academica-de-la-uv\/","title":{"rendered":"Trasciende la renuncia de la secretaria Acad\u00e9mica de la UV"},"content":{"rendered":"<p class=\"p1\">\n<p>&nbsp;<\/p>\n<p class=\"p1\"><span style=\"font-size: 18pt;\"><strong>&lt;&lt; Trasciende la renuncia de la secretaria Acad\u00e9mica de la UV &gt;&gt;<\/strong><\/span><\/p>\n<p class=\"p1\"><span style=\"font-size: 18pt;\"><strong>&lt;&lt; No cuenta con el grado de doctor que dice tener &gt;&gt;<\/strong><\/span><\/p>\n<p class=\"p1\"><span style=\"font-size: 18pt;\"><strong>&lt;&lt;<span class=\"Apple-converted-space\">\u00a0 <\/span>Estudiantes exigen al rector que ya ponga orden en casos de acoso &gt;&gt;<\/strong><\/span><\/p>\n<p>&nbsp;<\/p>\n<p class=\"p1\"><span style=\"font-size: 18pt;\"><b>Por Miguel \u00c1ngel Cristiani Gonz\u00e1lez<\/b><\/span><\/p>\n<p class=\"p1\"><span style=\"font-size: 14pt;\">El conflicto generado en la Unidad de Humanidades de Xalapa de la Universidad Veracruzana en donde los estudiantes tuvieron que salir a marchar hasta la rector\u00eda, para protestar por los constantes casos de acoso y hasta presunta protecci\u00f3n de autoridades.<\/span><\/p>\n<p class=\"p1\"><span style=\"font-size: 14pt;\">El detonante del movimiento generado desde la Unidad Interdisciplinaria de Humanidades, derivado del hecho de violencia por parte de Daniel \u201cN\u201d una persona de nacionalidad Colombia, quien introdujo un arma blanca para cortar un Tendedero donde era exhibido por acoso, para luego amenazar a los compa\u00f1eros presentes.<\/span><\/p>\n<p class=\"p1\"><span style=\"font-size: 14pt;\">Pero esa fue la gota que derram\u00f3 el vaso, porque no es el primer caso que acoso y violencia que se registra no tan solo en Humanidades, sino tambi\u00e9n en otras escuelas, facultades y centros universitarios, por lo que a la marcha -que registr\u00f3 cerca de dos mil j\u00f3venes- se les unieron alumnos de otras dependencias, no solo de Xalapa sino tambi\u00e9n del puerto de Veracruz.<\/span><\/p>\n<p class=\"p1\"><span style=\"font-size: 14pt;\">Es decir que por un conflicto que no fue atendido en su oportunidad, pod\u00eda seguir creciendo en su magnitud hasta otras regiones del estado en donde tambi\u00e9n los estudiantes sufren de acoso y violencia, sin que pase nada, a pesar de que existen las denuncias correspondientes.<\/span><\/p>\n<p class=\"p1\"><span style=\"font-size: 14pt;\">Los estudiantes universitarios durante la marcha gritaron varias consignas \u201cEstudiantes presentes, directivos ausentes\u201d \u201cLucha y protesta, exigimos la respuesta\u201d, \u201cEl silencio tambi\u00e9n es parte del problema, \u201cUV, me dueles, a m\u00ed no me proteges\u201d, \u201cUV, cuna de acosadores\u201d, \u201cno m\u00e1s acoso, no m\u00e1s violencia\u201d, \u201cla UV no nos protege pero s\u00ed nos calla\u201d.<\/span><\/p>\n<p class=\"p1\"><span style=\"font-size: 14pt;\">Por lo anterior es que salieron a marcha hasta la torre de Rector\u00eda y le exigieron al rector de la UV, Mart\u00edn Aguilar S\u00e1nchez, ponga orden de inmediato.<\/span><\/p>\n<p class=\"p1\"><span style=\"font-size: 14pt;\">Y todav\u00eda no se acaba de dar soluci\u00f3n y resolver el problema, cuando en las redes sociales -benditas redes sociales- se informa de la posible renuncia de la secretaria Acad\u00e9mica de la Universidad Veracruzana, Elena Rustri\u00e1n Portilla, sin que la Direcci\u00f3n de Comunicaci\u00f3n Social haya emitido ning\u00fan bolet\u00edn al respecto.<\/span><\/p>\n<p class=\"p1\"><span style=\"font-size: 14pt;\">En consecuencia, cuando no hay informaci\u00f3n y respuesta oportuna, se crea un vac\u00edo que tiene que ser llenado por \u201cotros datos\u201d.<\/span><\/p>\n<p class=\"p1\"><span style=\"font-size: 14pt;\">No se ha podido confirmar hasta el momento de redactar esta columna, si la renuncia es ver\u00eddica.<\/span><\/p>\n<p class=\"p1\"><span style=\"font-size: 14pt;\">Tampoco si la separaci\u00f3n del segundo cargo m\u00e1s importante dentro de la administraci\u00f3n universitaria despu\u00e9s del de Rector tenga relaci\u00f3n con la marcha estudiantil de Humanidades de este jueves.<\/span><\/p>\n<p class=\"p1\"><span style=\"font-size: 14pt;\">Tambi\u00e9n es posible que la renuncia se haya dado, para evitar un nuevo esc\u00e1ndalo, ya que aunque en la p\u00e1gina oficial de la UV se dice que Elena Rustri\u00e1n Portilla tiene el grado de doctora, en la p\u00e1gina del Registro Nacional de Profesionistas solamente aparece con el grado de maestr\u00eda con los siguientes datos:<\/span><\/p>\n<p class=\"p1\"><span style=\"font-size: 14pt;\">N\u00famero de C\u00e9dula: 8456252, Nombre: Elena Rustri\u00e1n Portilla, Profesi\u00f3n: Maestr\u00eda en Ciencias Biotecnolog\u00eda de Fermentaciones, A\u00f1o de expedici\u00f3n: 2014<\/span><\/p>\n<p class=\"p1\"><span style=\"font-size: 14pt;\">Y el grado de maestr\u00eda es del Instituto Tecnol\u00f3gico De Veracruz (I.T.R.)<\/span><\/p>\n<p class=\"p1\"><span style=\"font-size: 14pt;\">En los medios universitarios se hab\u00eda comentado que incluso se estaba preparando una revalidaci\u00f3n de estudios, para poderle otorgar el grado de doctora, que al parecer no tiene.<\/span><\/p>\n<p class=\"p1\"><span style=\"font-size: 14pt;\">Este hecho es cuestionado por los acad\u00e9micos y personal de los centros de investigaci\u00f3n de la Universidad Veracruzana, ha quienes se les exige que cuenten con grados de maestr\u00eda o doctorado en su especialidad para poder tener el cargo, lo cual al parecer, no esta cumpliendo la Secretaria Acad\u00e9mica.<\/span><\/p>\n<p class=\"p1\"><span style=\"font-size: 14pt;\">Ahora que se va a conocer el hecho de que la secretaria Acad\u00e9mica de la UV no cuenta con el grado acad\u00e9mico de doctorado como se asegura, ser\u00eda conveniente que alguna instancia -que no fuera la contralor\u00eda propuesta por el Rector- revisara los documentos que avalan que los funcionarios de primer nivel y hasta direcciones generales, cuentan efectivamente con los documentos que avalan su preparaci\u00f3n.<\/span><\/p>\n<p class=\"p1\"><span style=\"font-size: 14pt;\">Porque luego hay quienes tienen aprobadas una lista de materias y pretenden que se les revaliden como si fueran un t\u00edtulo o grado de doctorado.<\/span><\/p>\n<p class=\"p1\"><span style=\"font-size: 14pt;\">Pero esa, dir\u00eda la nana Goya, es otra historia.<\/span><\/p>\n<p>&nbsp;<\/p>\n<p>&nbsp;<\/p>\n<p class=\"p2\"><span style=\"font-size: 18pt;\"><strong>Cont\u00e1ctanos en nuestras redes sociales:<\/strong><\/span><\/p>\n<p class=\"p2\"><span style=\"font-size: 18pt;\"><strong><a href=\"https:\/\/www.canva.com\/design\/DAEN5B9DWgs\/ZCHd2Z8KueYjlg_d59Op3A\/view\">https:\/\/www.canva.com\/design\/DAEN5B9DWgs\/ZCHd2Z8KueYjlg_d59Op3A\/view<\/a><\/strong><\/span><\/p>\n<p>&nbsp;<\/p>\n<p><span style=\"font-size: 18pt; color: #e42d33;\"><em><strong>**Las columnas firmadas en este medio son responsabilidad de quienes las firman**<\/strong><\/em><\/span><\/p>\n<p>&nbsp;<\/p>\n<p>&nbsp;<\/p>\n<p>&nbsp;<\/p>\n","protected":false},"excerpt":{"rendered":"<p>&nbsp; &lt;&lt; Trasciende la renuncia de la secretaria Acad\u00e9mica de la UV &gt;&gt; &lt;&lt; No cuenta con el grado de<\/p>\n","protected":false},"author":4,"featured_media":3280,"comment_status":"closed","ping_status":"closed","sticky":false,"template":"","format":"standard","meta":{"colormag_page_container_layout":"default_layout","colormag_page_sidebar_layout":"default_layout","_jetpack_memberships_contains_paid_content":false,"footnotes":"","jetpack_publicize_message":"","jetpack_publicize_feature_enabled":true,"jetpack_social_post_already_shared":true,"jetpack_social_options":{"image_generator_settings":{"template":"highway","default_image_id":0,"font":"","enabled":false},"version":2}},"categories":[6],"tags":[],"class_list":["post-9043","post","type-post","status-publish","format-standard","has-post-thumbnail","hentry","category-columnistas"],"jetpack_publicize_connections":[],"jetpack_featured_media_url":"https:\/\/noticiasveracruz.com\/wp-content\/uploads\/2022\/04\/NV-MIGUEL-A\u0301NGEL-CRISTIANI.png","jetpack_sharing_enabled":true,"publishpress_future_action":{"enabled":false,"date":"2026-05-06 18:51:26","action":"change-status","newStatus":"draft","terms":[],"taxonomy":"category","extraData":[]},"publishpress_future_workflow_manual_trigger":{"enabledWorkflows":[]},"_links":{"self":[{"href":"https:\/\/noticiasveracruz.com\/index.php\/wp-json\/wp\/v2\/posts\/9043","targetHints":{"allow":["GET"]}}],"collection":[{"href":"https:\/\/noticiasveracruz.com\/index.php\/wp-json\/wp\/v2\/posts"}],"about":[{"href":"https:\/\/noticiasveracruz.com\/index.php\/wp-json\/wp\/v2\/types\/post"}],"author":[{"embeddable":true,"href":"https:\/\/noticiasveracruz.com\/index.php\/wp-json\/wp\/v2\/users\/4"}],"replies":[{"embeddable":true,"href":"https:\/\/noticiasveracruz.com\/index.php\/wp-json\/wp\/v2\/comments?post=9043"}],"version-history":[{"count":0,"href":"https:\/\/noticiasveracruz.com\/index.php\/wp-json\/wp\/v2\/posts\/9043\/revisions"}],"wp:featuredmedia":[{"embeddable":true,"href":"https:\/\/noticiasveracruz.com\/index.php\/wp-json\/wp\/v2\/media\/3280"}],"wp:attachment":[{"href":"https:\/\/noticiasveracruz.com\/index.php\/wp-json\/wp\/v2\/media?parent=9043"}],"wp:term":[{"taxonomy":"category","embeddable":true,"href":"https:\/\/noticiasveracruz.com\/index.php\/wp-json\/wp\/v2\/categories?post=9043"},{"taxonomy":"post_tag","embeddable":true,"href":"https:\/\/noticiasveracruz.com\/index.php\/wp-json\/wp\/v2\/tags?post=9043"}],"curies":[{"name":"wp","href":"https:\/\/api.w.org\/{rel}","templated":true}]}}