{"id":9029,"date":"2022-10-16T23:37:01","date_gmt":"2022-10-17T04:37:01","guid":{"rendered":"https:\/\/noticiasveracruz.com\/?p=9029"},"modified":"2022-10-16T23:43:07","modified_gmt":"2022-10-17T04:43:07","slug":"9029","status":"publish","type":"post","link":"https:\/\/noticiasveracruz.com\/index.php\/2022\/10\/16\/9029\/","title":{"rendered":"Marcha en Francia contra la inflaci\u00f3n enciende la tensi\u00f3n pol\u00edtica, Macron reprime a manifestantes [Video]"},"content":{"rendered":"<p>&nbsp;<\/p>\n<p class=\"p3\"><span style=\"font-size: 14pt;\"><em><strong>PAR\u00cdS, FRANCIA.<\/strong> <\/em>Miles de manifestantes,<strong> incluida la reci\u00e9n coronada premio Nobel de literatura de Francia<\/strong>, <strong>Annie Ernaux,<\/strong>\u00a0se amontonaron <strong>en las calles de Par\u00eds el domingo, en una muestra de ira contra el aumento de los precios y acrecent\u00f3 la presi\u00f3n sobre el gobierno del presidente Emmanuel Macron.<\/strong><\/span><\/p>\n<p class=\"p3\"><span style=\"font-size: 18pt; color: #e42d33;\"><strong>La marcha por aumentos salariales y otras demandas fue organizada por opositores de izquierda a Macron y encendi\u00f3 la mecha de lo que promete ser una semana inc\u00f3moda para su gobierno centrista.<\/strong><\/span><\/p>\n<p>&nbsp;<\/p>\n<div style=\"width: 800px;\" class=\"wp-video\"><video class=\"wp-video-shortcode\" id=\"video-9029-1\" width=\"800\" height=\"450\" preload=\"metadata\" controls=\"controls\"><source type=\"video\/mp4\" src=\"https:\/\/politicosaldesnudo.com.mx\/wp-content\/uploads\/2022\/10\/pPIf3sxPaqEpglP6.mp4?_=1\" \/><a href=\"https:\/\/politicosaldesnudo.com.mx\/wp-content\/uploads\/2022\/10\/pPIf3sxPaqEpglP6.mp4\">https:\/\/politicosaldesnudo.com.mx\/wp-content\/uploads\/2022\/10\/pPIf3sxPaqEpglP6.mp4<\/a><\/video><\/div>\n<p>&nbsp;<\/p>\n<p class=\"p3\"><span style=\"font-size: 18pt;\"><strong>Las huelgas de transporte convocadas para el martes amenazan con encajar con las huelgas salariales que ya han afectado a las refiner\u00edas y dep\u00f3sitos de combustible, provocando\u00a0una escasez cr\u00f3nica de gasolina\u00a0que est\u00e1 poniendo nerviosos a millones de trabajadores y otros automovilistas que dependen de sus veh\u00edculos, con filas gigantes que se forman en las estaciones de servicio.<\/strong><\/span><\/p>\n<p class=\"p3\"><span style=\"font-size: 14pt;\">El gobierno de Macron tambi\u00e9n est\u00e1 a la defensiva en el parlamento, donde\u00a0perdi\u00f3 la mayor\u00eda\u00a0en las elecciones legislativas de junio.\u00a0Eso hace que sea mucho m\u00e1s dif\u00edcil para su alianza centrista implementar su agenda interna frente a opositores fortalecidos, y la discusi\u00f3n parlamentaria del plan presupuestario del gobierno para el pr\u00f3ximo a\u00f1o est\u00e1 resultando particularmente dif\u00edcil.<\/span><\/p>\n<p><img loading=\"lazy\" decoding=\"async\" class=\"aligncenter wp-image-11379 size-large\" src=\"https:\/\/politicosaldesnudo.com.mx\/wp-content\/uploads\/2022\/10\/P-MARCHA-FRANCIA-4-1024x573.png\" alt=\"\" width=\"800\" height=\"448\" \/><\/p>\n<p>&nbsp;<\/p>\n<p class=\"p3\"><span style=\"font-size: 18pt;\"><strong>En un discurso incendiario en la marcha de Par\u00eds, el l\u00edder de izquierda Jean-Luc M\u00e9lenchon denunci\u00f3 que Macron est\u00e1 \u00abfrito\u00bb y que su liderazgo est\u00e1 sumiendo a Francia en el \u201ccaos\u00bb.<\/strong><\/span><\/p>\n<p class=\"p3\"><span style=\"font-size: 14pt;\">Predijo que los ministros de Macron tendr\u00edan que aprobar el presupuesto en la c\u00e1mara baja del parlamento sin dar un voto a los legisladores, una perspectiva controvertida que provoc\u00f3 fuertes abucheos de la multitud.<\/span><\/p>\n<p class=\"p3\"><span style=\"font-size: 18pt;\"><strong>Los organizadores afirmaron que m\u00e1s de 140,000 manifestantes marcharon. La polic\u00eda de Par\u00eds dijo que no ten\u00eda una estimaci\u00f3n inmediata del tama\u00f1o de la densa multitud que ondeaba banderas que llenaba plazas y calles. Hubo algunos brotes de vandalismo en los m\u00e1rgenes, con contenedores de basura incendiados y cajeros autom\u00e1ticos destrozados. La polic\u00eda antidisturbios mantuvo el orden.<\/strong><\/span><\/p>\n<p>&nbsp;<\/p>\n<p><img loading=\"lazy\" decoding=\"async\" class=\"aligncenter wp-image-11376 size-large\" src=\"https:\/\/politicosaldesnudo.com.mx\/wp-content\/uploads\/2022\/10\/P-MARCHA-FRANCIA-1-1024x573.png\" alt=\"\" width=\"800\" height=\"448\" \/><\/p>\n<p>&nbsp;<\/p>\n<p class=\"p3\"><span style=\"font-size: 18pt;\"><strong>Al lado de M\u00e9lenchon se manifest\u00f3 la autora francesa Annie Ernaux, quien gan\u00f3 el Premio Nobel de literatura este a\u00f1o.\u00a0M\u00e9lenchon, dos veces derrotado por Macron en las elecciones presidenciales, declar\u00f3 que la protesta fue \u201cun gran \u00e9xito\u201d.<\/strong><\/span><\/p>\n<p>&nbsp;<\/p>\n<p><img loading=\"lazy\" decoding=\"async\" class=\"aligncenter wp-image-11378 size-large\" src=\"https:\/\/politicosaldesnudo.com.mx\/wp-content\/uploads\/2022\/10\/P-MARCHA-FRANCIA-3-1024x573.png\" alt=\"\" width=\"800\" height=\"448\" \/><\/p>\n<p>&nbsp;<\/p>\n<p class=\"p3\"><span style=\"font-size: 14pt;\">Los organizadores lo llamaron una \u201cmarcha contra el alto costo de vida y la inacci\u00f3n clim\u00e1tica\u201d.\u00a0Adem\u00e1s de pedir una inversi\u00f3n masiva contra la crisis clim\u00e1tica, tambi\u00e9n exigieron medidas de emergencia contra los altos precios, incluidos congelamientos en los costos de la energ\u00eda, los bienes esenciales y las rentas, y una mayor tributaci\u00f3n de las ganancias inesperadas.<\/span><\/p>\n<p class=\"p3\"><span style=\"font-size: 18pt;\"><strong>El legislador Christophe Bex, del partido de izquierda France Insoumise, o France Unbowed, calific\u00f3 la marcha como \u201cuna demostraci\u00f3n de fuerza\u201d para mostrar \u201cque otro mundo finalmente es posible si estamos todos juntos y todos unidos\u201d.<\/strong><\/span><\/p>\n<p class=\"p3\"><span style=\"font-size: 14pt;\">Otro manifestante, el trabajador ferroviario jubilado Eric Doire, dijo: \u201cLo que queremos es que todos vivan decentemente con el poder adquisitivo que ten\u00edan antes\u201d.<\/span><\/p>\n<p>&nbsp;<\/p>\n<p>&nbsp;<\/p>\n<p>&nbsp;<\/p>\n<p>&nbsp;<\/p>\n","protected":false},"excerpt":{"rendered":"<p>&nbsp; PAR\u00cdS, FRANCIA. Miles de manifestantes, incluida la reci\u00e9n coronada premio Nobel de literatura de Francia, Annie Ernaux,\u00a0se amontonaron en<\/p>\n","protected":false},"author":4,"featured_media":9031,"comment_status":"closed","ping_status":"closed","sticky":false,"template":"","format":"standard","meta":{"colormag_page_container_layout":"default_layout","colormag_page_sidebar_layout":"default_layout","_jetpack_memberships_contains_paid_content":false,"footnotes":"","jetpack_publicize_message":"","jetpack_publicize_feature_enabled":true,"jetpack_social_post_already_shared":true,"jetpack_social_options":{"image_generator_settings":{"template":"highway","default_image_id":0,"font":"","enabled":false},"version":2}},"categories":[355],"tags":[486,487,109,1543,135,1542],"class_list":["post-9029","post","type-post","status-publish","format-standard","has-post-thumbnail","hentry","category-internacional","tag-emmanuel-macron","tag-francia","tag-inflacion","tag-jean-luc-melenchon","tag-marcha","tag-represion"],"jetpack_publicize_connections":[],"jetpack_featured_media_url":"https:\/\/noticiasveracruz.com\/wp-content\/uploads\/2022\/10\/P-MARCHA-FRANCIA-2.png","jetpack_sharing_enabled":true,"publishpress_future_action":{"enabled":false,"date":"2026-05-07 07:35:52","action":"change-status","newStatus":"draft","terms":[],"taxonomy":"category","extraData":[]},"publishpress_future_workflow_manual_trigger":{"enabledWorkflows":[]},"_links":{"self":[{"href":"https:\/\/noticiasveracruz.com\/index.php\/wp-json\/wp\/v2\/posts\/9029","targetHints":{"allow":["GET"]}}],"collection":[{"href":"https:\/\/noticiasveracruz.com\/index.php\/wp-json\/wp\/v2\/posts"}],"about":[{"href":"https:\/\/noticiasveracruz.com\/index.php\/wp-json\/wp\/v2\/types\/post"}],"author":[{"embeddable":true,"href":"https:\/\/noticiasveracruz.com\/index.php\/wp-json\/wp\/v2\/users\/4"}],"replies":[{"embeddable":true,"href":"https:\/\/noticiasveracruz.com\/index.php\/wp-json\/wp\/v2\/comments?post=9029"}],"version-history":[{"count":0,"href":"https:\/\/noticiasveracruz.com\/index.php\/wp-json\/wp\/v2\/posts\/9029\/revisions"}],"wp:featuredmedia":[{"embeddable":true,"href":"https:\/\/noticiasveracruz.com\/index.php\/wp-json\/wp\/v2\/media\/9031"}],"wp:attachment":[{"href":"https:\/\/noticiasveracruz.com\/index.php\/wp-json\/wp\/v2\/media?parent=9029"}],"wp:term":[{"taxonomy":"category","embeddable":true,"href":"https:\/\/noticiasveracruz.com\/index.php\/wp-json\/wp\/v2\/categories?post=9029"},{"taxonomy":"post_tag","embeddable":true,"href":"https:\/\/noticiasveracruz.com\/index.php\/wp-json\/wp\/v2\/tags?post=9029"}],"curies":[{"name":"wp","href":"https:\/\/api.w.org\/{rel}","templated":true}]}}