{"id":9015,"date":"2022-10-14T06:05:32","date_gmt":"2022-10-14T11:05:32","guid":{"rendered":"https:\/\/noticiasveracruz.com\/?p=9015"},"modified":"2022-10-14T07:06:19","modified_gmt":"2022-10-14T12:06:19","slug":"ciudadania-de-las-mexicanas","status":"publish","type":"post","link":"https:\/\/noticiasveracruz.com\/index.php\/2022\/10\/14\/ciudadania-de-las-mexicanas\/","title":{"rendered":"\u00a0Ciudadan\u00eda de las mexicanas"},"content":{"rendered":"<p>&nbsp;<\/p>\n<p class=\"p1\"><span style=\"font-size: 18pt;\"><strong>Por Zaida Alicia Llad\u00f3 Castillo<\/strong><\/span><\/p>\n<p>&nbsp;<\/p>\n<p>&nbsp;<\/p>\n<p class=\"p1\" style=\"text-align: center;\"><em><span style=\"font-size: 18pt;\"><strong>\u201cRuiz Cortines pasar\u00e1 a la historia como el Presidente visionario, porque incorpor\u00f3 a la vida democr\u00e1tica al otro 50 % de la poblaci\u00f3n votante\u2026 de esta manera se nos reconoci\u00f3 nacionalmente a las mujeres en el derecho de votar y ser electas y as\u00ed se extendi\u00f3 plenamente nuestra participaci\u00f3n\u201d<\/strong><\/span><\/em><\/p>\n<p class=\"p1\" style=\"text-align: center;\"><span style=\"font-size: 18pt; color: #e42d33;\"><strong>Margarita Garc\u00eda Flores<span class=\"Apple-converted-space\"> \u00a0<\/span><\/strong><\/span><\/p>\n<p class=\"p1\" style=\"text-align: center;\"><em><span style=\"font-size: 18pt;\">-Dirigente Nacional Femenil del PRI en 1952-<\/span><\/em><\/p>\n<p>&nbsp;<\/p>\n<p>&nbsp;<\/p>\n<p><span style=\"font-size: 18pt;\">PARTE 1<\/span><\/p>\n<p class=\"p1\"><span style=\"font-size: 14pt;\">Un 17 de octubre de 1953, las mexicanas adquirimos nuestros derechos pol\u00edticos, en virtud de que, fue publicada en el Diario Oficial de la Federaci\u00f3n (DOF), la reforma a los art\u00edculos 34 y 115 de la Constituci\u00f3n Pol\u00edtica de los Estados Unidos Mexicanos, que obedeci\u00f3 a la respuesta y aprobaci\u00f3n del Congreso Mexicano a la iniciativa presentada por el entonces Presidente de la Rep\u00fablica Adolfo Ruiz Cortines de otorgarles sus derechos pol\u00edticos. <\/span><\/p>\n<p class=\"p1\"><span style=\"font-size: 14pt;\">Y aunque la consecuci\u00f3n del voto universal fue un gran logro sin duda, hab\u00edan de pasar muchos a\u00f1os m\u00e1s de luchas y altibajos para que las mujeres pudieran gozar del respeto a sus derechos plenos en todos los \u00e1mbitos. Por eso hoy en esta fecha, quiero reflexionar en lo siguiente: <b>\u00bfcon la obtenci\u00f3n de los derechos pol\u00edticos, las mujeres hemos logrado ser \u201cricas en ciudadan\u00eda\u201d? \u00bfexisten demandas no resueltas por las que debemos seguir luchando? <\/b><\/span><\/p>\n<p class=\"p1\"><span style=\"font-size: 14pt;\">Para dar respuesta a estos cuestionamientos, ubiquemos algunos conceptos. Si bien es cierto que al concepto de ciudadan\u00eda se le ha relacionado b\u00e1sicamente con el ejercicio de los derechos pol\u00edticos, la realidad es que el t\u00e9rmino va m\u00e1s all\u00e1, pues est\u00e1 ligado a los procesos de construcci\u00f3n sociocultural y a las din\u00e1micas de democratizaci\u00f3n social y pol\u00edtica. Sobre ello, Thomas Marchall, establece que la ciudadan\u00eda se debe dar en virtud del tratamiento conjunto a los derechos: a) civiles, b) sociales y c) pol\u00edticos. <\/span><\/p>\n<p class=\"p1\"><span style=\"font-size: 14pt;\">La <b>ciudadan\u00eda civil<\/b>, que ampara los derechos y obligaciones de los individuos frente a la Ley. La <b>ciudadan\u00eda social<\/b>, que se refiere a las prerrogativas de las personas de gozar de un est\u00e1ndar m\u00ednimo de bienestar econ\u00f3mico, social y de seguridad. <b>La ciudadan\u00eda pol\u00edtica<\/b>, que implica el derecho a la participaci\u00f3n democr\u00e1tica, ejerciendo con libertad la voluntad de elegir sus representantes, como igualmente la oportunidad de poder ser electos. <\/span><\/p>\n<p class=\"p1\"><span style=\"font-size: 14pt;\">Pero tambi\u00e9n, a ese tratamiento que propone Marchall, en los hechos, se puede agregar la ciudadan\u00eda en su concepci\u00f3n psicosocial: por<b> identidad y pertenencia<\/b>, que ampara \u2013 adem\u00e1s de las tres mencionadas-, el derecho de los individuos a ser aceptados en su grupo social, comunidad o territorio. Y ello implica, poder ser incluido y aceptado independientemente de su condici\u00f3n social, sexo, etnia, nacionalidad, religi\u00f3n o cultura que ostente. Luego entonces, el ideal es poseer la ciudadan\u00eda civil, social, pol\u00edtica y tambi\u00e9n, la de identidad, lo que para Bustelo (1997), refiere como \u201c<b>riqueza de ciudadan\u00eda\u201d.<\/b>\u00a0<\/span><\/p>\n<p class=\"p1\"><span style=\"font-size: 14pt;\">En el caso de las mexicanas, antes de 1953, al estar vetadas en sus derechos pol\u00edticos, resent\u00edan la frustraci\u00f3n de que, aun poseyendo la natividad e identidad, carec\u00edan de certeza jur\u00eddica como ciudadanas. Y ello era producto de la cultura que prevalec\u00eda en esa \u00e9poca en el pa\u00eds, que fortalec\u00eda las formas de dependencia y sometimiento de la mujer frente al hombre ubicando a estas, como sujetos invisibles, no actuantes y, por ende, impedidas a la participaci\u00f3n, limitadas en derechos y en la toma de decisiones en cualquier tipo de contexto en el que convivieran o desearan incursionar. Y esa cultura imperante, contribuy\u00f3 por siglos a que estas se percibieran inseguras, en lo individual, cultural, econ\u00f3mico, social y pol\u00edtico. <\/span><\/p>\n<p class=\"p1\"><span style=\"font-size: 14pt;\">Tambi\u00e9n en el \u00e1mbito pol\u00edtico, antes de 1953, las mexicanas sufrieron marginaci\u00f3n y exclusi\u00f3n. Se cometieron muchas injusticias con mujeres con liderazgos naturales probados, que eran vistas como \u201cbichos raros\u201d cuando pretend\u00edan interesarse en los asuntos p\u00fablicos. Mujeres que buscaron candidaturas e incluso ganaron elecciones, pero, nunca les fueron reconocidos sus triunfos o fueron obligadas a renunciar por no convenir su presencia a los intereses de los hombres que ostentaban el poder. Hoy solo menciono a 7 de ellas: <\/span><\/p>\n<p class=\"p1\"><span style=\"font-size: 14pt;\"><b>1.-Rosa Torre G. (1890-1973). &#8211;<\/b>Primera mujer regidora que ocup\u00f3 un cargo en un ayuntamiento mexicano, en 1922, el de M\u00e9rida, Yuc. Esto fue posible por las reformas impulsadas por el gobernador Felipe Carrillo Puerto, de permitir en las leyes locales la participaci\u00f3n de las mujeres en los cargos de representaci\u00f3n municipal. Sin embargo, a la ca\u00edda del gobierno, es obligada a renunciar.<\/span><\/p>\n<p class=\"p1\"><span style=\"font-size: 14pt;\"><b>2.-Elvia Carrillo Puerto (1878-1968), Raquel Dzib Cicero (1882-1949) y Beatriz Peniche Barrera. (1893-1976). <\/b>El 18 de noviembre de 1923 contendieron tres mujeres Yucatecas y ganaron posiciones en la Legislatura local: Elvia Carrillo por el distrito de Izamal, Raquel Dzib y Beatriz Peniche por el primero y segundo distrito de M\u00e9rida respectivamente. Ellas formaban parte de la Liga \u201cRita Cetina\u201d.<span class=\"Apple-converted-space\">\u00a0 <\/span>Sin embargo, su presencia en ese cuerpo legislativo fue breve, pues a la ca\u00edda del gobierno y asesinato, en 1924, del gobernador Felipe Carrillo Puerto, fueron forzadas a abandonar el cargo. Elvia Carrillo Puerto, se exili\u00f3 en San Luis Potos\u00ed, estado que hab\u00eda reconocido localmente el derecho al voto femenino. Al poco tiempo se postula, gana y nuevamente le es desconocido su triunfo. <\/span><\/p>\n<p class=\"p1\"><span style=\"font-size: 14pt;\">4.- <b>Soledad Orozco de \u00c1vila (1904-1996).<\/b> En Guanajuato en 1937, por primera vez el Congreso local permiti\u00f3 la participaci\u00f3n de una mujer para las elecciones de diputados locales, pero inconformidades de la Federaci\u00f3n de Trabajadores de Le\u00f3n origin\u00f3 que se le desconociera su postulaci\u00f3n. <\/span><\/p>\n<p class=\"p1\"><span style=\"font-size: 14pt;\">5.- <b>Mar\u00eda Tinoco Y Enriqueta L. de Pulgar\u00f3n<\/b>, en 1936 en Veracruz, el PNR lanz\u00f3 sus candidaturas a Diputadas locales, pero a pesar de contar con el apoyo de su partido, el departamento electoral nacional no acept\u00f3 su registro. <\/span><\/p>\n<p class=\"p1\"><span style=\"font-size: 14pt;\">Y estos hechos, de discriminaci\u00f3n y exclusi\u00f3n de las mujeres, fueron una constante a trav\u00e9s de los a\u00f1os en muchas partes del pa\u00eds. A algunas de ellas, la historia las registra, a otras ni siquiera las recuerda.<\/span><\/p>\n<p class=\"p1\"><span style=\"font-size: 14pt;\">Pero la lucha contra la desigualdad y a favor del sufragio, no pod\u00eda quedar mucho tiempo en reserva. Y es justo reconocer, la contribuci\u00f3n en el pa\u00eds de las primeras expresiones feministas en el periodismo, la literatura y las nuevas formas organizadas de participaci\u00f3n social y pol\u00edtica que emerg\u00edan y recog\u00edan las inquietudes de ellas en su aspiraci\u00f3n de lograr la igualdad. A trav\u00e9s de los medios y escritos muchas mujeres buscaron promover su af\u00e1n liberal. Caso emblem\u00e1tico fue, la escritora mexicana Laureana Wright Kleinhans, quien plante\u00f3 por primera vez en un medio impreso la necesidad de otorgar a estas el derecho al sufragio, en su Revista \u201cVioletas de An\u00e1huac\u201d editada entre 1884 y 1887. Igualmente los hicieron, las mujeres campesinas y obreras que participaron en sus centrales y agrupaciones promoviendo causas como, mejores condiciones para el campo y el trabajo, en las primeras d\u00e9cadas del siglo XX. <\/span><\/p>\n<p class=\"p1\"><span style=\"font-size: 14pt;\">La negativa del Constituyente de Quer\u00e9taro a las mexicanas -pese a la presi\u00f3n que Hermila Galindo y agremiadas que en las puertas del recinto ejercieran-, hizo que en<span class=\"Apple-converted-space\">\u00a0 <\/span>los siguientes a\u00f1os se multiplicaron las formas de participaci\u00f3n organizada y se conformaron las primeras Ligas y Consejos feministas que dieron pie a los primeros Congresos o Asambleas, como el celebrado en Yucat\u00e1n del 13 al 16 de Enero de 1916 , as\u00ed como, el nacimiento de la Liga Panamericana de Mujeres en el DF, el Frente Pro-derechos de la Mujer, entre otras, que lograron presencia en el plano nacional, ya en la tercera y cuarta d\u00e9cada del siglo XX. <\/span><\/p>\n<p class=\"p1\"><span style=\"font-size: 14pt;\">Y es que las mexicanas, respecto a otras naciones, estaban rezagadas en sus derechos pol\u00edticos.<span class=\"Apple-converted-space\">\u00a0 <\/span>S\u00f3lo como ejemplo, Nueva Zelanda -que fue el primer pa\u00eds que otorg\u00f3 el derecho al voto a las mujeres- lo hace en 1893. Rusia en 1917; Reino Unido y Estados Unidos en 1918; Canad\u00e1 1922 (en Quebec hasta 1940).<span class=\"Apple-converted-space\">\u00a0 <\/span>Uruguay en 1927 (pero como Plebiscito local). En 1930 Sud\u00e1frica (solo las mujeres blancas); Espa\u00f1a en 1931; Francia lo hace 1945; Jap\u00f3n 1946, etc. Argentina fue el primer pa\u00eds de Latinoam\u00e9rica que lo otorga a nivel nacional, en 1947; Chile en 1949, solo por mencionar algunos.<\/span><\/p>\n<p class=\"p1\"><span style=\"font-size: 14pt;\">Algo que contribuy\u00f3 al avance de las mujeres en la pol\u00edtica, fue su injerencia en los asuntos p\u00fablicos a trav\u00e9s de los partidos pol\u00edticos, situaci\u00f3n que ya se ven\u00eda realizando en muchas partes del mundo, desde el siglo XIX e inicios del XX. Esos antecedentes fueron un detonante para que las mexicanas intensificaran su lucha. <\/span><\/p>\n<p class=\"p1\"><span style=\"font-size: 14pt;\">A la creaci\u00f3n en 1929 del Partido Nacional Revolucionario (PNR) -primer antecedente del PRI-, en su Declaraci\u00f3n de Principios hab\u00eda dejado previsto en el punto 1 p\u00e1rrafo 3\u00ba: <i>\u201cse ayudar\u00e1 y estimular\u00e1 paulatinamente el acceso de la mujer mexicana a las actividades de la vida c\u00edvica\u201d, <\/i>y ello gener\u00f3 confianza para que estas iniciaran sus primeras experiencias dentro del mismo.<span class=\"Apple-converted-space\">\u00a0 <\/span>El PNR, les otorgo un espacio en 1934, denominado Departamento y posterior Secretar\u00eda de Acci\u00f3n Femenil dependiente de su Comit\u00e9 Nacional. Y ello fue la gran oportunidad para que, desde ah\u00ed, surgieran las peticiones y demandas a los dirigentes, candidatos, gobernantes, etc., para convencerlos -en ocasiones haci\u00e9ndolo con firmeza-, de que el avance de la sociedad mexicana no ser\u00eda posible sin la participaci\u00f3n de las mujeres en la toma de decisiones.<\/span><\/p>\n<p class=\"p1\"><span style=\"font-size: 14pt;\">Dicha participaci\u00f3n en los partidos, que se fue fortaleciendo, rindi\u00f3 los primeros frutos. Se empezaron a otorgar nombramientos en la administraci\u00f3n p\u00fablica. En 1934, en el Servicio Exterior por primera vez se incluye a una mujer, la Maestra Palma Guillen, quien es nombrada Embajadora en Colombia.<span class=\"Apple-converted-space\">\u00a0 <\/span>As\u00ed mismo en 1935, el nombramiento a Matilde Rodr\u00edguez Cabo, como Jefa de Previsi\u00f3n Social de la Secretaria de Gobernaci\u00f3n. As\u00ed como la postulaci\u00f3n y triunfo por el PNR de la primera Presidenta Municipal en el pa\u00eds, por el Ayuntamiento de Chilpancingo Guerrero, correspondiendo a Aurora Meza Andraca en 1936. Y as\u00ed sucesivamente, estas fueron ganando espacios a pulso, y con ello tambi\u00e9n robusteciendo el movimiento sufragista que igualmente ganaba terreno. <\/span><\/p>\n<p class=\"p1\"><span style=\"font-size: 14pt;\">El reconocimiento del voto a nivel municipal para las mujeres, con la reforma al art. 115 el 17 de febrero de 1947 en el gobierno nacional de Miguel Alem\u00e1n Vald\u00e9s, fue un aliciente.<span class=\"Apple-converted-space\">\u00a0 <\/span>Pero no fue suficiente, el meollo era obtener los derechos plenos para poder aspirar a votar y ser votadas. Porque si bien es cierto que en muchos pa\u00edses se reconoc\u00eda ya ese derecho para las mujeres, en ciertos casos, este se conced\u00eda de manera condicionada. Es decir, de acuerdo con la voluntad de sus gobiernos, se otorgaba: solo a nivel local, o a las mujeres blancas o, a las casadas, o lo que era peor, permitirles solo el derecho a votar, pero no a ser electas. Por eso las mexicanas no quer\u00edan que se les escatimara ese derecho y, de ser otorgado, \u00e9ste tendr\u00eda que ser <span class=\"s1\"><i>pleno<\/i><\/span>. <\/span><\/p>\n<p>&nbsp;<\/p>\n<p><span style=\"font-size: 18pt; color: #e42d33;\"><em><strong>**Las columnas firmadas en este medio son responsabilidad de quienes las firman**<\/strong><\/em><\/span><\/p>\n<p>&nbsp;<\/p>\n<p>&nbsp;<\/p>\n","protected":false},"excerpt":{"rendered":"<p>&nbsp; Por Zaida Alicia Llad\u00f3 Castillo &nbsp; &nbsp; \u201cRuiz Cortines pasar\u00e1 a la historia como el Presidente visionario, porque incorpor\u00f3<\/p>\n","protected":false},"author":4,"featured_media":3563,"comment_status":"closed","ping_status":"closed","sticky":false,"template":"","format":"standard","meta":{"colormag_page_container_layout":"default_layout","colormag_page_sidebar_layout":"default_layout","_jetpack_memberships_contains_paid_content":false,"footnotes":"","jetpack_publicize_message":"","jetpack_publicize_feature_enabled":true,"jetpack_social_post_already_shared":true,"jetpack_social_options":{"image_generator_settings":{"template":"highway","default_image_id":0,"font":"","enabled":false},"version":2}},"categories":[6],"tags":[],"class_list":["post-9015","post","type-post","status-publish","format-standard","has-post-thumbnail","hentry","category-columnistas"],"jetpack_publicize_connections":[],"jetpack_featured_media_url":"https:\/\/noticiasveracruz.com\/wp-content\/uploads\/2022\/04\/DRA.-ZAIDA.png","jetpack_sharing_enabled":true,"publishpress_future_action":{"enabled":false,"date":"2026-05-08 13:32:57","action":"change-status","newStatus":"draft","terms":[],"taxonomy":"category","extraData":[]},"publishpress_future_workflow_manual_trigger":{"enabledWorkflows":[]},"_links":{"self":[{"href":"https:\/\/noticiasveracruz.com\/index.php\/wp-json\/wp\/v2\/posts\/9015","targetHints":{"allow":["GET"]}}],"collection":[{"href":"https:\/\/noticiasveracruz.com\/index.php\/wp-json\/wp\/v2\/posts"}],"about":[{"href":"https:\/\/noticiasveracruz.com\/index.php\/wp-json\/wp\/v2\/types\/post"}],"author":[{"embeddable":true,"href":"https:\/\/noticiasveracruz.com\/index.php\/wp-json\/wp\/v2\/users\/4"}],"replies":[{"embeddable":true,"href":"https:\/\/noticiasveracruz.com\/index.php\/wp-json\/wp\/v2\/comments?post=9015"}],"version-history":[{"count":0,"href":"https:\/\/noticiasveracruz.com\/index.php\/wp-json\/wp\/v2\/posts\/9015\/revisions"}],"wp:featuredmedia":[{"embeddable":true,"href":"https:\/\/noticiasveracruz.com\/index.php\/wp-json\/wp\/v2\/media\/3563"}],"wp:attachment":[{"href":"https:\/\/noticiasveracruz.com\/index.php\/wp-json\/wp\/v2\/media?parent=9015"}],"wp:term":[{"taxonomy":"category","embeddable":true,"href":"https:\/\/noticiasveracruz.com\/index.php\/wp-json\/wp\/v2\/categories?post=9015"},{"taxonomy":"post_tag","embeddable":true,"href":"https:\/\/noticiasveracruz.com\/index.php\/wp-json\/wp\/v2\/tags?post=9015"}],"curies":[{"name":"wp","href":"https:\/\/api.w.org\/{rel}","templated":true}]}}