{"id":8999,"date":"2022-10-13T17:07:21","date_gmt":"2022-10-13T22:07:21","guid":{"rendered":"https:\/\/noticiasveracruz.com\/?p=8999"},"modified":"2022-10-13T17:08:26","modified_gmt":"2022-10-13T22:08:26","slug":"cdmx-la-ciudad-mas-segura-del-mundo-amlo","status":"publish","type":"post","link":"https:\/\/noticiasveracruz.com\/index.php\/2022\/10\/13\/cdmx-la-ciudad-mas-segura-del-mundo-amlo\/","title":{"rendered":"CdMx la ciudad m\u00e1s segura del mundo: presidente L\u00f3pez Obrador"},"content":{"rendered":"<p class=\"p2\"><span style=\"font-size: 14pt;\"><em><strong>CIUDAD DE M\u00c9XICO.<\/strong><\/em> La Ciudad de M\u00e9xico es una de las m\u00e1s seguras del mundo, se\u00f1al\u00f3 el presidente Andr\u00e9s Manuel L\u00f3pez Obrador qui\u00e9n se comprometi\u00f3 a hacer una revisi\u00f3n sobre las acciones de seguridad de la capital del pa\u00eds.<\/span><\/p>\n<p class=\"p2\"><span style=\"font-size: 14pt;\">Andr\u00e9s Manuel L\u00f3pez Obrador consultado en la conferencia matutina sobre la presencia de hombres armados en Tl\u00e1huac, dijo que se apoyar\u00e1 al gobierno de la Ciudad de M\u00e9xico.<\/span><\/p>\n<p class=\"p2\"><span style=\"font-size: 18pt;\"><strong>Sostuvo que Tl\u00e1huac \u201cse descompuso en los \u00faltimos tiempos, no era as\u00ed\u201d, pero ya hacen \u201ccosas buenas para garantizar la paz y la tranquilidad para que no sigan operando estas bandas\u201d.<\/strong><\/span><\/p>\n<p class=\"p2\"><span style=\"font-size: 18pt; color: #e42d33;\"><strong>Se comprometi\u00f3 a realizar una evaluaci\u00f3n sobre las acciones de seguridad en la Ciudad de M\u00e9xico, \u201cporque es un ejemplo, los resultados son muy buenos, esta es una de las ciudades m\u00e1s seguras del mundo\u201d.<\/strong><\/span><\/p>\n<p class=\"p2\"><span style=\"font-size: 14pt;\">Coment\u00f3 que invitar\u00e1 a Claudia Sheinbaum, jefa de gobierno de la CdMx, para que acuda a la conferencia ma\u00f1anera a informar sobre los logros de la ciudad en materia de seguridad.<\/span><\/p>\n<p class=\"p2\"><span style=\"font-size: 14pt;\">Consider\u00f3 que no hay mucha informaci\u00f3n al respecto, pues acus\u00f3 que en la capital del pa\u00eds es donde hay mayor manipulaci\u00f3n por parte de medios de informaci\u00f3n nacionales.<\/span><\/p>\n<p class=\"p2\"><span style=\"font-size: 18pt;\"><strong>Sostuvo que en hay \u201cun bombardeo d\u00eda y noche, hasta da\u00f1an, es para demandarlos\u201d. No obstante coment\u00f3 que prueba de esa seguridad, es que han llegado miles de extranjeros a vivir en ella.<\/strong><\/span><\/p>\n<p>&nbsp;<\/p>\n<p>&nbsp;<\/p>\n<p>&nbsp;<\/p>\n","protected":false},"excerpt":{"rendered":"<p>CIUDAD DE M\u00c9XICO. La Ciudad de M\u00e9xico es una de las m\u00e1s seguras del mundo, se\u00f1al\u00f3 el presidente Andr\u00e9s Manuel<\/p>\n","protected":false},"author":4,"featured_media":9000,"comment_status":"closed","ping_status":"closed","sticky":false,"template":"","format":"standard","meta":{"colormag_page_container_layout":"default_layout","colormag_page_sidebar_layout":"default_layout","_jetpack_memberships_contains_paid_content":false,"footnotes":"","jetpack_publicize_message":"","jetpack_publicize_feature_enabled":true,"jetpack_social_post_already_shared":true,"jetpack_social_options":{"image_generator_settings":{"template":"highway","default_image_id":0,"font":"","enabled":false},"version":2}},"categories":[145],"tags":[65,598,15],"class_list":["post-8999","post","type-post","status-publish","format-standard","has-post-thumbnail","hentry","category-estados","tag-andres-manuel-lopez-obrador","tag-ciudad-de-mexico","tag-seguridad"],"jetpack_publicize_connections":[],"jetpack_featured_media_url":"https:\/\/noticiasveracruz.com\/wp-content\/uploads\/2022\/10\/P-AMLO-MAN\u0303ANAERA.png","jetpack_sharing_enabled":true,"publishpress_future_action":{"enabled":false,"date":"2026-05-08 10:50:32","action":"change-status","newStatus":"draft","terms":[],"taxonomy":"category","extraData":[]},"publishpress_future_workflow_manual_trigger":{"enabledWorkflows":[]},"_links":{"self":[{"href":"https:\/\/noticiasveracruz.com\/index.php\/wp-json\/wp\/v2\/posts\/8999","targetHints":{"allow":["GET"]}}],"collection":[{"href":"https:\/\/noticiasveracruz.com\/index.php\/wp-json\/wp\/v2\/posts"}],"about":[{"href":"https:\/\/noticiasveracruz.com\/index.php\/wp-json\/wp\/v2\/types\/post"}],"author":[{"embeddable":true,"href":"https:\/\/noticiasveracruz.com\/index.php\/wp-json\/wp\/v2\/users\/4"}],"replies":[{"embeddable":true,"href":"https:\/\/noticiasveracruz.com\/index.php\/wp-json\/wp\/v2\/comments?post=8999"}],"version-history":[{"count":0,"href":"https:\/\/noticiasveracruz.com\/index.php\/wp-json\/wp\/v2\/posts\/8999\/revisions"}],"wp:featuredmedia":[{"embeddable":true,"href":"https:\/\/noticiasveracruz.com\/index.php\/wp-json\/wp\/v2\/media\/9000"}],"wp:attachment":[{"href":"https:\/\/noticiasveracruz.com\/index.php\/wp-json\/wp\/v2\/media?parent=8999"}],"wp:term":[{"taxonomy":"category","embeddable":true,"href":"https:\/\/noticiasveracruz.com\/index.php\/wp-json\/wp\/v2\/categories?post=8999"},{"taxonomy":"post_tag","embeddable":true,"href":"https:\/\/noticiasveracruz.com\/index.php\/wp-json\/wp\/v2\/tags?post=8999"}],"curies":[{"name":"wp","href":"https:\/\/api.w.org\/{rel}","templated":true}]}}