{"id":8995,"date":"2022-10-13T13:31:55","date_gmt":"2022-10-13T18:31:55","guid":{"rendered":"https:\/\/noticiasveracruz.com\/?p=8995"},"modified":"2022-10-13T13:31:55","modified_gmt":"2022-10-13T18:31:55","slug":"frente-a-la-alta-inflacion-en-eu-hay-mas-trabajo-por-hacer-biden","status":"publish","type":"post","link":"https:\/\/noticiasveracruz.com\/index.php\/2022\/10\/13\/frente-a-la-alta-inflacion-en-eu-hay-mas-trabajo-por-hacer-biden\/","title":{"rendered":"Frente a la alta inflaci\u00f3n en EU; Hay m\u00e1s trabajo por hacer: Biden"},"content":{"rendered":"<p>&nbsp;<\/p>\n<p class=\"p1\"><span style=\"font-size: 14pt;\"><em><strong>WASHINGTON, ESTADOS UNIDOS. <\/strong><\/em>La inflaci\u00f3n contin\u00faa firme en Estados Unidos seg\u00fan los datos de septiembre, a pesar de las subidas de tasas de inter\u00e9s de la Reserva Federal para controlarla, <strong>una noticia que golpea al presidente Joe Biden de cara a las elecciones de medio mandato<\/strong>.<\/span><\/p>\n<p class=\"p1\"><span style=\"font-size: 18pt;\"><strong><span style=\"color: #e42d33;\">Los precios aumentaron 8.2 por ciento en 12 meses a septiembre<\/span>, seg\u00fan el \u00edndice de precios al consumo CPI publicado este jueves por el Departamento de Trabajo. La cifra da cuenta de una muy ligera moderaci\u00f3n frente a 8.3 del mes pasado, pero se ubica por encima de 8.1 que esperaban los analistas.<\/strong><\/span><\/p>\n<p class=\"p1\"><span style=\"font-size: 14pt;\">El informe fue suficiente para que Wall Street pasara al rojo fuego: el \u00edndice Dow Jones perd\u00eda 0.62 por ciento a 29 mil 031.69 puntos, el tecnol\u00f3gico Nasdaq 1.8 por ciento a 10 mil 228 unidades y el S&amp;P 500 1.06 a 3 mil 540 puntos, una hora despu\u00e9s de la apertura.<\/span><\/p>\n<p class=\"p1\"><span style=\"font-size: 14pt;\">Los datos abren la puerta a aumentos m\u00e1s agresivos de tasas de inter\u00e9s por parte de la Fed, el banco central estadounidense, decidido a conjurar la inflaci\u00f3n a costa de enfriar la econom\u00eda y en particular el mercado laboral, muy s\u00f3lido y resistente.<\/span><\/p>\n<p>&nbsp;<\/p>\n<p class=\"p1\"><span style=\"font-size: 18pt; color: #e42d33;\"><strong>REDUCIR INFLACI\u00d3N <\/strong><\/span><\/p>\n<p class=\"p1\"><span style=\"font-size: 18pt;\"><strong>El presidente Joe Biden sostuvo que Estados Unidos tiene \u00abm\u00e1s trabajo por hacer\u00bb para reducir la inflaci\u00f3n.<\/strong><\/span><\/p>\n<p class=\"p1\"><span style=\"font-size: 14pt;\">Biden destac\u00f3 \u201calgunos avances en la lucha\u201d contra este flagelo que afecta el poder de compra de los estadunidenses, pero admiti\u00f3 que \u201clos precios a\u00fan son demasiado altos\u201d, en un comunicado tras el decepcionante informe de precios al consumidor.<\/span><\/p>\n<p>&nbsp;<\/p>\n<blockquote>\n<p class=\"p1\"><span style=\"font-size: 14pt;\">Tenemos m\u00e1s trabajo por hacer\u201d, sostuvo a menos de un mes de las elecciones de mitad de mandato en las que su Partido Dem\u00f3crata se juega el control del Congreso.<\/span><\/p>\n<\/blockquote>\n<p>&nbsp;<\/p>\n<p class=\"p1\"><span style=\"font-size: 18pt;\"><strong>Hace algunos d\u00edas, Biden admiti\u00f3 que es posible que Estados Unidos entre en una \u201cmuy ligera recesi\u00f3n\u201d.<\/strong><\/span><\/p>\n<p class=\"p1\"><span style=\"font-size: 14pt;\">De hecho, la Fed considera que ser\u00e1 necesario un per\u00edodo de crecimiento m\u00e1s d\u00e9bil y un mercado laboral menos pujante para contener la inflaci\u00f3n, generalizada y en niveles \u201cinaceptables\u201d.<\/span><\/p>\n<p class=\"p1\"><span style=\"font-size: 18pt;\"><strong>La fuerte inflaci\u00f3n \u201cno ha respondido\u201d a\u00fan a los aumentos de tasas de referencia, sostuvieron los responsables de la Fed en su \u00faltima reuni\u00f3n de pol\u00edtica monetaria el mes pasado, seg\u00fan extractos de las actas del encuentro publicadas el mi\u00e9rcoles.<\/strong><\/span><\/p>\n<p class=\"p1\"><span style=\"font-size: 14pt;\">Algunos banqueros centrales destacaron que \u00abactuar demasiado t\u00edmidamente ser\u00eda m\u00e1s costoso que actuar con firmeza\u00bb.<\/span><\/p>\n<p class=\"p1\"><span style=\"font-size: 18pt;\"><strong>La prioridad sigue siendo la inflaci\u00f3n, y el ajuste de pol\u00edtica monetaria debe continuar para contenerla, \u201ca pesar de un decaimiento del mercado laboral\u201d que podr\u00eda ocurrir.<\/strong><\/span><\/p>\n<p class=\"p1\"><span style=\"font-size: 14pt;\">Algunos dirigentes de la Fed se\u00f1alaron, sin embargo, que \u201cconsiderando el ambiente econ\u00f3mico y financiero mundial muy incierto, ser\u00eda importante calibrar el ritmo de un nuevo ajuste monetario\u201d, para \u201catenuar el riesgo de efectos adversos significativos sobre las perspectivas econ\u00f3micas\u201d.<\/span><\/p>\n<p class=\"p1\"><span style=\"font-size: 14pt;\">La Fed mantiene ahora sus tasas en un rango de 3-3.25 por ciento.<\/span><\/p>\n<p>&nbsp;<\/p>\n<p class=\"p1\"><span style=\"font-size: 18pt; color: #e42d33;\"><strong>INFLACI\u00d3N MUNDIAL<\/strong><\/span><\/p>\n<p class=\"p1\"><span style=\"font-size: 14pt;\">La inflaci\u00f3n se ha convertido en un flagelo mundial y prioridad econ\u00f3mica de los gobiernos de todo el planeta.<\/span><\/p>\n<p class=\"p1\"><span style=\"font-size: 18pt;\"><strong>El problema golpea en especial a los pa\u00edses pobres y en desarrollo. Los efectos de la guerra en Ucrania sobre los precios de la energ\u00eda y la alimentaci\u00f3n, se agregaron a las dificultades causadas por la pandemia que enfrentan naciones de bajos ingresos.<\/strong><\/span><\/p>\n<p class=\"p1\"><span style=\"font-size: 14pt;\">El FMI revis\u00f3 al alza sus previsiones de inflaci\u00f3n a nivel mundial para 2022 y 2023, y vaticina promedios de 8.8 y 6.5 por ciento, seg\u00fan su \u00faltimo informe de previsiones publicado el martes.<\/span><\/p>\n<p>&nbsp;<\/p>\n<p>&nbsp;<\/p>\n<p>&nbsp;<\/p>\n<p>&nbsp;<\/p>\n","protected":false},"excerpt":{"rendered":"<p>&nbsp; WASHINGTON, ESTADOS UNIDOS. La inflaci\u00f3n contin\u00faa firme en Estados Unidos seg\u00fan los datos de septiembre, a pesar de las<\/p>\n","protected":false},"author":4,"featured_media":8996,"comment_status":"closed","ping_status":"closed","sticky":false,"template":"","format":"standard","meta":{"colormag_page_container_layout":"default_layout","colormag_page_sidebar_layout":"default_layout","_jetpack_memberships_contains_paid_content":false,"footnotes":"","jetpack_publicize_message":"","jetpack_publicize_feature_enabled":true,"jetpack_social_post_already_shared":true,"jetpack_social_options":{"image_generator_settings":{"template":"highway","default_image_id":0,"font":"","enabled":false},"version":2}},"categories":[355],"tags":[92,1534,109,19,1533],"class_list":["post-8995","post","type-post","status-publish","format-standard","has-post-thumbnail","hentry","category-internacional","tag-estados-unidos","tag-fed","tag-inflacion","tag-joe-biden","tag-recesion"],"jetpack_publicize_connections":[],"jetpack_featured_media_url":"https:\/\/noticiasveracruz.com\/wp-content\/uploads\/2022\/10\/P-INFLACIO\u0301N-1.png","jetpack_sharing_enabled":true,"publishpress_future_action":{"enabled":false,"date":"2026-05-08 11:52:40","action":"change-status","newStatus":"draft","terms":[],"taxonomy":"category","extraData":[]},"publishpress_future_workflow_manual_trigger":{"enabledWorkflows":[]},"_links":{"self":[{"href":"https:\/\/noticiasveracruz.com\/index.php\/wp-json\/wp\/v2\/posts\/8995","targetHints":{"allow":["GET"]}}],"collection":[{"href":"https:\/\/noticiasveracruz.com\/index.php\/wp-json\/wp\/v2\/posts"}],"about":[{"href":"https:\/\/noticiasveracruz.com\/index.php\/wp-json\/wp\/v2\/types\/post"}],"author":[{"embeddable":true,"href":"https:\/\/noticiasveracruz.com\/index.php\/wp-json\/wp\/v2\/users\/4"}],"replies":[{"embeddable":true,"href":"https:\/\/noticiasveracruz.com\/index.php\/wp-json\/wp\/v2\/comments?post=8995"}],"version-history":[{"count":0,"href":"https:\/\/noticiasveracruz.com\/index.php\/wp-json\/wp\/v2\/posts\/8995\/revisions"}],"wp:featuredmedia":[{"embeddable":true,"href":"https:\/\/noticiasveracruz.com\/index.php\/wp-json\/wp\/v2\/media\/8996"}],"wp:attachment":[{"href":"https:\/\/noticiasveracruz.com\/index.php\/wp-json\/wp\/v2\/media?parent=8995"}],"wp:term":[{"taxonomy":"category","embeddable":true,"href":"https:\/\/noticiasveracruz.com\/index.php\/wp-json\/wp\/v2\/categories?post=8995"},{"taxonomy":"post_tag","embeddable":true,"href":"https:\/\/noticiasveracruz.com\/index.php\/wp-json\/wp\/v2\/tags?post=8995"}],"curies":[{"name":"wp","href":"https:\/\/api.w.org\/{rel}","templated":true}]}}