{"id":8878,"date":"2022-10-10T02:47:54","date_gmt":"2022-10-10T07:47:54","guid":{"rendered":"https:\/\/noticiasveracruz.com\/?p=8878"},"modified":"2022-10-10T02:48:27","modified_gmt":"2022-10-10T07:48:27","slug":"la-veracruzana-carla-kirsch-triunfa-en-francia","status":"publish","type":"post","link":"https:\/\/noticiasveracruz.com\/index.php\/2022\/10\/10\/la-veracruzana-carla-kirsch-triunfa-en-francia\/","title":{"rendered":"La veracruzana Carla Kirsch triunfa en Francia"},"content":{"rendered":"<p>&nbsp;<\/p>\n<p class=\"p1\"><span style=\"font-size: 18pt;\"><b>&lt;&lt; Conquista el mundo de la gastronom\u00eda en el Viejo Mundo y obtiene galard\u00f3n internacional &gt;&gt;<\/b><\/span><\/p>\n<p>&nbsp;<\/p>\n<p>&nbsp;<\/p>\n<p class=\"p1\"><span style=\"font-size: 18pt;\"><b>Por \u00c1ngel \u00c1lvaro Pe\u00f1a<\/b><\/span><\/p>\n<p class=\"p1\"><span style=\"font-size: 18pt;\"><strong><span style=\"color: #e42d33;\">Carla Kirsch L\u00f3pez es una joven veracruzana<\/span> que lleg\u00f3 a estudiar gastronom\u00eda al Instituto Paul Bocuse, en Lyon, Francia y ahora cuenta, desde hace tres a\u00f1os, con un exclusivo restaurante, llamado Alebrijes, y, adem\u00e1s, <span style=\"color: #e42d33;\">merecedora de uno de los premios culinarios m\u00e1s importantes del mundo, el Gault Millau.<\/span><\/strong><\/span><\/p>\n<p class=\"p1\"><span style=\"font-size: 14pt;\">Dicho instituto de gastronom\u00eda es considerado como el diccionario Larousse, del arte culinario, donde se dice que se revelan los secretos m\u00e1s ocultos\u00a0de\u00a0los grandes chefs. Ah\u00ed, cada a\u00f1o, 600 futuros cocineros est\u00e1n formados en esta prestigiosa escuela, cerca de Lyon.<\/span><\/p>\n<p class=\"p1\"><span style=\"font-size: 18pt;\"><strong>Carla not\u00f3 que la cocina mexicana estaba marginada, alterada, casi desconocida por lo que una vez que termin\u00f3 ese intenso estudio sobre la alimentaci\u00f3n, abri\u00f3 un restaurante de comida de nuestro pa\u00eds, como un ejemplo de persistencia y lucha por superarse y poner en alto el nombre de M\u00e9xico.<\/strong><\/span><\/p>\n<p>&nbsp;<\/p>\n<p><img loading=\"lazy\" decoding=\"async\" class=\"aligncenter wp-image-11184 size-large\" src=\"https:\/\/politicosaldesnudo.com.mx\/wp-content\/uploads\/2022\/10\/P-CARLA-KIRSCH-1-1024x573.png\" alt=\"\" width=\"800\" height=\"448\" \/><\/p>\n<p>&nbsp;<\/p>\n<p class=\"p1\"><span style=\"font-size: 14pt;\">La pandemia impuso una cruel pausa en los proyectos de los empresarios en todo el mundo y fue precisamente en esas fechas en la que surge su restaurante como un reto a los vientos en contra. Impuso su estilo, su creatividad su forma de realizar el arte, pero sobre todo su historia personal y su cultura ancestral.<\/span><\/p>\n<p class=\"p1\"><span style=\"font-size: 18pt;\"><strong>Carla Kirsch L\u00f3pez tiene una historia detr\u00e1s de s\u00ed. Sus abuelos son parte de los fundadores de la Ciudad de Poza Rica, por ejemplo, el pap\u00e1 de su mam\u00e1, don P\u00e1nfilo L\u00f3pez, fue gerente del primer banco que se erigi\u00f3 en esa ciudad veracruzana; su abuelo paterno fue un destacado m\u00e9dico especializado en el sistema \u00f3seo, profesi\u00f3n y responsabilidad que hered\u00f3 a Armando Kirsch Giuliani, padre de Carla, m\u00e9dico traumat\u00f3logo de Pemex, industria que le dio vida a esa ciudad, que empezara a poblarse de manera regular, en campamentos de trabajadores de la entonces paraestatal.<\/strong><\/span><\/p>\n<p class=\"p1\"><span style=\"font-size: 14pt;\">Su madre B\u00e1rbara L\u00f3pez G\u00f3mez es una pedagoga, especializada en la educaci\u00f3n Montessori, quien impulso en Carla la inquietud y la libertad en su educaci\u00f3n.<\/span><\/p>\n<p class=\"p1\"><span style=\"font-size: 14pt;\">Con esta historia tras de s\u00ed conquist\u00f3 desde el inicio de sus estudios, un lugar destacado hasta abrir su restaurante, que fue reconocido por el premio Gault Millau, que surge de una gu\u00eda gastron\u00f3mica que reporta la calidad de la comida de los diferentes restaurantes de Francia, Europa y el resto del mundo.<\/span><\/p>\n<p class=\"p1\"><span style=\"font-size: 18pt;\"><strong>La gu\u00eda gastron\u00f3mica es una de las referencias de peso en el mundo, su nombre se debe a Henri Gault y Christian Millau, dos cr\u00edticos gastron\u00f3micos famosos por la divulgaci\u00f3n y promoci\u00f3n que realizaron sobre\u00a0la Nouvelle Cuisine, (La nueva cocina) por lo que lo que se convirti\u00f3 en el portavoz de este movimiento.<\/strong><\/span><\/p>\n<p class=\"p1\"><span style=\"font-size: 14pt;\">Adem\u00e1s de este reconocimiento se crean los v\u00ednculos s\u00f3lidos entre los restaurantes galardonados con los productores de los insumos propios de sus empresas, lo cual, facilita el desarrollo de los emprendedores que alcanzan este tipo de trascendentes reconocimientos.<\/span><\/p>\n<p>&nbsp;<\/p>\n<p><img loading=\"lazy\" decoding=\"async\" class=\"aligncenter wp-image-11186 size-large\" src=\"https:\/\/politicosaldesnudo.com.mx\/wp-content\/uploads\/2022\/10\/P-CARLA-KIRSCH-3-1024x573.png\" alt=\"\" width=\"800\" height=\"448\" \/><\/p>\n<p>&nbsp;<\/p>\n<p>&nbsp;<\/p>\n<p class=\"p1\"><span style=\"font-size: 18pt; color: #e42d33;\"><b>RECONOCIENDO A ALEBRIJES<\/b><\/span><\/p>\n<p class=\"p1\"><span style=\"font-size: 14pt;\">La gu\u00eda es conocida por el peculiar sistema de puntuaci\u00f3n que se realiza sobre los restaurantes, la calidad del restaurante es medida en una escala de 1 a 20 puntos, aunque mayoritariamente s\u00f3lo aparecen en la gu\u00eda los restaurantes que han superado los 10 puntos. Es decir, la rigidez en la calificaci\u00f3n, la exigencia de calidad y la estricta disciplina son fundamentales a la hora de otorgar este reconocimiento.<\/span><\/p>\n<p class=\"p1\"><span style=\"font-size: 18pt; color: #e42d33;\"><strong>La Gu\u00eda Gault Millau es considerada una estricta publicaci\u00f3n porque se orienta especialmente hacia la calidad alimentaria que ofrece un restaurante y parece dejar un poco al margen otros aspectos que la Gu\u00eda Michelin s\u00ed tiene en cuenta.<\/strong><\/span><\/p>\n<p class=\"p1\"><span style=\"font-size: 14pt;\">As\u00ed, el restaurante Alebrijes, de Carla\u00a0Kirsch L\u00f3pez, recibi\u00f3 el reconocimiento que cada a\u00f1o se otorga a lo mejor de la cocina occidental. Orgullosamente mexicana, su restaurante es conocido en toda Europa y cada d\u00eda sigue atrayendo m\u00e1s comensales.<\/span><\/p>\n<p class=\"p1\"><span style=\"font-size: 14pt;\">La influencia de la\u00a0Gu\u00eda Gault-Millau\u00a0ha sido y sigue siendo muy notable. Esta gu\u00eda tambi\u00e9n se encuentra presente en otros pa\u00edses como Alemania, Suiza o Austria.<\/span><\/p>\n<p class=\"p1\"><span style=\"font-size: 14pt;\">La apertura de M\u00e9xico al mundo que gracias a la din\u00e1mica de la actual pol\u00edtica de Relaciones Exteriores tiene como principal objetivo esa movilidad de inversiones e intercambio de talentos en esa gran aldea contempor\u00e1nea que es el mundo.<\/span><\/p>\n<p>&nbsp;<\/p>\n<p><img loading=\"lazy\" decoding=\"async\" class=\"aligncenter wp-image-11187\" src=\"https:\/\/politicosaldesnudo.com.mx\/wp-content\/uploads\/2022\/10\/WhatsApp-Image-2022-10-08-at-1.18.28-PM-2.jpeg\" alt=\"\" width=\"500\" height=\"750\" \/><\/p>\n<p>&nbsp;<\/p>\n<p class=\"p1\"><span style=\"font-size: 18pt;\"><strong>El c\u00f3nsul mexicano en la ciudad de Lyon, Emmanuel Arabian es testigo de este tipo de reconocimientos que obtuvieron Carla y su esposo a fuerza de trabajo y esfuerzos propios. Porque se trata de un restaurante de comida mexicana atendida por sus propietarios que supervisan, en todo momento, la calidad de los alimentos que elaboran con una gran creatividad art\u00edstica.<\/strong><\/span><\/p>\n<p class=\"p1\"><span style=\"font-size: 14pt;\">Es as\u00ed como la presencia mexicana en el mundo destaca por el talento de sus hombres y mujeres que irrumpen en el mundo con calidad y talento. As\u00ed como Carla muestra que los mexicanos estamos a la atura de cualquier ciudadano talentoso del mundo, porque cada vez que surge una persona como ella, el camino se hace m\u00e1s f\u00e1cil, su desarrollo m\u00e1s accesible, su objetivo m\u00e1s claro. Es decir, hacen historia propia y ayudan a otros a forjar su propia leyenda.<\/span><\/p>\n<p class=\"p1\"><span style=\"font-size: 18pt;\"><strong>Personas como Carla Kirsch L\u00f3pez abre la puerta de par en par a nivel internacional, lo cual deben tomar muy encuentra no s\u00f3lo los emprendedores mexicanos en el extranjero sino las propias autoridades que tienen en el resto del mundo un universo de crecimiento para los mexicanos.<\/strong><\/span><\/p>\n<p class=\"p1\"><span style=\"font-size: 18pt; color: #e42d33;\"><strong>Experiencias como la de Carla inspiran y muestran que los sue\u00f1os se alcanzan luchando todos los d\u00edas por ellos.<\/strong><\/span><\/p>\n<p>&nbsp;<\/p>\n<p>&nbsp;<\/p>\n<p>&nbsp;<\/p>\n<p>&nbsp;<\/p>\n<p>&nbsp;<\/p>\n","protected":false},"excerpt":{"rendered":"<p>&nbsp; &lt;&lt; Conquista el mundo de la gastronom\u00eda en el Viejo Mundo y obtiene galard\u00f3n internacional &gt;&gt; &nbsp; &nbsp; Por<\/p>\n","protected":false},"author":4,"featured_media":8880,"comment_status":"closed","ping_status":"closed","sticky":false,"template":"","format":"standard","meta":{"colormag_page_container_layout":"default_layout","colormag_page_sidebar_layout":"default_layout","_jetpack_memberships_contains_paid_content":false,"footnotes":"","jetpack_publicize_message":"","jetpack_publicize_feature_enabled":true,"jetpack_social_post_already_shared":true,"jetpack_social_options":{"image_generator_settings":{"template":"highway","default_image_id":0,"font":"","enabled":false},"version":2}},"categories":[4],"tags":[1506,487,1508,1507],"class_list":["post-8878","post","type-post","status-publish","format-standard","has-post-thumbnail","hentry","category-nacional","tag-carla-kirsch","tag-francia","tag-gault-millau","tag-veracruzana"],"jetpack_publicize_connections":[],"jetpack_featured_media_url":"https:\/\/noticiasveracruz.com\/wp-content\/uploads\/2022\/10\/P-CARLA-KIRSCH-2.png","jetpack_sharing_enabled":true,"publishpress_future_action":{"enabled":false,"date":"2026-05-08 04:46:06","action":"change-status","newStatus":"draft","terms":[],"taxonomy":"category","extraData":[]},"publishpress_future_workflow_manual_trigger":{"enabledWorkflows":[]},"_links":{"self":[{"href":"https:\/\/noticiasveracruz.com\/index.php\/wp-json\/wp\/v2\/posts\/8878","targetHints":{"allow":["GET"]}}],"collection":[{"href":"https:\/\/noticiasveracruz.com\/index.php\/wp-json\/wp\/v2\/posts"}],"about":[{"href":"https:\/\/noticiasveracruz.com\/index.php\/wp-json\/wp\/v2\/types\/post"}],"author":[{"embeddable":true,"href":"https:\/\/noticiasveracruz.com\/index.php\/wp-json\/wp\/v2\/users\/4"}],"replies":[{"embeddable":true,"href":"https:\/\/noticiasveracruz.com\/index.php\/wp-json\/wp\/v2\/comments?post=8878"}],"version-history":[{"count":0,"href":"https:\/\/noticiasveracruz.com\/index.php\/wp-json\/wp\/v2\/posts\/8878\/revisions"}],"wp:featuredmedia":[{"embeddable":true,"href":"https:\/\/noticiasveracruz.com\/index.php\/wp-json\/wp\/v2\/media\/8880"}],"wp:attachment":[{"href":"https:\/\/noticiasveracruz.com\/index.php\/wp-json\/wp\/v2\/media?parent=8878"}],"wp:term":[{"taxonomy":"category","embeddable":true,"href":"https:\/\/noticiasveracruz.com\/index.php\/wp-json\/wp\/v2\/categories?post=8878"},{"taxonomy":"post_tag","embeddable":true,"href":"https:\/\/noticiasveracruz.com\/index.php\/wp-json\/wp\/v2\/tags?post=8878"}],"curies":[{"name":"wp","href":"https:\/\/api.w.org\/{rel}","templated":true}]}}