{"id":8845,"date":"2022-10-10T00:06:45","date_gmt":"2022-10-10T05:06:45","guid":{"rendered":"https:\/\/noticiasveracruz.com\/?p=8845"},"modified":"2022-10-10T00:07:25","modified_gmt":"2022-10-10T05:07:25","slug":"nosotros-los-lopez","status":"publish","type":"post","link":"https:\/\/noticiasveracruz.com\/index.php\/2022\/10\/10\/nosotros-los-lopez\/","title":{"rendered":"Nosotros los L\u00f3pez"},"content":{"rendered":"<p>&nbsp;<\/p>\n<p class=\"p1\"><span style=\"font-size: 18pt;\"><b>Por M\u00f3nica Camarena Crespo<\/b><\/span><\/p>\n<p class=\"p1\"><span style=\"font-size: 14pt;\">Resulta que est\u00e1n llenos de raz\u00f3n, no son iguales, resultaron peor de \u201cfif\u00eds\u201d que lo que criticaron antes de saborear la riqueza y el poder que concede la presidencia de M\u00e9xico a quienes est\u00e1n sedientos de buena vida a costa del erario.<\/span><\/p>\n<p class=\"p1\"><span style=\"font-size: 14pt;\">El presidente polariz\u00f3 al pa\u00eds al etiquetar a \u201cfif\u00eds\u201d, \u201cconservadores\u201d, \u201ccorruptos\u201d y los afectados aplicaron la de \u201cchairos\u201d, as\u00ed se ubica ahora a los grupos, gracias a una pol\u00edtica de encono.<\/span><\/p>\n<p class=\"p1\"><span style=\"font-size: 14pt;\">Aunque en cada sexenio, la familia presidencial en turno ha tenido puntos de cr\u00edtica, en el pasado inmediato al actual gobierno, los llamados \u201cchairos\u201d se abalanzaron con sa\u00f1a contra los hijos de Enrique Pe\u00f1a Nieto, su esposa y c\u00edrculo cercano. Un esc\u00e1ndalo lo de la \u201cCasa Blanca\u201d de la actriz Ang\u00e9lica Rivera y las escuelas caras para todos sus hijos. Un sinf\u00edn de \u201ctuits\u201d donde despedazaban cualquier movimiento de los Pe\u00f1a Pretelini y la esposa del presidente.<\/span><\/p>\n<p class=\"p1\"><span style=\"font-size: 14pt;\">Mucho influy\u00f3 todo ello para el desprestigio en camino a una elecci\u00f3n donde el candidato favorito en 2018, prometi\u00f3 acabar con los excesos, vender el avi\u00f3n presidencial y acabar con la corrupci\u00f3n. A casi cuatro a\u00f1os del gobierno de la mal llamada cuarta transformaci\u00f3n, nada ha pasado, los excesos son incontables, el avi\u00f3n no se ha vendido, ni se vender\u00e1 y la corrupci\u00f3n es rampante.<\/span><\/p>\n<p>&nbsp;<\/p>\n<p class=\"p1\"><span style=\"font-size: 18pt; color: #e42d33;\"><b>NOSOTROS LOS L\u00d3PEZ<\/b><\/span><\/p>\n<p class=\"p1\"><span style=\"font-size: 14pt;\">A manera de fuerte \u201ccachetada\u201d al pueblo pobre, ese que dec\u00edan iban a rescatar, ahora se sabe de los excesos de la familia L\u00f3pez, desde la \u201cNo\u201d primera dama, hasta cada uno de los 4 hijos que conforman el clan.<\/span><\/p>\n<p class=\"p1\"><span style=\"font-size: 14pt;\">Gracias a \u201cGuacamaya Leaks\u201d que se traduce en el peor hackeo en la historia de M\u00e9xico y lo vulnerable que result\u00f3 una instituci\u00f3n como el Ej\u00e9rcito, podemos confirmar que son exactamente lo mismo, pero al parecer m\u00e1s descarados.<\/span><\/p>\n<p class=\"p1\"><span style=\"font-size: 14pt;\">Entre los \u201cbenditos\u201d descubrimientos de los archivos de la Sedena, se documentaron\u00a0\u00a0viajes de familiares del presidente L\u00f3pez Obrador a Houston, al Reino Unido, a Francia, Italia, Alemania, Polonia y Jap\u00f3n, acompa\u00f1ados de personal militar, revelaci\u00f3n de Mexicanos contra la Corrupci\u00f3n y la Impunidad (MCCI).<\/span><\/p>\n<p class=\"p1\"><span style=\"font-size: 14pt;\">Por ejemplo, el 8 de septiembre de 2020, el secretario particular del titular de la Sedena recibi\u00f3 la solicitud para comisionar a seis militares para otro, de los tantos viajes que realiza la esposa del presidente, con destino a Francia, Italia y Austria, donde llevar\u00eda \u201ca cabo actividades oficiales y privadas\u201d, mismos que presuntamente le fueron asignados.\u00a0<\/span><\/p>\n<p class=\"p1\"><span style=\"font-size: 14pt;\">El costo del viaje fue de 364 mil pesos y no se inform\u00f3 de manera oficial que Beatriz Guti\u00e9rrez viaj\u00f3 con comitiva militar. \u201cCuatro de los militares asignados a ese viaje cumplieron labores de ayudant\u00eda, uno como escolta y uno m\u00e1s en servicio m\u00e9dico\u201d, se\u00f1ala el reporte.<\/span><\/p>\n<p class=\"p1\"><span style=\"font-size: 14pt;\">Asimismo, en octubre de 2019, Guti\u00e9rrez y un hijo del presidente viajaron a Jap\u00f3n para representar a AMLO en la primera ceremonia oficial de Naruhito como emperador de aquel pa\u00eds, y cuatro militares fueron asignados para el servicio de ayudant\u00eda y protecci\u00f3n. Cabe destacar que la \u201cNo\u201d primera dama no tiene cargo alguno en el servicio exterior mexicano.<\/span><\/p>\n<p class=\"p1\"><span style=\"font-size: 14pt;\">Otro \u201dviajecito\u201d que confirma los se\u00f1alamientos en contra del hijo mayor de AMLO, Jose Ram\u00f3n L\u00f3pez Beltr\u00e1n, fue cuando recibi\u00f3 la visita de la esposa de su Pap\u00e1 y sus hermanos en Houston en la cuestionada \u201ccasa gris\u201d.\u00a0<\/span><\/p>\n<p class=\"p1\"><span style=\"font-size: 14pt;\">La austeridad republicana que tanto pregon\u00f3 el presidente qued\u00f3 muy lejos, pero m\u00e1s lejos aquellas palabras que repet\u00eda hasta el cansancio el tabasque\u00f1o, acabar con los\u00a0\u00ababusos, excesos y dispendio\u00bb en el uso del erario.<\/span><\/p>\n<p>&nbsp;<\/p>\n<p>&nbsp;<\/p>\n<p class=\"p1\"><span style=\"font-size: 18pt;\"><strong>Correo: <a href=\"mailto:parquejuarezweb@yahoo.com.mx\">parquejuarezweb@yahoo.com.mx<\/a><\/strong><\/span><\/p>\n<p class=\"p1\"><span style=\"font-size: 18pt;\"><strong>Twitter: <a href=\"http:\/\/www.twitter.com\/monicamarena\">@monicamarena<\/a><\/strong><\/span><\/p>\n<p>&nbsp;<\/p>\n<p><span style=\"font-size: 18pt; color: #e42d33;\"><em><strong>**Las columnas firmadas en este medio son responsabilidad de quienes las firman**<\/strong><\/em><\/span><\/p>\n<p>&nbsp;<\/p>\n<p>&nbsp;<\/p>\n<p>&nbsp;<\/p>\n","protected":false},"excerpt":{"rendered":"<p>&nbsp; Por M\u00f3nica Camarena Crespo Resulta que est\u00e1n llenos de raz\u00f3n, no son iguales, resultaron peor de \u201cfif\u00eds\u201d que lo<\/p>\n","protected":false},"author":4,"featured_media":3554,"comment_status":"closed","ping_status":"closed","sticky":false,"template":"","format":"standard","meta":{"colormag_page_container_layout":"default_layout","colormag_page_sidebar_layout":"default_layout","_jetpack_memberships_contains_paid_content":false,"footnotes":"","jetpack_publicize_message":"","jetpack_publicize_feature_enabled":true,"jetpack_social_post_already_shared":true,"jetpack_social_options":{"image_generator_settings":{"template":"highway","default_image_id":0,"font":"","enabled":false},"version":2}},"categories":[6],"tags":[],"class_list":["post-8845","post","type-post","status-publish","format-standard","has-post-thumbnail","hentry","category-columnistas"],"jetpack_publicize_connections":[],"jetpack_featured_media_url":"https:\/\/noticiasveracruz.com\/wp-content\/uploads\/2022\/04\/MO\u0301NICA-CAMARENA-CRESPO-1.png","jetpack_sharing_enabled":true,"publishpress_future_action":{"enabled":false,"date":"2026-05-07 23:50:07","action":"change-status","newStatus":"draft","terms":[],"taxonomy":"category","extraData":[]},"publishpress_future_workflow_manual_trigger":{"enabledWorkflows":[]},"_links":{"self":[{"href":"https:\/\/noticiasveracruz.com\/index.php\/wp-json\/wp\/v2\/posts\/8845","targetHints":{"allow":["GET"]}}],"collection":[{"href":"https:\/\/noticiasveracruz.com\/index.php\/wp-json\/wp\/v2\/posts"}],"about":[{"href":"https:\/\/noticiasveracruz.com\/index.php\/wp-json\/wp\/v2\/types\/post"}],"author":[{"embeddable":true,"href":"https:\/\/noticiasveracruz.com\/index.php\/wp-json\/wp\/v2\/users\/4"}],"replies":[{"embeddable":true,"href":"https:\/\/noticiasveracruz.com\/index.php\/wp-json\/wp\/v2\/comments?post=8845"}],"version-history":[{"count":0,"href":"https:\/\/noticiasveracruz.com\/index.php\/wp-json\/wp\/v2\/posts\/8845\/revisions"}],"wp:featuredmedia":[{"embeddable":true,"href":"https:\/\/noticiasveracruz.com\/index.php\/wp-json\/wp\/v2\/media\/3554"}],"wp:attachment":[{"href":"https:\/\/noticiasveracruz.com\/index.php\/wp-json\/wp\/v2\/media?parent=8845"}],"wp:term":[{"taxonomy":"category","embeddable":true,"href":"https:\/\/noticiasveracruz.com\/index.php\/wp-json\/wp\/v2\/categories?post=8845"},{"taxonomy":"post_tag","embeddable":true,"href":"https:\/\/noticiasveracruz.com\/index.php\/wp-json\/wp\/v2\/tags?post=8845"}],"curies":[{"name":"wp","href":"https:\/\/api.w.org\/{rel}","templated":true}]}}