{"id":8814,"date":"2022-10-08T07:44:56","date_gmt":"2022-10-08T12:44:56","guid":{"rendered":"https:\/\/noticiasveracruz.com\/?p=8814"},"modified":"2022-10-08T07:44:56","modified_gmt":"2022-10-08T12:44:56","slug":"septiembre-sorprende-con-inflacion-a-la-baja-inegi","status":"publish","type":"post","link":"https:\/\/noticiasveracruz.com\/index.php\/2022\/10\/08\/septiembre-sorprende-con-inflacion-a-la-baja-inegi\/","title":{"rendered":"Septiembre sorprende con inflaci\u00f3n a la baja: Inegi"},"content":{"rendered":"<p class=\"p1\">\n<p class=\"p1\"><span style=\"font-size: 14pt;\"><em><strong>CIUDAD DE M\u00c9XICO.<\/strong><\/em> La i<strong>nflaci\u00f3n en M\u00e9xico finalmente comenz\u00f3 a mostrar signos de estabilizaci\u00f3n durante septiembre<\/strong>, despu\u00e9s de que el \u00cdndice de Precios al Consumidor registrara un avance inferior a estimados durante el mes de 0.62% contra 0.67% y <strong>se mantuviera en 8.7% a tasa anual contra una previsi\u00f3n de 8.75%<\/strong>, seg\u00fan datos del Instituto Nacional de Estad\u00edstica y Geograf\u00eda (Inegi).<\/span><\/p>\n<p class=\"p1\"><span style=\"font-size: 18pt;\"><strong>La inflaci\u00f3n subyacente tambi\u00e9n creci\u00f3 menos de lo esperado y vio un alza de 0.67% mensual, frente al estimado de 0.74% para alcanzar 8.28% a tasa anual contra el estimado de 8.34%.<\/strong><\/span><\/p>\n<p class=\"p1\"><span style=\"font-size: 14pt;\">Destacan la contracci\u00f3n de precios en el componente de energ\u00e9ticos (-0.72% mensual), encabezada por ca\u00eddas en los precios de gas LP (-3.31%) y la gasolina de bajo octanaje (-0.56%), y un menor ritmo de alza en la inflaci\u00f3n de mercanc\u00edas y servicios.<\/span><\/p>\n<p class=\"p1\"><span style=\"font-size: 18pt;\"><strong>Los vol\u00e1tiles precios de agropecuarios registraron un importante incremento mensual (1.51%) pero no fue suficiente para impulsar un alza mayor a la esperada en el \u00edndice.<\/strong><\/span><\/p>\n<p class=\"p1\"><span style=\"font-size: 14pt;\">Los precios de mercanc\u00edas moderaron su ritmo de crecimiento con respecto a agosto (0.94%) y los servicios se mantuvieron pr\u00e1cticamente constantes (0.35%) ante incrementos sustanciales en los precios de la educaci\u00f3n (2.08% mensual) compensados por una moderaci\u00f3n importante en otros servicios (0.1%).<\/span><\/p>\n<p class=\"p1\"><span style=\"font-size: 18pt;\"><strong>Uno de los factores m\u00e1s determinantes en la estabilizaci\u00f3n de la inflaci\u00f3n general es la base de comparaci\u00f3n, cuyos efectos podr\u00edan empezar a contribuir a una moderaci\u00f3n gradual de los precios hacia 2023; aunque la moderaci\u00f3n en el ritmo de expansi\u00f3n de la inflaci\u00f3n subyacente es tambi\u00e9n una noticia positiva.<\/strong><\/span><\/p>\n<p class=\"p1\"><span style=\"font-size: 14pt;\">Para expertos de Intercam Banco, la inflaci\u00f3n empieza a mostrar signos de que se encuentra cerca de alcanzar un pico, algo que podr\u00eda contribuir a un ciclo de alzas menos agresivo en el Banco de M\u00e9xico hacia 2023.<\/span><\/p>\n<p class=\"p1\"><span style=\"font-size: 14pt;\">Sin embargo, los riesgos de inflaci\u00f3n a\u00fan no han desaparecido y el panorama a\u00fan luce complicado para el banco central.<\/span><\/p>\n<p>&nbsp;<\/p>\n","protected":false},"excerpt":{"rendered":"<p>CIUDAD DE M\u00c9XICO. La inflaci\u00f3n en M\u00e9xico finalmente comenz\u00f3 a mostrar signos de estabilizaci\u00f3n durante septiembre, despu\u00e9s de que el<\/p>\n","protected":false},"author":4,"featured_media":8815,"comment_status":"closed","ping_status":"closed","sticky":false,"template":"","format":"standard","meta":{"colormag_page_container_layout":"default_layout","colormag_page_sidebar_layout":"default_layout","_jetpack_memberships_contains_paid_content":false,"footnotes":"","jetpack_publicize_message":"","jetpack_publicize_feature_enabled":true,"jetpack_social_post_already_shared":true,"jetpack_social_options":{"image_generator_settings":{"template":"highway","default_image_id":0,"font":"","enabled":false},"version":2}},"categories":[4],"tags":[110,109,31],"class_list":["post-8814","post","type-post","status-publish","format-standard","has-post-thumbnail","hentry","category-nacional","tag-inegi","tag-inflacion","tag-mexico"],"jetpack_publicize_connections":[],"jetpack_featured_media_url":"https:\/\/noticiasveracruz.com\/wp-content\/uploads\/2022\/10\/P-INFLACIO\u0301N.png","jetpack_sharing_enabled":true,"publishpress_future_action":{"enabled":false,"date":"2026-05-06 19:32:52","action":"change-status","newStatus":"draft","terms":[],"taxonomy":"category","extraData":[]},"publishpress_future_workflow_manual_trigger":{"enabledWorkflows":[]},"_links":{"self":[{"href":"https:\/\/noticiasveracruz.com\/index.php\/wp-json\/wp\/v2\/posts\/8814","targetHints":{"allow":["GET"]}}],"collection":[{"href":"https:\/\/noticiasveracruz.com\/index.php\/wp-json\/wp\/v2\/posts"}],"about":[{"href":"https:\/\/noticiasveracruz.com\/index.php\/wp-json\/wp\/v2\/types\/post"}],"author":[{"embeddable":true,"href":"https:\/\/noticiasveracruz.com\/index.php\/wp-json\/wp\/v2\/users\/4"}],"replies":[{"embeddable":true,"href":"https:\/\/noticiasveracruz.com\/index.php\/wp-json\/wp\/v2\/comments?post=8814"}],"version-history":[{"count":0,"href":"https:\/\/noticiasveracruz.com\/index.php\/wp-json\/wp\/v2\/posts\/8814\/revisions"}],"wp:featuredmedia":[{"embeddable":true,"href":"https:\/\/noticiasveracruz.com\/index.php\/wp-json\/wp\/v2\/media\/8815"}],"wp:attachment":[{"href":"https:\/\/noticiasveracruz.com\/index.php\/wp-json\/wp\/v2\/media?parent=8814"}],"wp:term":[{"taxonomy":"category","embeddable":true,"href":"https:\/\/noticiasveracruz.com\/index.php\/wp-json\/wp\/v2\/categories?post=8814"},{"taxonomy":"post_tag","embeddable":true,"href":"https:\/\/noticiasveracruz.com\/index.php\/wp-json\/wp\/v2\/tags?post=8814"}],"curies":[{"name":"wp","href":"https:\/\/api.w.org\/{rel}","templated":true}]}}