{"id":8804,"date":"2022-10-07T06:00:39","date_gmt":"2022-10-07T11:00:39","guid":{"rendered":"https:\/\/noticiasveracruz.com\/?p=8804"},"modified":"2022-10-07T07:02:29","modified_gmt":"2022-10-07T12:02:29","slug":"alfombra-roja-region-4t-y-la-ebriedad-de-poder","status":"publish","type":"post","link":"https:\/\/noticiasveracruz.com\/index.php\/2022\/10\/07\/alfombra-roja-region-4t-y-la-ebriedad-de-poder\/","title":{"rendered":"\u201cAlfombra roja\u201d regi\u00f3n 4\u2026t y la ebriedad de poder"},"content":{"rendered":"<p>&nbsp;<\/p>\n<p class=\"p1\"><strong><span style=\"font-size: 18pt;\">Por Aurelio Contreras Moreno<\/span><\/strong><\/p>\n<p class=\"p1\"><span style=\"font-size: 14pt;\">El ejercicio del poder conlleva siempre la tentaci\u00f3n de abusar del mismo. De usar ese poder en beneficio propio o del grupo al que se pertenece. <\/span><\/p>\n<p class=\"p1\"><span style=\"font-size: 14pt;\">Es una tentaci\u00f3n de la que es muy dif\u00edcil sustraerse en un sistema pol\u00edtico como el mexicano, en el que los gobernantes pueden hacer pr\u00e1cticamente lo que quieran durante el tiempo de su encargo, pues la cultura de sumisi\u00f3n que da sustento al presidencialismo se cuela en todos los dem\u00e1s espacios de poder.<\/span><\/p>\n<p class=\"p1\"><span style=\"font-size: 14pt;\">Solo quienes tienen la suficiente madurez y altura pol\u00edtica han salido m\u00e1s o menos bien librados de ese trance y no perdieron el piso. A veces por el uso del sentido com\u00fan. Las m\u00e1s, porque no les qued\u00f3 de otra. Pero son la excepci\u00f3n.<\/span><\/p>\n<p class=\"p1\"><span style=\"font-size: 14pt;\">Los menos preparados, los que cargan con enormes resentimientos y fobias, y los que no hicieron nada para merecer el acceso a esos espacios de representaci\u00f3n porque fueron producto de una imposici\u00f3n o de una mera circunstancia, se engolosinan instant\u00e1neamente, creen que ese poder que tienen les pertenece y act\u00faan de esa manera, manipulando adem\u00e1s a las instituciones para que sirvan como arietes de sus intereses y, especialmente, para dar rienda suelta a sus caprichos.<\/span><\/p>\n<p class=\"p1\"><span style=\"font-size: 14pt;\">Sobran casos en la historia de M\u00e9xico y en la del estado de Veracruz que podr\u00edan servir de ejemplo de lo anterior. De Jos\u00e9 L\u00f3pez Portillo a Fidel Herrera, por mencionar a dos pol\u00edticos que a pesar de su innegable inteligencia y preparaci\u00f3n, sucumbieron ante las mieles del poder y cometieron todo tipo de excesos que sus adl\u00e1teres buscaron imitar.<\/span><\/p>\n<p class=\"p1\"><span style=\"font-size: 14pt;\">El r\u00e9gimen de la pretendida \u201ccuarta transformaci\u00f3n\u201d, que alega que no es igual a los anteriores y se encoleriza cuando se les compara, cojea del mismo pie a grados grotescos. Igual creen que el poder durar\u00e1 para siempre y que nadie nunca los llamar\u00e1 a cuentas.<\/span><\/p>\n<p class=\"p1\"><span style=\"font-size: 14pt;\">Esto viene a cuento porque la tarde-noche del mi\u00e9rcoles pasado se llev\u00f3 a cabo una demostraci\u00f3n p\u00fablica de esas mismas taras a nivel Veracruz, protagonizada por una neoclase pol\u00edtica con comportamiento de \u201cnuevos ricos\u201d que, ir\u00f3nicamente, refleja que su odio a lo que ellos llaman \u201cfif\u00ed\u201d, \u201cconservador\u201d y \u201caspiracionista\u201d es directamente proporcional a su deseo de gozarlo.<\/span><\/p>\n<p class=\"p1\"><span style=\"font-size: 14pt;\">El cine de una plaza comercial clasemediera sirvi\u00f3 de escenario para la \u201cpremier\u201d de la pel\u00edcula \u201cLuna Negra\u201d, escrita y dirigida por Tonatiuh Garc\u00eda Jim\u00e9nez, hermano del gobernador de Veracruz Cuitl\u00e1huac Garc\u00eda Jim\u00e9nez. Ello no tendr\u00eda nada de extra\u00f1o si no fuera porque se distrajeron recursos p\u00fablicos para la filmaci\u00f3n \u2013el gobierno de Veracruz aparece entre los auspiciantes- y el estreno de la cinta, en un clar\u00edsimo tr\u00e1fico de influencias.<\/span><\/p>\n<p class=\"p1\"><span style=\"font-size: 14pt;\">Haciendo gala de sus ansias \u201caspiracionales\u201d, para el estreno se organiz\u00f3 una \u201calfombra roja\u201d regi\u00f3n 4\u2026t, por la que desfilaron integrantes del gabinete y miembros del c\u00edrculo cercano del mandatario, como el presidente de la Junta de Coordinaci\u00f3n Pol\u00edtica del Congreso local Juan Javier G\u00f3mez Cazar\u00edn, la secretaria del Trabajo Dorheny Garc\u00eda Cayetano y el secretario de Educaci\u00f3n Zenyazen Escobar, entre otros. Todos, ataviados en trajes y vestidos de gala, como si la \u201cpremier\u201d se llevara a cabo en un teatro y no en una sala de cine de un centro comercial, cruzando el \u00e1rea por donde se venden las palomitas. <\/span><\/p>\n<p class=\"p1\"><span style=\"font-size: 14pt;\">Lejos quedaron los a\u00f1os de los morrales de textiles y los huaraches \u201crevolucionarios\u201d. Ahora el outfit no bajaba de 300 mil pesos, como el de Zenyazen Escobar, irreconocible en comparaci\u00f3n con aquel maestro que protestaba en las calles contra la reforma educativa en el sexenio anterior.<\/span><\/p>\n<p class=\"p1\"><span style=\"font-size: 14pt;\">Para que no quedara duda de que se trataba de una fiesta familiar, estuvieron presentes los padres de Tonatiuh y Cuitl\u00e1huac Garc\u00eda. \u00c9ste \u00faltimo, \u00bfpor qu\u00e9 no?, se tom\u00f3 la tarde para acompa\u00f1ar a su hermano, quien \u201ccoincidentemente\u201d ha desarrollado su \u201ccarrera\u201d como director de cine solo a partir de que su encumbrado familiar es gobernador de Veracruz.<\/span><\/p>\n<p class=\"p1\"><span style=\"font-size: 14pt;\">La televisora del estado, Radiotelevisi\u00f3n de Veracruz, fue la encargada de la cobertura especial de la \u201calfombra roja\u201d con dos conductoras de la emisora -que opera con recursos p\u00fablicos estatales- haciendo entrevistas a las nuevas \u201cestrellas\u201d de la pol\u00edtica que se sent\u00edan cerca del glamour de Hollywood.<\/span><\/p>\n<p class=\"p1\"><span style=\"font-size: 14pt;\">M\u00e1s all\u00e1 de la an\u00e9cdota, de la monumental falta de congruencia y el derroche de mal gusto, lo grave es el uso patrimonialista \u2013y de dudosa legalidad- de los recursos del estado para disfrute y solaz de la clase gobernante en turno, la cual parece muy conforme de tener los mismos privilegios que antes conden\u00f3.<\/span><\/p>\n<p class=\"p1\"><span style=\"font-size: 14pt;\">Est\u00e1n ebrios de poder. Y de ese mismo nivel ser\u00e1 la resaca.<\/span><\/p>\n<p>&nbsp;<\/p>\n<p>&nbsp;<\/p>\n<p class=\"p1\"><span style=\"font-size: 18pt;\"><strong>Correo: <a href=\"mailto:aureliocontreras@gmail.com\">aureliocontreras@gmail.com<\/a><\/strong><\/span><\/p>\n<p class=\"p1\"><span style=\"font-size: 18pt;\"><strong>Twitter: <a href=\"http:\/\/www.twitter.com\/yeyocontreras\">@yeyocontreras<\/a><\/strong><\/span><\/p>\n<p>&nbsp;<\/p>\n<p><span style=\"font-size: 18pt; color: #e42d33;\"><em><strong>**Las columnas firmadas en este medio son responsabilidad de quienes las firman**<\/strong><\/em><\/span><\/p>\n<p>&nbsp;<\/p>\n<p>&nbsp;<\/p>\n","protected":false},"excerpt":{"rendered":"<p>&nbsp; Por Aurelio Contreras Moreno El ejercicio del poder conlleva siempre la tentaci\u00f3n de abusar del mismo. De usar ese<\/p>\n","protected":false},"author":4,"featured_media":3578,"comment_status":"closed","ping_status":"closed","sticky":false,"template":"","format":"standard","meta":{"colormag_page_container_layout":"default_layout","colormag_page_sidebar_layout":"default_layout","_jetpack_memberships_contains_paid_content":false,"footnotes":"","jetpack_publicize_message":"","jetpack_publicize_feature_enabled":true,"jetpack_social_post_already_shared":true,"jetpack_social_options":{"image_generator_settings":{"template":"highway","default_image_id":0,"font":"","enabled":false},"version":2}},"categories":[6],"tags":[],"class_list":["post-8804","post","type-post","status-publish","format-standard","has-post-thumbnail","hentry","category-columnistas"],"jetpack_publicize_connections":[],"jetpack_featured_media_url":"https:\/\/noticiasveracruz.com\/wp-content\/uploads\/2022\/04\/P-AURELIO-CONTRERAS.png","jetpack_sharing_enabled":true,"publishpress_future_action":{"enabled":false,"date":"2026-05-06 16:24:33","action":"change-status","newStatus":"draft","terms":[],"taxonomy":"category","extraData":[]},"publishpress_future_workflow_manual_trigger":{"enabledWorkflows":[]},"_links":{"self":[{"href":"https:\/\/noticiasveracruz.com\/index.php\/wp-json\/wp\/v2\/posts\/8804","targetHints":{"allow":["GET"]}}],"collection":[{"href":"https:\/\/noticiasveracruz.com\/index.php\/wp-json\/wp\/v2\/posts"}],"about":[{"href":"https:\/\/noticiasveracruz.com\/index.php\/wp-json\/wp\/v2\/types\/post"}],"author":[{"embeddable":true,"href":"https:\/\/noticiasveracruz.com\/index.php\/wp-json\/wp\/v2\/users\/4"}],"replies":[{"embeddable":true,"href":"https:\/\/noticiasveracruz.com\/index.php\/wp-json\/wp\/v2\/comments?post=8804"}],"version-history":[{"count":0,"href":"https:\/\/noticiasveracruz.com\/index.php\/wp-json\/wp\/v2\/posts\/8804\/revisions"}],"wp:featuredmedia":[{"embeddable":true,"href":"https:\/\/noticiasveracruz.com\/index.php\/wp-json\/wp\/v2\/media\/3578"}],"wp:attachment":[{"href":"https:\/\/noticiasveracruz.com\/index.php\/wp-json\/wp\/v2\/media?parent=8804"}],"wp:term":[{"taxonomy":"category","embeddable":true,"href":"https:\/\/noticiasveracruz.com\/index.php\/wp-json\/wp\/v2\/categories?post=8804"},{"taxonomy":"post_tag","embeddable":true,"href":"https:\/\/noticiasveracruz.com\/index.php\/wp-json\/wp\/v2\/tags?post=8804"}],"curies":[{"name":"wp","href":"https:\/\/api.w.org\/{rel}","templated":true}]}}