{"id":8607,"date":"2022-10-01T12:12:10","date_gmt":"2022-10-01T17:12:10","guid":{"rendered":"https:\/\/noticiasveracruz.com\/?p=8607"},"modified":"2022-10-01T12:16:00","modified_gmt":"2022-10-01T17:16:00","slug":"rinde-protesta-americo-villarreal-como-gobernador-de-tamaulipas","status":"publish","type":"post","link":"https:\/\/noticiasveracruz.com\/index.php\/2022\/10\/01\/rinde-protesta-americo-villarreal-como-gobernador-de-tamaulipas\/","title":{"rendered":"Rinde protesta Am\u00e9rico Villarreal como gobernador de Tamaulipas"},"content":{"rendered":"<p>&nbsp;<\/p>\n<p class=\"p1\"><span style=\"font-size: 14pt;\"><em><strong>CIUDAD VICTORIA, TAMAULIPAS.<\/strong> <\/em>El morenista Am\u00e9rico Villarreal Anaya rindi\u00f3 protesta la ma\u00f1ana de este s\u00e1bado como gobernador constitucional de Tamaulipas para el periodo 2022-2028.<\/span><\/p>\n<p class=\"p1\"><span style=\"font-size: 18pt;\"><strong>Lo acompa\u00f1aron el secretario de Gobernaci\u00f3n, Ad\u00e1n Augusto L\u00f3pez Hern\u00e1ndez, y 18 gobernadores, entre ellos Claudia Sheinbaum.<\/strong><\/span><\/p>\n<p>&nbsp;<\/p>\n<blockquote>\n<p class=\"p1\"><span style=\"font-size: 14pt;\">Protesto guardar y hacer guardar la Constituci\u00f3n pol\u00edtica de los Estados Unidos Mexicanos, la propia de la entidad y las leyes que de ella emanen, y desempe\u00f1ar leal y patri\u00f3ticamente el puesto de gobernador que el pueblo me ha conferido. Si as\u00ed no lo hiciere, que el pueblo de Tamaulipas me lo demande\u201d, expres\u00f3 Villarreal Anaya ante los representantes del poder legislativo local.<\/span><\/p>\n<\/blockquote>\n<p>&nbsp;<\/p>\n<blockquote class=\"twitter-tweet\" data-width=\"550\" data-dnt=\"true\">\n<p lang=\"es\" dir=\"ltr\">Venci\u00f3 el pueblo de Tamaulipas que con valent\u00eda y coraje decidi\u00f3 que ya era hora de un cambio verdadero, que ya era hora de la Cuarta Transformaci\u00f3n. Que viva <a href=\"https:\/\/twitter.com\/Dr_AVillarreal?ref_src=twsrc%5Etfw\">@Dr_AVillarreal<\/a> que viva Tamaulipas. <a href=\"https:\/\/t.co\/VRLOkiugLi\">pic.twitter.com\/VRLOkiugLi<\/a><\/p>\n<p>&mdash; Dra. Claudia Sheinbaum (@Claudiashein) <a href=\"https:\/\/twitter.com\/Claudiashein\/status\/1576227164399185920?ref_src=twsrc%5Etfw\">October 1, 2022<\/a><\/p><\/blockquote>\n<p><script async src=\"https:\/\/platform.twitter.com\/widgets.js\" charset=\"utf-8\"><\/script><\/p>\n<p>&nbsp;<\/p>\n<p class=\"p1\"><span style=\"font-size: 18pt;\"><strong>Antes, el secretario de Gobernaci\u00f3n, Ad\u00e1n Augusto L\u00f3pez, manifest\u00f3 que con el arribo de Am\u00e9rico Villarreal se espera una transformaci\u00f3n total de Tamaulipas.<\/strong><\/span><\/p>\n<p>&nbsp;<\/p>\n<p><img loading=\"lazy\" decoding=\"async\" class=\"aligncenter wp-image-10847 size-large\" src=\"https:\/\/politicosaldesnudo.com.mx\/wp-content\/uploads\/2022\/10\/P-AMERICO-VILLERRERAL2-1024x573.png\" alt=\"\" width=\"800\" height=\"448\" \/><\/p>\n<p>&nbsp;<\/p>\n<p class=\"p1\"><span style=\"font-size: 14pt;\">En representaci\u00f3n del presidente Andr\u00e9s Manuel L\u00f3pez Obrador, el funcionario mencion\u00f3 que es un gran momento para la entidad.<\/span><\/p>\n<p class=\"p1\"><span style=\"font-size: 18pt;\"><strong>El saliente mandatario estatal panista Francisco Javier Garc\u00eda Cabeza de Vaca no estuvo presente en el evento.<\/strong><\/span><\/p>\n<p>&nbsp;<\/p>\n<p>&nbsp;<\/p>\n<p>&nbsp;<\/p>\n<p>&nbsp;<\/p>\n","protected":false},"excerpt":{"rendered":"<p>&nbsp; CIUDAD VICTORIA, TAMAULIPAS. El morenista Am\u00e9rico Villarreal Anaya rindi\u00f3 protesta la ma\u00f1ana de este s\u00e1bado como gobernador constitucional de<\/p>\n","protected":false},"author":4,"featured_media":8608,"comment_status":"closed","ping_status":"closed","sticky":false,"template":"","format":"standard","meta":{"colormag_page_container_layout":"default_layout","colormag_page_sidebar_layout":"default_layout","_jetpack_memberships_contains_paid_content":false,"footnotes":"","jetpack_publicize_message":"","jetpack_publicize_feature_enabled":true,"jetpack_social_post_already_shared":true,"jetpack_social_options":{"image_generator_settings":{"template":"highway","default_image_id":0,"font":"","enabled":false},"version":2}},"categories":[145],"tags":[1430,943,675],"class_list":["post-8607","post","type-post","status-publish","format-standard","has-post-thumbnail","hentry","category-estados","tag-americo-villarreal","tag-gobernador","tag-tamaulipas"],"jetpack_publicize_connections":[],"jetpack_featured_media_url":"https:\/\/noticiasveracruz.com\/wp-content\/uploads\/2022\/10\/P-AMERICO-VILLERRERAL1.png","jetpack_sharing_enabled":true,"publishpress_future_action":{"enabled":false,"date":"2026-05-07 05:26:14","action":"change-status","newStatus":"draft","terms":[],"taxonomy":"category","extraData":[]},"publishpress_future_workflow_manual_trigger":{"enabledWorkflows":[]},"_links":{"self":[{"href":"https:\/\/noticiasveracruz.com\/index.php\/wp-json\/wp\/v2\/posts\/8607","targetHints":{"allow":["GET"]}}],"collection":[{"href":"https:\/\/noticiasveracruz.com\/index.php\/wp-json\/wp\/v2\/posts"}],"about":[{"href":"https:\/\/noticiasveracruz.com\/index.php\/wp-json\/wp\/v2\/types\/post"}],"author":[{"embeddable":true,"href":"https:\/\/noticiasveracruz.com\/index.php\/wp-json\/wp\/v2\/users\/4"}],"replies":[{"embeddable":true,"href":"https:\/\/noticiasveracruz.com\/index.php\/wp-json\/wp\/v2\/comments?post=8607"}],"version-history":[{"count":0,"href":"https:\/\/noticiasveracruz.com\/index.php\/wp-json\/wp\/v2\/posts\/8607\/revisions"}],"wp:featuredmedia":[{"embeddable":true,"href":"https:\/\/noticiasveracruz.com\/index.php\/wp-json\/wp\/v2\/media\/8608"}],"wp:attachment":[{"href":"https:\/\/noticiasveracruz.com\/index.php\/wp-json\/wp\/v2\/media?parent=8607"}],"wp:term":[{"taxonomy":"category","embeddable":true,"href":"https:\/\/noticiasveracruz.com\/index.php\/wp-json\/wp\/v2\/categories?post=8607"},{"taxonomy":"post_tag","embeddable":true,"href":"https:\/\/noticiasveracruz.com\/index.php\/wp-json\/wp\/v2\/tags?post=8607"}],"curies":[{"name":"wp","href":"https:\/\/api.w.org\/{rel}","templated":true}]}}