{"id":8604,"date":"2022-10-01T13:00:42","date_gmt":"2022-10-01T18:00:42","guid":{"rendered":"https:\/\/noticiasveracruz.com\/?p=8604"},"modified":"2022-10-03T03:50:46","modified_gmt":"2022-10-03T08:50:46","slug":"congreso-local-de-nl-aprueba-constitucion-de-samuel-garcia","status":"publish","type":"post","link":"https:\/\/noticiasveracruz.com\/index.php\/2022\/10\/01\/congreso-local-de-nl-aprueba-constitucion-de-samuel-garcia\/","title":{"rendered":"Congreso local de NL aprueba Constituci\u00f3n de Samuel Garc\u00eda"},"content":{"rendered":"<p>&nbsp;<\/p>\n<p class=\"p1\"><span style=\"font-size: 14pt;\"><em><strong>MONTERREY, NUEVO LE\u00d3N.<\/strong> <\/em>El <strong>Congreso de Nuevo Le\u00f3n\u00a0aprob\u00f3 la nueva Constituci\u00f3n estatal<\/strong>, que impuls\u00f3 el actual mandatario, Samuel Garc\u00eda.<\/span><\/p>\n<p>&nbsp;<\/p>\n<blockquote>\n<p class=\"p1\"><span style=\"font-size: 14pt;\">En sesi\u00f3n extraordinaria, se acord\u00f3 la aprobaci\u00f3n del dictamen que contiene los 215 art\u00edculos y nueve transitorios que define las facultades de Fuerza Civil, incorpora 15 nuevos derechos, define los \u00f3rganos aut\u00f3nomos y obliga a establecer medidas para una Ciudad Inteligente\u201d, inform\u00f3 el congreso estatal mediante un comunicado.<\/span><\/p>\n<\/blockquote>\n<p>&nbsp;<\/p>\n<p class=\"p1\"><span style=\"font-size: 18pt;\"><strong>La nueva Carta Magna\u00a0de la entidad fue promovida por Garc\u00eda en marzo de este a\u00f1o. El mandatario dijo que el objetivo era transformar a Nuevo Le\u00f3n en un estado m\u00e1s democr\u00e1tico e inclusivo para todos sus habitantes.<\/strong><\/span><\/p>\n<p>&nbsp;<\/p>\n<blockquote class=\"twitter-tweet\" data-width=\"550\" data-dnt=\"true\">\n<p lang=\"es\" dir=\"ltr\">Un estado vanguardista y de avanzada necesita que todas las personas tengan acceso al internet. Con la <a href=\"https:\/\/twitter.com\/hashtag\/NuevaConstituci%C3%B3n?src=hash&amp;ref_src=twsrc%5Etfw\">#NuevaConstituci\u00f3n<\/a> vamos a reconocer este derecho a todas y todos los neoloneses, porque as\u00ed es c\u00f3mo se construye el <a href=\"https:\/\/twitter.com\/hashtag\/NuevoNuevoLe%C3%B3n?src=hash&amp;ref_src=twsrc%5Etfw\">#NuevoNuevoLe\u00f3n<\/a>. <a href=\"https:\/\/t.co\/vBk8He7aHx\">pic.twitter.com\/vBk8He7aHx<\/a><\/p>\n<p>&mdash; Samuel Garc\u00eda (@samuel_garcias) <a href=\"https:\/\/twitter.com\/samuel_garcias\/status\/1571674563129536513?ref_src=twsrc%5Etfw\">September 19, 2022<\/a><\/p><\/blockquote>\n<p><script async src=\"https:\/\/platform.twitter.com\/widgets.js\" charset=\"utf-8\"><\/script><\/p>\n<p class=\"p1\"><span style=\"font-size: 14pt;\">El dictamen con el que se reform\u00f3 la\u00a0Constituci\u00f3n fue aprobada por la mayor\u00eda de los legisladores locales durante la sesi\u00f3n extraordinaria.<\/span><\/p>\n<p class=\"p1\"><span style=\"font-size: 14pt;\"><strong>Samuel Garc\u00eda inform\u00f3 a comienzos de mes que la nueva Carta Magna contempla el derecho al agua potable, el derecho al aire limpio, movilidad, educaci\u00f3n, nuevas tecnolog\u00edas, salud mental, alimentaci\u00f3n, trabajo digno y tambi\u00e9n derechos de las personas desaparecidas y a sus familiares.<\/strong><\/span><\/p>\n<p>&nbsp;<\/p>\n<blockquote>\n<p class=\"p1\"><span style=\"font-size: 14pt;\">Una nueva Constituci\u00f3n no s\u00f3lo es la oportunidad de enfrentar con mejores herramientas los problemas del presente, tambi\u00e9n nos permitir\u00e1 reflexionar sobre el panorama que se viene en las pr\u00f3ximas d\u00e9cadas\u201d, asegur\u00f3 Samuel Garc\u00eda frente a los diputados.<\/span><\/p>\n<\/blockquote>\n<p>&nbsp;<\/p>\n<p class=\"p1\"><span style=\"font-size: 14pt;\">El mandatario estatal argumento que la nueva Constituci\u00f3n\u00a0es el resultado de la discusi\u00f3n de 10 foros con acad\u00e9micos, gobernadores, senadores, alcaldes, expertos nacionales y constituyentes de la Asamblea de la Nueva Constituci\u00f3n de la CDMX y por conversatorios organizados por el Grupo de Acompa\u00f1amiento, integrado por 28 hombres y 24 mujeres de todos los sectores.<\/span><\/p>\n<p>&nbsp;<\/p>\n<p>&nbsp;<\/p>\n<p>&nbsp;<\/p>\n<p>&nbsp;<\/p>\n","protected":false},"excerpt":{"rendered":"<p>&nbsp; MONTERREY, NUEVO LE\u00d3N. El Congreso de Nuevo Le\u00f3n\u00a0aprob\u00f3 la nueva Constituci\u00f3n estatal, que impuls\u00f3 el actual mandatario, Samuel Garc\u00eda.<\/p>\n","protected":false},"author":4,"featured_media":8605,"comment_status":"closed","ping_status":"closed","sticky":false,"template":"","format":"standard","meta":{"colormag_page_container_layout":"default_layout","colormag_page_sidebar_layout":"default_layout","_jetpack_memberships_contains_paid_content":false,"footnotes":"","jetpack_publicize_message":"","jetpack_publicize_feature_enabled":true,"jetpack_social_post_already_shared":true,"jetpack_social_options":{"image_generator_settings":{"template":"highway","default_image_id":0,"font":"","enabled":false},"version":2}},"categories":[145],"tags":[1004,218,514],"class_list":["post-8604","post","type-post","status-publish","format-standard","has-post-thumbnail","hentry","category-estados","tag-constitucion","tag-nuevo-leon","tag-samuel-garcia"],"jetpack_publicize_connections":[],"jetpack_featured_media_url":"https:\/\/noticiasveracruz.com\/wp-content\/uploads\/2022\/10\/P-CONSTITUCION-NUEVO-LEO\u0301N.png","jetpack_sharing_enabled":true,"publishpress_future_action":{"enabled":false,"date":"2026-05-07 04:46:40","action":"change-status","newStatus":"draft","terms":[],"taxonomy":"category","extraData":[]},"publishpress_future_workflow_manual_trigger":{"enabledWorkflows":[]},"_links":{"self":[{"href":"https:\/\/noticiasveracruz.com\/index.php\/wp-json\/wp\/v2\/posts\/8604","targetHints":{"allow":["GET"]}}],"collection":[{"href":"https:\/\/noticiasveracruz.com\/index.php\/wp-json\/wp\/v2\/posts"}],"about":[{"href":"https:\/\/noticiasveracruz.com\/index.php\/wp-json\/wp\/v2\/types\/post"}],"author":[{"embeddable":true,"href":"https:\/\/noticiasveracruz.com\/index.php\/wp-json\/wp\/v2\/users\/4"}],"replies":[{"embeddable":true,"href":"https:\/\/noticiasveracruz.com\/index.php\/wp-json\/wp\/v2\/comments?post=8604"}],"version-history":[{"count":0,"href":"https:\/\/noticiasveracruz.com\/index.php\/wp-json\/wp\/v2\/posts\/8604\/revisions"}],"wp:featuredmedia":[{"embeddable":true,"href":"https:\/\/noticiasveracruz.com\/index.php\/wp-json\/wp\/v2\/media\/8605"}],"wp:attachment":[{"href":"https:\/\/noticiasveracruz.com\/index.php\/wp-json\/wp\/v2\/media?parent=8604"}],"wp:term":[{"taxonomy":"category","embeddable":true,"href":"https:\/\/noticiasveracruz.com\/index.php\/wp-json\/wp\/v2\/categories?post=8604"},{"taxonomy":"post_tag","embeddable":true,"href":"https:\/\/noticiasveracruz.com\/index.php\/wp-json\/wp\/v2\/tags?post=8604"}],"curies":[{"name":"wp","href":"https:\/\/api.w.org\/{rel}","templated":true}]}}