{"id":8598,"date":"2022-10-01T07:25:14","date_gmt":"2022-10-01T12:25:14","guid":{"rendered":"https:\/\/noticiasveracruz.com\/?p=8598"},"modified":"2022-10-01T07:26:40","modified_gmt":"2022-10-01T12:26:40","slug":"presidente-confirma-ciberataque-a-la-sedena-no-tengo-nada-que-ocultar","status":"publish","type":"post","link":"https:\/\/noticiasveracruz.com\/index.php\/2022\/10\/01\/presidente-confirma-ciberataque-a-la-sedena-no-tengo-nada-que-ocultar\/","title":{"rendered":"Presidente confirma ciberataque a la Sedena, \u201cno tengo nada que ocultar\u201d"},"content":{"rendered":"<p>&nbsp;<\/p>\n<p class=\"p1\"><span style=\"font-size: 14pt;\"><em><strong>CIUDAD DE M\u00c9XICO.<\/strong> <\/em>El presidente <strong>Andr\u00e9s Manuel L\u00f3pez Obrador acept\u00f3 que hubo un ciberataque a la Secretar\u00eda de la Defensa Nacional (<\/strong>Sedena) y que son ciertos los informes revelados sobre su salud. <strong>\u201cEstoy enfermo, tengo varios padecimientos\u201d, el m\u00e1s grave, hipertensi\u00f3n, detall\u00f3 el mandatario en su conferencia ma\u00f1anera, en la que desestim\u00f3 que la informaci\u00f3n robada fuera novedosa. \u201cNo era nada que no se sepa ya o se deba saber. Pensaron que ten\u00edan la gran nota y no tienen nada\u201d, sentenci\u00f3.<\/strong><\/span><\/p>\n<p class=\"p1\"><span style=\"font-size: 18pt;\"><strong>Los responsables del\u00a0hackeo\u00a0no han sido identificados, pero \u2013indic\u00f3\u2013 se piensa que <span style=\"color: #e42d33;\">se trata de \u201cuna agencia o grupo\u201d extranjero, porque han realizado acciones similares en Guatemala, Chile, Colombia y El Salvador.<\/span> Coment\u00f3 que \u201cpuede ser un grupo nacional tambi\u00e9n, pero lo dudo\u201d. Agreg\u00f3 que para vulnerar los sistemas de seguridad del Ej\u00e9rcito, los atacantes aprovecharon que la instituci\u00f3n estaba haciendo cambios en ellos, seg\u00fan le inform\u00f3 el general Luis Cresencio Sandoval, titular de la Secretar\u00eda de la Defensa Nacional (Sedena).<\/strong><\/span><\/p>\n<p>&nbsp;<\/p>\n<p><img loading=\"lazy\" decoding=\"async\" class=\"aligncenter wp-image-10839 size-large\" src=\"https:\/\/politicosaldesnudo.com.mx\/wp-content\/uploads\/2022\/10\/P-CIBERATAQUE-SEDENA-2-1024x573.png\" alt=\"\" width=\"800\" height=\"448\" \/><\/p>\n<p>&nbsp;<\/p>\n<p class=\"p1\"><span style=\"font-size: 18pt;\"><strong>Andr\u00e9s Manuel L\u00f3pez Obrador <\/strong><\/span><span style=\"font-size: 18pt;\"><strong>asegur\u00f3 que \u201cno hay nada que ocultar. La vida p\u00fablica tiene que ser m\u00e1s p\u00fablica, entonces no hay nada que no se sepa o que no se deba saber\u201d.<\/strong><\/span><\/p>\n<p class=\"p1\"><span style=\"font-size: 14pt;\">\u201cSi se act\u00faa con transparencia \u2013que es la regla de oro de la democracia\u2013, si no se miente, si se habla con la verdad, \u00bfqu\u00e9 problema puede uno tener?\u201d, agreg\u00f3.<\/span><\/p>\n<p class=\"p1\"><span style=\"font-size: 14pt;\">El Presidente pidi\u00f3 a su equipo de comunicaci\u00f3n que proyectara en la pantalla del sal\u00f3n Tesorer\u00eda una canci\u00f3n de\u00a0Chico Che\u00a0llamada\u00a0Que no me quiso el Ej\u00e9rcito, en la que el cantante describe que padece altos niveles de alcohol y colesterol en la sangre, piedras en el ri\u00f1\u00f3n y agua en los pulmones. \u201cTengo todos los males que se mencionan ah\u00ed. Solamente hay una cosa que no tengo, lo del alcohol, pero lo dem\u00e1s s\u00ed, y otros males\u201d, asever\u00f3 sonriente el mandatario.<\/span><\/p>\n<p class=\"p1\"><span style=\"font-size: 18pt;\"><strong>Explic\u00f3, como se\u00f1ala la informaci\u00f3n robada a la Sedena, que toma medicamentos para problemas de tiroides, gota e hipertensi\u00f3n. Y que si bien en alg\u00fan momento se neg\u00f3 a someterse a alg\u00fan tratamiento, \u201clos m\u00e9dicos me vencieron. Termin\u00e9 con un coctel que tomo por las noches para varias enfermedades, un s\u00edndrome, pero estoy muy bien\u201d.<\/strong><\/span><\/p>\n<p class=\"p1\"><span style=\"font-size: 14pt;\">L\u00f3pez Obrador confi\u00f3 que le realizan revisiones m\u00e9dicas \u201ccada seis meses, cada cuatro meses. Eso depende de c\u00f3mo uno se sienta\u201d.<\/span><\/p>\n<p><span style=\"font-size: 18pt; color: #e42d33;\"><strong>S\u00cd ESTOY ENFERMO<\/strong><\/span><\/p>\n<p class=\"p1\"><span style=\"font-size: 14pt;\">Explic\u00f3 que para atender su problema \u201cm\u00e1s delicado, la hipertensi\u00f3n\u201d, adem\u00e1s de usar tratamientos medicinales, se ejercita. Expres\u00f3 su preocupaci\u00f3n de que consumir tantos medicamentos pueda afectar sus ri\u00f1ones, por lo que cuando termine su mandato tomar\u00e1 menos pastillas.<\/span><\/p>\n<p class=\"p1\"><span style=\"font-size: 14pt;\">Tambi\u00e9n cambiar\u00e1 su estilo de vida. \u201cVoy a estar a nivel del mar y eso ayuda mucho en el caso de la hipertensi\u00f3n, y ya no (tendr\u00e9) tantas presiones, entonces voy a bajarle a las pastillas y va a ser m\u00e1s al natural. Pero mientras yo tenga la responsabilidad que me dio el pueblo como Presidente, le tengo que hacer caso a los m\u00e9dicos y tengo que cuidarme\u201d.<\/span><\/p>\n<p class=\"p1\"><span style=\"font-size: 18pt;\"><strong>Coment\u00f3 que las presiones que se viven en el ejercicio de su cargo p\u00fablico son muchas, y \u201ca veces hay que dormir con las botas puestas; sin embargo, es muy satisfactorio tambi\u00e9n. Es deber, pero tambi\u00e9n significa una gran satisfacci\u00f3n de poder servir. No hay nada que se compare a poder servir a los semejantes, esa es la verdadera pol\u00edtica\u201d.<\/strong><\/span><\/p>\n<p class=\"p1\"><span style=\"font-size: 14pt;\">Se dijo despreocupado tras el ciberataque y la revelaci\u00f3n de documentos. \u201cUy, no pude dormir\u201d, ironiz\u00f3, y manifest\u00f3 que no se consideran medidas especiales, porque \u201csi se act\u00faa con transparencia, que es la regla de oro de la democracia, si no se miente, si se habla con la verdad, pues qu\u00e9 problema puede uno tener\u201d.<\/span><\/p>\n<p class=\"p1\"><span style=\"font-size: 14pt;\">Se\u00f1al\u00f3 que la publicaci\u00f3n de los informes fue \u201cun asunto de politiquer\u00eda\u201d que no lo da\u00f1ar\u00e1, pues \u201cla gente hasta rechaza esto; la gente lo ve como una intromisi\u00f3n, una falta de respeto a la privacidad, una bajeza\u201d.<\/span><\/p>\n<p>&nbsp;<\/p>\n<p>&nbsp;<\/p>\n<p>&nbsp;<\/p>\n","protected":false},"excerpt":{"rendered":"<p>&nbsp; CIUDAD DE M\u00c9XICO. El presidente Andr\u00e9s Manuel L\u00f3pez Obrador acept\u00f3 que hubo un ciberataque a la Secretar\u00eda de la<\/p>\n","protected":false},"author":4,"featured_media":8599,"comment_status":"closed","ping_status":"closed","sticky":false,"template":"","format":"standard","meta":{"colormag_page_container_layout":"default_layout","colormag_page_sidebar_layout":"default_layout","_jetpack_memberships_contains_paid_content":false,"footnotes":"","jetpack_publicize_message":"","jetpack_publicize_feature_enabled":true,"jetpack_social_post_already_shared":true,"jetpack_social_options":{"image_generator_settings":{"template":"highway","default_image_id":0,"font":"","enabled":false},"version":2}},"categories":[4],"tags":[65,1462,542,760],"class_list":["post-8598","post","type-post","status-publish","format-standard","has-post-thumbnail","hentry","category-nacional","tag-andres-manuel-lopez-obrador","tag-ciberataque","tag-salud","tag-sedena"],"jetpack_publicize_connections":[],"jetpack_featured_media_url":"https:\/\/noticiasveracruz.com\/wp-content\/uploads\/2022\/10\/P-CIBERATAQUE-SEDENA-1.png","jetpack_sharing_enabled":true,"publishpress_future_action":{"enabled":false,"date":"2026-05-07 06:14:54","action":"change-status","newStatus":"draft","terms":[],"taxonomy":"category","extraData":[]},"publishpress_future_workflow_manual_trigger":{"enabledWorkflows":[]},"_links":{"self":[{"href":"https:\/\/noticiasveracruz.com\/index.php\/wp-json\/wp\/v2\/posts\/8598","targetHints":{"allow":["GET"]}}],"collection":[{"href":"https:\/\/noticiasveracruz.com\/index.php\/wp-json\/wp\/v2\/posts"}],"about":[{"href":"https:\/\/noticiasveracruz.com\/index.php\/wp-json\/wp\/v2\/types\/post"}],"author":[{"embeddable":true,"href":"https:\/\/noticiasveracruz.com\/index.php\/wp-json\/wp\/v2\/users\/4"}],"replies":[{"embeddable":true,"href":"https:\/\/noticiasveracruz.com\/index.php\/wp-json\/wp\/v2\/comments?post=8598"}],"version-history":[{"count":0,"href":"https:\/\/noticiasveracruz.com\/index.php\/wp-json\/wp\/v2\/posts\/8598\/revisions"}],"wp:featuredmedia":[{"embeddable":true,"href":"https:\/\/noticiasveracruz.com\/index.php\/wp-json\/wp\/v2\/media\/8599"}],"wp:attachment":[{"href":"https:\/\/noticiasveracruz.com\/index.php\/wp-json\/wp\/v2\/media?parent=8598"}],"wp:term":[{"taxonomy":"category","embeddable":true,"href":"https:\/\/noticiasveracruz.com\/index.php\/wp-json\/wp\/v2\/categories?post=8598"},{"taxonomy":"post_tag","embeddable":true,"href":"https:\/\/noticiasveracruz.com\/index.php\/wp-json\/wp\/v2\/tags?post=8598"}],"curies":[{"name":"wp","href":"https:\/\/api.w.org\/{rel}","templated":true}]}}