{"id":8593,"date":"2022-10-01T07:11:14","date_gmt":"2022-10-01T12:11:14","guid":{"rendered":"https:\/\/noticiasveracruz.com\/?p=8593"},"modified":"2022-10-01T07:12:54","modified_gmt":"2022-10-01T12:12:54","slug":"juez-de-eu-desestima-demanda-de-mexico-contra-fabricantes-de-armas","status":"publish","type":"post","link":"https:\/\/noticiasveracruz.com\/index.php\/2022\/10\/01\/juez-de-eu-desestima-demanda-de-mexico-contra-fabricantes-de-armas\/","title":{"rendered":"Juez de EU desestima demanda de M\u00e9xico contra fabricantes de armas, SRE apelar\u00e1 fallo"},"content":{"rendered":"<p>&nbsp;<\/p>\n<p class=\"p1\"><span style=\"font-size: 14pt;\"><em><strong>MASSACHUSSETSS, EU.<\/strong> <\/em>Un tribunal de Massachusetts <strong>desestim\u00f3 la demanda que hab\u00eda interpuesto M\u00e9xico<\/strong> contra los principales fabricantes de armas estadounidenses, a los que <strong>acusaba de \u201ccomercio negligente e il\u00edcito\u201d que alienta el narcotr\u00e1fico y la violencia en su territorio<\/strong>, seg\u00fan documentos judiciales a los que tuvo acceso la AFP.<\/span><\/p>\n<p>&nbsp;<\/p>\n<blockquote>\n<p class=\"p1\"><span style=\"font-size: 14pt;\">Desgraciadamente para el gobierno de M\u00e9xico, todas sus demandas est\u00e1n prohibidas por la ley federal o fracasan por otras razones\u201d, justific\u00f3 el juez Dennis Saylor en un largo documento, en el que se\u00f1al\u00f3 que ese tribunal \u00abno tiene autoridad para ignorar una ley de Congreso\u201d<\/span><\/p>\n<\/blockquote>\n<p>&nbsp;<\/p>\n<p class=\"p1\"><span style=\"font-size: 18pt;\"><strong>En su escrito, el juez se\u00f1ala que \u201caunque el Tribunal siente una considerable simpat\u00eda por el pueblo de M\u00e9xico, y ninguna por quienes trafican con armas a las organizaciones criminales mexicanas, tiene el deber de cumplir la ley\u201d.<\/strong><\/span><\/p>\n<p class=\"p1\"><span style=\"font-size: 14pt;\">Ese lo lleva a que \u201cse conceder\u00e1n las mociones de desestimaci\u00f3n\u201d que hab\u00edan presentado los acusados.<\/span><\/p>\n<p>&nbsp;<\/p>\n<p><img loading=\"lazy\" decoding=\"async\" class=\"aligncenter wp-image-10834 size-large\" src=\"https:\/\/politicosaldesnudo.com.mx\/wp-content\/uploads\/2022\/10\/P-ARMAS-FALLO-ME\u0301XICO-2-1024x573.png\" alt=\"\" width=\"800\" height=\"448\" \/><\/p>\n<p>&nbsp;<\/p>\n<p class=\"p1\"><span style=\"font-size: 18pt;\"><strong>M\u00e9xico demand\u00f3 en agosto de 2021 a Smith &amp; Wesson, Beretta, Colt, Glock, Century Arms, Ruger y Barrett por considerar que su comercio \u201cnegligente e il\u00edcito\u201d alienta el narcotr\u00e1fico y la violencia en el pa\u00eds.<\/strong><\/span><\/p>\n<p class=\"p1\"><span style=\"font-size: 14pt;\">M\u00e9xico estima que entre 342,000 y 597,000 armas fabricadas por esas firmas -entre el 70% y 90%- llegan anualmente a su territorio de manera ilegal procedentes de Estados Unidos.<\/span><\/p>\n<p class=\"p1\"><strong><span style=\"font-size: 14pt;\">El pa\u00eds ocupa la tercera posici\u00f3n de la lista de naciones con m\u00e1s muertes relacionadas con armas.<\/span><\/strong><\/p>\n<p class=\"p1\"><span style=\"font-size: 14pt;\">M\u00e9xico, de 126 millones de habitantes, es azotado por una vor\u00e1gine de violencia desde 2006, cuando el gobierno del entonces presidente Felipe Calder\u00f3n (2006-2012) lanz\u00f3 un pol\u00e9mico operativo militar antidrogas.<\/span><\/p>\n<p>&nbsp;<\/p>\n<p><span style=\"font-size: 18pt; color: #e42d33;\"><strong>SRE: M\u00c9XICO APELAR\u00c1 FALLO<\/strong><\/span><\/p>\n<p><span style=\"font-size: 14pt;\">La Secretar\u00eda de Relaciones Exteriores (SRE) anunci\u00f3 que apelar\u00e1 la decisi\u00f3n del juez federal, <\/span><span style=\"font-size: 14pt;\">se\u00f1al\u00f3 en un comunicado que despu\u00e9s de se\u00f1alar los argumentos del gobierno de M\u00e9xico, el juez decidi\u00f3 que las empresas demandadas gozan de la protecci\u00f3n de la ley estadounidense y que est\u00e1 impedido para cuestionar la voluntad del Congreso de ese pa\u00eds, \u201caun cuando los se\u00f1alamientos de la demanda pueden evocar una respuesta emp\u00e1tica\u201d.<\/span><\/p>\n<p><span style=\"font-size: 18pt;\"><strong>El juez tambi\u00e9n dice que \u201caun cuando la Corte tiene considerable empat\u00eda por las personas de M\u00e9xico, y ninguna por quienes trafican armas a organizaciones criminales, debe ce\u00f1irse por lo dispuesto en la ley\u201d.<\/strong><\/span><\/p>\n<p>&nbsp;<\/p>\n<blockquote><p><span style=\"font-size: 14pt;\">Se trata de la decisi\u00f3n en primera instancia de una acci\u00f3n in\u00e9dita y valerosa del Gobierno de M\u00e9xico para evitar que armas de fuego, muchas de alto poder, causen violencia en nuestro pa\u00eds\u201d<\/span><\/p><\/blockquote>\n<p>&nbsp;<\/p>\n<p class=\"p1\"><span style=\"font-size: 18pt;\"><strong>Agreg\u00f3 que \u201cel gobierno de M\u00e9xico apelar\u00e1 la decisi\u00f3n del juez federal y seguir\u00e1 insistiendo en que el comercio de armas debe ser responsable, transparente y con rendici\u00f3n de cuentas, y que la forma negligente como se venden en los Estados Unidos facilita que los criminales accedan a ellas\u201d.<\/strong><\/span><\/p>\n<p class=\"p1\">\n","protected":false},"excerpt":{"rendered":"<p>&nbsp; MASSACHUSSETSS, EU. Un tribunal de Massachusetts desestim\u00f3 la demanda que hab\u00eda interpuesto M\u00e9xico contra los principales fabricantes de armas<\/p>\n","protected":false},"author":4,"featured_media":8594,"comment_status":"closed","ping_status":"closed","sticky":false,"template":"","format":"standard","meta":{"colormag_page_container_layout":"default_layout","colormag_page_sidebar_layout":"default_layout","_jetpack_memberships_contains_paid_content":false,"footnotes":"","jetpack_publicize_message":"","jetpack_publicize_feature_enabled":true,"jetpack_social_post_already_shared":true,"jetpack_social_options":{"image_generator_settings":{"template":"highway","default_image_id":0,"font":"","enabled":false},"version":2}},"categories":[355],"tags":[307,790,31,415,1148],"class_list":["post-8593","post","type-post","status-publish","format-standard","has-post-thumbnail","hentry","category-internacional","tag-armas","tag-demanda","tag-mexico","tag-narcotrafico","tag-sre"],"jetpack_publicize_connections":[],"jetpack_featured_media_url":"https:\/\/noticiasveracruz.com\/wp-content\/uploads\/2022\/10\/P-ARMAS-FALLO-ME\u0301XICO-1.png","jetpack_sharing_enabled":true,"publishpress_future_action":{"enabled":false,"date":"2026-05-07 07:01:02","action":"change-status","newStatus":"draft","terms":[],"taxonomy":"category","extraData":[]},"publishpress_future_workflow_manual_trigger":{"enabledWorkflows":[]},"_links":{"self":[{"href":"https:\/\/noticiasveracruz.com\/index.php\/wp-json\/wp\/v2\/posts\/8593","targetHints":{"allow":["GET"]}}],"collection":[{"href":"https:\/\/noticiasveracruz.com\/index.php\/wp-json\/wp\/v2\/posts"}],"about":[{"href":"https:\/\/noticiasveracruz.com\/index.php\/wp-json\/wp\/v2\/types\/post"}],"author":[{"embeddable":true,"href":"https:\/\/noticiasveracruz.com\/index.php\/wp-json\/wp\/v2\/users\/4"}],"replies":[{"embeddable":true,"href":"https:\/\/noticiasveracruz.com\/index.php\/wp-json\/wp\/v2\/comments?post=8593"}],"version-history":[{"count":0,"href":"https:\/\/noticiasveracruz.com\/index.php\/wp-json\/wp\/v2\/posts\/8593\/revisions"}],"wp:featuredmedia":[{"embeddable":true,"href":"https:\/\/noticiasveracruz.com\/index.php\/wp-json\/wp\/v2\/media\/8594"}],"wp:attachment":[{"href":"https:\/\/noticiasveracruz.com\/index.php\/wp-json\/wp\/v2\/media?parent=8593"}],"wp:term":[{"taxonomy":"category","embeddable":true,"href":"https:\/\/noticiasveracruz.com\/index.php\/wp-json\/wp\/v2\/categories?post=8593"},{"taxonomy":"post_tag","embeddable":true,"href":"https:\/\/noticiasveracruz.com\/index.php\/wp-json\/wp\/v2\/tags?post=8593"}],"curies":[{"name":"wp","href":"https:\/\/api.w.org\/{rel}","templated":true}]}}