{"id":8566,"date":"2022-09-29T16:45:05","date_gmt":"2022-09-29T21:45:05","guid":{"rendered":"https:\/\/noticiasveracruz.com\/?p=8566"},"modified":"2022-09-30T07:48:47","modified_gmt":"2022-09-30T12:48:47","slug":"este-fin-de-semana-inician-operativos-de-ssp-y-transito","status":"publish","type":"post","link":"https:\/\/noticiasveracruz.com\/index.php\/2022\/09\/29\/este-fin-de-semana-inician-operativos-de-ssp-y-transito\/","title":{"rendered":"Este fin de semana inician operativos de SSP y Tr\u00e1nsito"},"content":{"rendered":"<p>&nbsp;<\/p>\n<p class=\"p1\"><span style=\"font-size: 18pt;\"><strong>&lt;&lt; Preservar la seguridad en Tuxpan es tarea de todos &gt;&gt;<\/strong><\/span><\/p>\n<p>&nbsp;<\/p>\n<p class=\"p1\"><span style=\"font-size: 14pt;\"><em><strong>TUXPAN, VERACRUZ.<\/strong><span class=\"Apple-converted-space\"><strong>\u00a0<\/strong> <\/span><\/em>Autoridades de los 3 niveles de gobierno y la Direcci\u00f3n de Tr\u00e1nsito Municipal iniciar\u00e1n, este fin de semana, operativos en diversos puntos de la ciudad. <\/span><\/p>\n<p class=\"p1\"><span style=\"font-size: 18pt;\"><strong>Se supervisar\u00e1 que los conductores circulen acatando todas las medidas de seguridad que establecen la Ley de Tr\u00e1nsito y Seguridad Vial para Estado de Veracruz, y el Reglamento de Polic\u00eda y Tr\u00e1nsito Municipal.<\/strong><\/span><\/p>\n<p class=\"p1\"><span style=\"font-size: 14pt;\">Se exhorta a los motociclistas utilizar casco, no exceder de 2 pasajeros a bordo de la moto, tener su documentaci\u00f3n completa y su unidad debidamente emplacada. <\/span><\/p>\n<p class=\"p1\"><span style=\"font-size: 14pt;\">A los conductores de autom\u00f3viles se les pide traer su documentaci\u00f3n en regla, utilizar el cintur\u00f3n de seguridad y no manejar si han ingerido bebidas alcoh\u00f3licas.<\/span><\/p>\n<p class=\"p1\"><span style=\"font-size: 18pt;\"><strong>Seguir estas medidas evitar\u00e1 hacerse acreedor a multas y sanciones establecidas en el Reglamento de Polic\u00eda y Tr\u00e1nsito Municipal.<\/strong><\/span><\/p>\n<p>&nbsp;<\/p>\n","protected":false},"excerpt":{"rendered":"<p>&nbsp; &lt;&lt; Preservar la seguridad en Tuxpan es tarea de todos &gt;&gt; &nbsp; TUXPAN, VERACRUZ.\u00a0 Autoridades de los 3 niveles<\/p>\n","protected":false},"author":4,"featured_media":8567,"comment_status":"closed","ping_status":"closed","sticky":false,"template":"","format":"standard","meta":{"colormag_page_container_layout":"default_layout","colormag_page_sidebar_layout":"default_layout","_jetpack_memberships_contains_paid_content":false,"footnotes":"","jetpack_publicize_message":"","jetpack_publicize_feature_enabled":true,"jetpack_social_post_already_shared":true,"jetpack_social_options":{"image_generator_settings":{"template":"highway","default_image_id":0,"font":"","enabled":false},"version":2}},"categories":[356],"tags":[1458,1291,72,73],"class_list":["post-8566","post","type-post","status-publish","format-standard","has-post-thumbnail","hentry","category-veracruz","tag-policia-municipal","tag-transito","tag-tuxpan","tag-veracruz"],"jetpack_publicize_connections":[],"jetpack_featured_media_url":"https:\/\/noticiasveracruz.com\/wp-content\/uploads\/2022\/09\/P-REPLAQUEO-TUXPAN.png","jetpack_sharing_enabled":true,"publishpress_future_action":{"enabled":false,"date":"2026-05-07 02:50:08","action":"change-status","newStatus":"draft","terms":[],"taxonomy":"category","extraData":[]},"publishpress_future_workflow_manual_trigger":{"enabledWorkflows":[]},"_links":{"self":[{"href":"https:\/\/noticiasveracruz.com\/index.php\/wp-json\/wp\/v2\/posts\/8566","targetHints":{"allow":["GET"]}}],"collection":[{"href":"https:\/\/noticiasveracruz.com\/index.php\/wp-json\/wp\/v2\/posts"}],"about":[{"href":"https:\/\/noticiasveracruz.com\/index.php\/wp-json\/wp\/v2\/types\/post"}],"author":[{"embeddable":true,"href":"https:\/\/noticiasveracruz.com\/index.php\/wp-json\/wp\/v2\/users\/4"}],"replies":[{"embeddable":true,"href":"https:\/\/noticiasveracruz.com\/index.php\/wp-json\/wp\/v2\/comments?post=8566"}],"version-history":[{"count":0,"href":"https:\/\/noticiasveracruz.com\/index.php\/wp-json\/wp\/v2\/posts\/8566\/revisions"}],"wp:featuredmedia":[{"embeddable":true,"href":"https:\/\/noticiasveracruz.com\/index.php\/wp-json\/wp\/v2\/media\/8567"}],"wp:attachment":[{"href":"https:\/\/noticiasveracruz.com\/index.php\/wp-json\/wp\/v2\/media?parent=8566"}],"wp:term":[{"taxonomy":"category","embeddable":true,"href":"https:\/\/noticiasveracruz.com\/index.php\/wp-json\/wp\/v2\/categories?post=8566"},{"taxonomy":"post_tag","embeddable":true,"href":"https:\/\/noticiasveracruz.com\/index.php\/wp-json\/wp\/v2\/tags?post=8566"}],"curies":[{"name":"wp","href":"https:\/\/api.w.org\/{rel}","templated":true}]}}