{"id":8560,"date":"2022-09-29T12:27:53","date_gmt":"2022-09-29T17:27:53","guid":{"rendered":"https:\/\/noticiasveracruz.com\/?p=8560"},"modified":"2022-09-30T07:36:37","modified_gmt":"2022-09-30T12:36:37","slug":"mexico-ofrece-gas-a-alemania-y-restablecer-electricidad-en-cuba","status":"publish","type":"post","link":"https:\/\/noticiasveracruz.com\/index.php\/2022\/09\/29\/mexico-ofrece-gas-a-alemania-y-restablecer-electricidad-en-cuba\/","title":{"rendered":"M\u00e9xico ofrece gas a Alemania y restablecer electricidad en Cuba"},"content":{"rendered":"<p>&nbsp;<\/p>\n<p class=\"p1\"><span style=\"font-size: 14pt;\"><em><strong>CIUDAD DE M\u00c9XICO.<\/strong> <\/em>Como una<strong> muestra de fraternidad universal y colaboraci\u00f3n<\/strong>, a nombre del Gobierno de M\u00e9xico el<strong> presidente Andr\u00e9s Manuel L\u00f3pez Obrador ofreci\u00f3<\/strong> <strong>ayuda a\u00a0Alemania y Cuba\u00a0<\/strong>para\u00a0atender el <strong>desabasto de gas<\/strong> en el pa\u00eds europeo y <strong>reestablecer el servicio de energ\u00eda el\u00e9ctrica en la isla.<\/strong><\/span><\/p>\n<p class=\"p1\"><span style=\"font-size: 14pt;\">En di\u00e1logo con representantes de los medios de comunicaci\u00f3n, el jefe del Ejecutivo record\u00f3 que la guerra de Rusia y Ucrania impact\u00f3 negativamente el suministro de gas en Alemania.<\/span><\/p>\n<p>&nbsp;<\/p>\n<blockquote>\n<p class=\"p1\"><span style=\"font-size: 14pt;\">Est\u00e1 la incertidumbre por el invierno. Ellos ten\u00edan un contrato con Rusia de abasto de gas y ten\u00edan plantas nucleares de generaci\u00f3n de energ\u00eda; tomaron la decisi\u00f3n de cerrarlas y se quedaron b\u00e1sicamente con el abasto de gas de Rusia. Entonces viene el conflicto, cierran la llave del gasoducto y est\u00e1n regresando al carb\u00f3n\u201d<\/span><\/p>\n<\/blockquote>\n<p>&nbsp;<\/p>\n<p class=\"p1\"><span style=\"font-size: 14pt;\">En la reciente reuni\u00f3n con el presidente de la\u00a0Rep\u00fablica Federal de Alemania, Frank-Walter Steinmeier, en Palacio Nacional se plante\u00f3 este ofrecimiento como una cuesti\u00f3n de ayuda humanitaria.<\/span><\/p>\n<p>&nbsp;<\/p>\n<blockquote>\n<p class=\"p1\"><span style=\"font-size: 14pt;\">Llevar\u00eda tiempo porque necesitamos la construcci\u00f3n de dos plantas de licuefacci\u00f3n para congelar el gas y mandarlo. Hay ahora una tecnolog\u00eda que tiene una empresa estadounidense, Fortress, con la que tenemos un acuerdo, en donde son barcos, no hace falta construir la planta en tierra y, en el mismo barco, el gas se congela, se lleva y all\u00e1 se regasifica en el puerto donde hay ductos; ya se ha avanzado en eso\u201d<\/span><\/p>\n<\/blockquote>\n<p>&nbsp;<\/p>\n<p class=\"p1\"><span style=\"font-size: 14pt;\">M\u00e9xico, dijo el mandatario, tiene disponibilidad de gas \u201cporque hay contratos para la Comisi\u00f3n Federal de Electricidad, tenemos gas excedente y de los nuevos campos petroleros que estamos explotando, entonces s\u00ed podr\u00edamos ayudar, nada m\u00e1s es cosa de que ellos lo decidan\u201d.<\/span><\/p>\n<p class=\"p1\"><span style=\"font-size: 14pt;\">Sostuvo que el Gobierno de la Cuarta Transformaci\u00f3n tambi\u00e9n puede apoyar a Cuba con la restauraci\u00f3n de la red el\u00e9ctrica tras el paso del hurac\u00e1n Ian.<\/span><\/p>\n<p>&nbsp;<\/p>\n<blockquote>\n<p class=\"p1\"><span style=\"font-size: 14pt;\">Desde ayer enviamos un grupo de t\u00e9cnicos, trabajadores electricistas, a Cuba, porque se quedaron sin energ\u00eda el\u00e9ctrica, entonces tenemos que llevar a la pr\u00e1ctica la fraternidad universal, ayudarnos mutuamente\u201d<\/span><\/p>\n<\/blockquote>\n<p>&nbsp;<\/p>\n<p>&nbsp;<\/p>\n<p>&nbsp;<\/p>\n<p>&nbsp;<\/p>\n","protected":false},"excerpt":{"rendered":"<p>&nbsp; CIUDAD DE M\u00c9XICO. Como una muestra de fraternidad universal y colaboraci\u00f3n, a nombre del Gobierno de M\u00e9xico el presidente<\/p>\n","protected":false},"author":4,"featured_media":8561,"comment_status":"closed","ping_status":"closed","sticky":false,"template":"","format":"standard","meta":{"colormag_page_container_layout":"default_layout","colormag_page_sidebar_layout":"default_layout","_jetpack_memberships_contains_paid_content":false,"footnotes":"","jetpack_publicize_message":"","jetpack_publicize_feature_enabled":true,"jetpack_social_post_already_shared":true,"jetpack_social_options":{"image_generator_settings":{"template":"highway","default_image_id":0,"font":"","enabled":false},"version":2}},"categories":[4],"tags":[1457,65,372,22,756],"class_list":["post-8560","post","type-post","status-publish","format-standard","has-post-thumbnail","hentry","category-nacional","tag-alemania","tag-andres-manuel-lopez-obrador","tag-cuba","tag-electricidad","tag-gas"],"jetpack_publicize_connections":[],"jetpack_featured_media_url":"https:\/\/noticiasveracruz.com\/wp-content\/uploads\/2022\/09\/P-AYUDA-MUNDIAL.png","jetpack_sharing_enabled":true,"publishpress_future_action":{"enabled":false,"date":"2026-05-07 01:42:57","action":"change-status","newStatus":"draft","terms":[],"taxonomy":"category","extraData":[]},"publishpress_future_workflow_manual_trigger":{"enabledWorkflows":[]},"_links":{"self":[{"href":"https:\/\/noticiasveracruz.com\/index.php\/wp-json\/wp\/v2\/posts\/8560","targetHints":{"allow":["GET"]}}],"collection":[{"href":"https:\/\/noticiasveracruz.com\/index.php\/wp-json\/wp\/v2\/posts"}],"about":[{"href":"https:\/\/noticiasveracruz.com\/index.php\/wp-json\/wp\/v2\/types\/post"}],"author":[{"embeddable":true,"href":"https:\/\/noticiasveracruz.com\/index.php\/wp-json\/wp\/v2\/users\/4"}],"replies":[{"embeddable":true,"href":"https:\/\/noticiasveracruz.com\/index.php\/wp-json\/wp\/v2\/comments?post=8560"}],"version-history":[{"count":0,"href":"https:\/\/noticiasveracruz.com\/index.php\/wp-json\/wp\/v2\/posts\/8560\/revisions"}],"wp:featuredmedia":[{"embeddable":true,"href":"https:\/\/noticiasveracruz.com\/index.php\/wp-json\/wp\/v2\/media\/8561"}],"wp:attachment":[{"href":"https:\/\/noticiasveracruz.com\/index.php\/wp-json\/wp\/v2\/media?parent=8560"}],"wp:term":[{"taxonomy":"category","embeddable":true,"href":"https:\/\/noticiasveracruz.com\/index.php\/wp-json\/wp\/v2\/categories?post=8560"},{"taxonomy":"post_tag","embeddable":true,"href":"https:\/\/noticiasveracruz.com\/index.php\/wp-json\/wp\/v2\/tags?post=8560"}],"curies":[{"name":"wp","href":"https:\/\/api.w.org\/{rel}","templated":true}]}}