{"id":8555,"date":"2022-09-30T06:10:35","date_gmt":"2022-09-30T11:10:35","guid":{"rendered":"https:\/\/noticiasveracruz.com\/?p=8555"},"modified":"2022-09-30T07:14:45","modified_gmt":"2022-09-30T12:14:45","slug":"amlo-cuitlahuac-yunes-y-elba-esther","status":"publish","type":"post","link":"https:\/\/noticiasveracruz.com\/index.php\/2022\/09\/30\/amlo-cuitlahuac-yunes-y-elba-esther\/","title":{"rendered":"AMLO, Cuitl\u00e1huac, Yunes y Elba Esther"},"content":{"rendered":"<p>&nbsp;<\/p>\n<p class=\"p1\"><span style=\"font-size: 18pt;\"><strong>Por Aurelio Contreras Moreno<\/strong><\/span><\/p>\n<p class=\"p1\"><span style=\"font-size: 14pt;\">En la elecci\u00f3n de 2018, fue evidente el apoyo que los operadores de Elba Esther Gordillo le dieron a la candidatura de Andr\u00e9s Manuel L\u00f3pez Obrador y en general al Movimiento de Regeneraci\u00f3n Nacional en todo el pa\u00eds.<\/span><\/p>\n<p class=\"p1\"><span style=\"font-size: 14pt;\">La relaci\u00f3n se hab\u00eda fraguado desde un a\u00f1o antes, durante la campa\u00f1a por la gubernatura del Estado de M\u00e9xico de 2017. El yerno de la maestra Gordillo, Fernando Gonz\u00e1lez S\u00e1nchez \u2013ex subsecretario de Educaci\u00f3n B\u00e1sica del sexenio de Felipe Calder\u00f3n- y quien fue su brazo derecho en el Sindicato Nacional de Trabajadores de la Educaci\u00f3n (SNTE), Rafael Ochoa Guzm\u00e1n, trabajaron abiertamente en favor de la candidata a gobernadora de Morena, Delfina G\u00f3mez, quien estuvo cerca de ganar esos comicios y el a\u00f1o entrante buscar\u00e1 nuevamente hacerlo.<\/span><\/p>\n<p class=\"p1\"><span style=\"font-size: 14pt;\">Durante el proceso electoral para la sucesi\u00f3n presidencial de 2018, estos mismos personajes se adhirieron p\u00fablicamente al proyecto de L\u00f3pez Obrador, junto con el nieto de Gordillo, Ren\u00e9 Fujiwara Montelongo. Y en estados como el de Veracruz, la estructura magisterial y pol\u00edtica que se manten\u00eda leal al elbismo tambi\u00e9n se incorpor\u00f3 de manera abierta y p\u00fablica a la operaci\u00f3n en favor de los candidatos de Morena, comandados por el propio Rafael Ochoa.<\/span><\/p>\n<p class=\"p1\"><span style=\"font-size: 14pt;\">El morenato siempre neg\u00f3 \u2013a pesar de que era mucho m\u00e1s que evidente- la alianza que hab\u00edan hecho con quien 12 a\u00f1os antes calificaban como la encarnaci\u00f3n de la corrupci\u00f3n del sistema pol\u00edtico en M\u00e9xico y con quien L\u00f3pez Obrador se neg\u00f3 a pactar en la elecci\u00f3n presidencial de 2006. No por prurito pol\u00edtico, sino porque en ese momento sent\u00eda que ten\u00eda ganada la elecci\u00f3n. Cara pag\u00f3 entonces su soberbia, por lo que en 2018 \u201crectific\u00f3\u201d.<\/span><\/p>\n<p class=\"p1\"><span style=\"font-size: 14pt;\">La noche de este jueves, la propia Elba Esther Gordillo confirm\u00f3 esa alianza de la que hoy se declara \u201cdecepcionada\u201d. Pero m\u00e1s all\u00e1 de eso, revel\u00f3 datos sobre c\u00f3mo intervino decididamente en la elecci\u00f3n de Veracruz en favor de Cuitl\u00e1huac Garc\u00eda Jim\u00e9nez.<\/span><\/p>\n<p class=\"p1\"><span style=\"font-size: 14pt;\">Entrevistada por el periodista Carlos Loret de Mola, Elba Esther Gordillo asegur\u00f3 que en acuerdo con Julio Scherer Ibarra \u2013entonces asesor cercano de L\u00f3pez Obrador, quien despu\u00e9s se lo llevar\u00eda a la Presidencia como consejero jur\u00eddico, cargo al que renunciar\u00eda \u201cnoqueado\u201d por las intrigas palaciegas- oper\u00f3 en la elecci\u00f3n de Veracruz para derribar el proyecto sucesorio de quien fuera su aliado, Miguel \u00c1ngel Yunes Linares, y con quien rompi\u00f3 a finales del sexenio de Felipe Calder\u00f3n, al que afirma le pidi\u00f3 que lo quitara del ISSSTE.<\/span><\/p>\n<p class=\"p1\"><span style=\"font-size: 14pt;\">\u201cHay un acuerdo con Julio Scherer para apoyar la candidatura del entonces candidato (sic) Andr\u00e9s Manuel L\u00f3pez Obrador. Y nos comprometemos a hacerlo. Veracruz, precisamente de lo que hablan, fue una de las entidades donde participamos abierta y decididamente, y ah\u00ed s\u00ed lo aclaro, tambi\u00e9n por ir sobre Yunes, la verdad. Y se gan\u00f3. Se gan\u00f3 porque participamos\u201d, narr\u00f3 Gordillo Morales.<\/span><\/p>\n<p class=\"p1\"><span style=\"font-size: 14pt;\">-O sea, Cuitl\u00e1huac se la debe a usted-, pregunt\u00f3 Loret.<\/span><\/p>\n<p class=\"p1\"><span style=\"font-size: 14pt;\">-No necesariamente Cuitl\u00e1huac. Yo dir\u00eda, el compromiso que hice con Scherer. Le honr\u00e9 la palabra.<\/span><\/p>\n<p class=\"p1\"><span style=\"font-size: 14pt;\">En pol\u00edtica, esos acuerdos no son gratuitos. Scherer ya no est\u00e1 en el gobierno. \u00bfA qui\u00e9n cree que le tocar\u00e1 pagar la factura con Elba Esther Gordillo? Y ya sabemos lo que pasa cuando no le cumplen. Que le pregunten a Yunes Linares.<\/span><\/p>\n<p>&nbsp;<\/p>\n<p class=\"p1\"><span style=\"font-size: 18pt; color: #e42d33;\"><strong>HABLANDO DE PACTOS INCONFESABLES<\/strong><\/span><\/p>\n<p class=\"p1\"><span style=\"font-size: 14pt;\">La que nunca explic\u00f3 por qu\u00e9 no asisti\u00f3 a la sesi\u00f3n del Senado en la que se discuti\u00f3 la militarizaci\u00f3n de la seguridad p\u00fablica es la senadora del PAN Indira Rosales San Rom\u00e1n. Precisamente, del grupo compacto de Miguel \u00c1ngel Yunes Linares.<\/span><\/p>\n<p class=\"p1\"><span style=\"font-size: 14pt;\">De pactos a pactos. Todos son una mugre igual.<\/span><\/p>\n<p>&nbsp;<\/p>\n<p>&nbsp;<\/p>\n<p class=\"p1\"><span style=\"font-size: 18pt;\"><strong>Correo: <a href=\"mailto:aureliocontreras@gmail.com\">aureliocontreras@gmail.com<\/a><\/strong><\/span><\/p>\n<p class=\"p1\"><span style=\"font-size: 18pt;\"><strong>Twitter: <a href=\"http:\/\/www.twitter.com\/yeyocontreras\">@yeyocontreras<\/a><\/strong><\/span><\/p>\n<p>&nbsp;<\/p>\n<p><span style=\"font-size: 18pt; color: #e42d33;\"><em><strong>**Las columnas firmadas en este medio son responsabilidad de quienes las firman**<\/strong><\/em><\/span><\/p>\n<p>&nbsp;<\/p>\n<p>&nbsp;<\/p>\n","protected":false},"excerpt":{"rendered":"<p>&nbsp; Por Aurelio Contreras Moreno En la elecci\u00f3n de 2018, fue evidente el apoyo que los operadores de Elba Esther<\/p>\n","protected":false},"author":4,"featured_media":3578,"comment_status":"closed","ping_status":"closed","sticky":false,"template":"","format":"standard","meta":{"colormag_page_container_layout":"default_layout","colormag_page_sidebar_layout":"default_layout","_jetpack_memberships_contains_paid_content":false,"footnotes":"","jetpack_publicize_message":"","jetpack_publicize_feature_enabled":true,"jetpack_social_post_already_shared":true,"jetpack_social_options":{"image_generator_settings":{"template":"highway","default_image_id":0,"font":"","enabled":false},"version":2}},"categories":[6],"tags":[],"class_list":["post-8555","post","type-post","status-publish","format-standard","has-post-thumbnail","hentry","category-columnistas"],"jetpack_publicize_connections":[],"jetpack_featured_media_url":"https:\/\/noticiasveracruz.com\/wp-content\/uploads\/2022\/04\/P-AURELIO-CONTRERAS.png","jetpack_sharing_enabled":true,"publishpress_future_action":{"enabled":false,"date":"2026-05-07 09:49:40","action":"change-status","newStatus":"draft","terms":[],"taxonomy":"category","extraData":[]},"publishpress_future_workflow_manual_trigger":{"enabledWorkflows":[]},"_links":{"self":[{"href":"https:\/\/noticiasveracruz.com\/index.php\/wp-json\/wp\/v2\/posts\/8555","targetHints":{"allow":["GET"]}}],"collection":[{"href":"https:\/\/noticiasveracruz.com\/index.php\/wp-json\/wp\/v2\/posts"}],"about":[{"href":"https:\/\/noticiasveracruz.com\/index.php\/wp-json\/wp\/v2\/types\/post"}],"author":[{"embeddable":true,"href":"https:\/\/noticiasveracruz.com\/index.php\/wp-json\/wp\/v2\/users\/4"}],"replies":[{"embeddable":true,"href":"https:\/\/noticiasveracruz.com\/index.php\/wp-json\/wp\/v2\/comments?post=8555"}],"version-history":[{"count":0,"href":"https:\/\/noticiasveracruz.com\/index.php\/wp-json\/wp\/v2\/posts\/8555\/revisions"}],"wp:featuredmedia":[{"embeddable":true,"href":"https:\/\/noticiasveracruz.com\/index.php\/wp-json\/wp\/v2\/media\/3578"}],"wp:attachment":[{"href":"https:\/\/noticiasveracruz.com\/index.php\/wp-json\/wp\/v2\/media?parent=8555"}],"wp:term":[{"taxonomy":"category","embeddable":true,"href":"https:\/\/noticiasveracruz.com\/index.php\/wp-json\/wp\/v2\/categories?post=8555"},{"taxonomy":"post_tag","embeddable":true,"href":"https:\/\/noticiasveracruz.com\/index.php\/wp-json\/wp\/v2\/tags?post=8555"}],"curies":[{"name":"wp","href":"https:\/\/api.w.org\/{rel}","templated":true}]}}