{"id":8541,"date":"2022-09-29T08:59:48","date_gmt":"2022-09-29T13:59:48","guid":{"rendered":"https:\/\/noticiasveracruz.com\/?p=8541"},"modified":"2022-09-29T08:59:48","modified_gmt":"2022-09-29T13:59:48","slug":"firman-la-primera-escritura-del-programa-escuela-garantizada-escritura-garante","status":"publish","type":"post","link":"https:\/\/noticiasveracruz.com\/index.php\/2022\/09\/29\/firman-la-primera-escritura-del-programa-escuela-garantizada-escritura-garante\/","title":{"rendered":"Firman la primera escritura del Programa \u201cEscuela Garantizada, Escritura Garante\u201d"},"content":{"rendered":"<p>&nbsp;<\/p>\n<p class=\"p1\"><span style=\"font-size: 14pt;\"><em><strong>TUXPAN, VERACRUZ.<\/strong><\/em> El <strong>Gobierno Municipal<\/strong> realiz\u00f3 la ceremonia protocolaria en la que se <span style=\"color: #139eca;\"><span style=\"color: #e42d33;\"><strong>firm\u00f3 la escritura del predio <\/strong><\/span><span style=\"color: #333333;\">donde est\u00e1 ubicada la<\/span><span style=\"color: #e42d33;\"><strong> Telesecundaria An\u00e1huac<\/strong><\/span><\/span>, en la calle Pav\u00f3n, de este municipio.<\/span><\/p>\n<p class=\"p1\"><span style=\"font-size: 18pt;\"><strong>Este t\u00edtulo de propiedad es <span style=\"color: #e42d33;\">el primero que se genera en Tuxpan como parte del programa \u201cEscuela Garantizada, Escritura Garante\u201d<\/span>, el cual, adem\u00e1s de otorgar certeza jur\u00eddica al plantel educativo, le facilita el acceso a los diferentes programas federales y estatales.<\/strong><\/span><\/p>\n<p class=\"p1\"><span style=\"font-size: 14pt;\">En presencia de estudiantes, docentes y padres de familia de la Telesecundaria, el alcalde Jos\u00e9 Manuel Pozos Castro y la s\u00edndica \u00fanica\u00a0 Beatriz Pi\u00f1a Vergara, representante legal del H. Ayuntamiento, firmaron la escritura ante el Notario n\u00famero 10, Lic. Carlos Alberto Blanco Oloarte.<\/span><\/p>\n<p>&nbsp;<\/p>\n<p><img loading=\"lazy\" decoding=\"async\" class=\"aligncenter wp-image-10755 size-large\" src=\"https:\/\/politicosaldesnudo.com.mx\/wp-content\/uploads\/2022\/09\/P-FIRMA-TUXPAN-1-1024x573.png\" alt=\"\" width=\"800\" height=\"448\" \/><\/p>\n<p>&nbsp;<\/p>\n<blockquote>\n<p class=\"p1\"><span style=\"font-size: 14pt;\">Hoy es el principio de una etapa de certeza jur\u00eddica para muchos planteles educativos de nuestro municipio. Gracias al programa \u2018Escuela Garantizada, Escritura Garante\u2019, que ha impulsado el gobernador Cuitl\u00e1huac Garc\u00eda Jim\u00e9nez, se est\u00e1 otorgando certeza jur\u00eddica a los bienes inmuebles al servicio de la educaci\u00f3n\u201d, destac\u00f3 Jos\u00e9 Manuel Pozos, alcalde de Tuxpan.<\/span><\/p>\n<\/blockquote>\n<p>&nbsp;<\/p>\n<p class=\"p1\"><span style=\"font-size: 18pt;\"><strong>Se\u00f1al\u00f3 que la falta de estos documentos jur\u00eddicos que acreditan la propiedad de escuelas es lo que ha impedido que en muchos planteles se puedan invertir recursos y apoyos para el mejoramiento de su infraestructura f\u00edsica y equipamiento.<\/strong><\/span><\/p>\n<p class=\"p1\"><span style=\"font-size: 18pt; color: #e42d33;\"><strong>Puntualiz\u00f3 que la prioridad de la actual administraci\u00f3n es abatir el rezago por a\u00f1os de abandono en el sistema educativo. <\/strong><\/span><\/p>\n<p class=\"p1\"><span style=\"font-size: 14pt;\">En ese sentido reconoci\u00f3 la labor del gobernador Cuitl\u00e1huac Garc\u00eda Jim\u00e9nez y del secretario de Educaci\u00f3n, Zenyazen Escobar Garc\u00eda, ya que la escrituraci\u00f3n de planteles educativos en el estado es una acci\u00f3n sin precedente en favor de la educaci\u00f3n y el bienestar de los veracruzanos.<\/span><\/p>\n<p class=\"p1\"><span style=\"font-size: 18pt;\"><strong>Jos\u00e9 Manuel Pozos felicit\u00f3 a la escuela An\u00e1huac, porque despu\u00e9s de muchas d\u00e9cadas por fin contar\u00e1n con su escritura, asegur\u00e1ndoles que vienen grandes apoyos para este instituto educativo. <\/strong><\/span><\/p>\n<p>&nbsp;<\/p>\n<p><img loading=\"lazy\" decoding=\"async\" class=\"aligncenter wp-image-10756 size-large\" src=\"https:\/\/politicosaldesnudo.com.mx\/wp-content\/uploads\/2022\/09\/P-FIRMA-TUXPAN-2-1024x573.png\" alt=\"\" width=\"800\" height=\"448\" \/><\/p>\n<p>&nbsp;<\/p>\n<p class=\"p1\"><span style=\"font-size: 14pt;\">El Prof. Bulmaro Norberto Salas Fuentes, director de la Telesecundaria An\u00e1huac, agradeci\u00f3 a los gobiernos municipal y estatal por este hecho significativo para la escuela, por el cual dijo sentirse muy emocionado, ya que todo el esfuerzo ha valido la pena:<\/span><\/p>\n<p>&nbsp;<\/p>\n<blockquote>\n<p class=\"p1\"><span style=\"font-size: 14pt;\">Todos los maestros que hemos tenido oportunidad de dirigir una escuela sabemos el camino que tenemos que recorrer para lograr este tipo de beneficios, pero al final siempre llega la luz\u201d<\/span><\/p>\n<\/blockquote>\n<p>&nbsp;<\/p>\n<p class=\"p1\"><span style=\"font-size: 18pt;\"><strong>Al finalizar, el Alcalde se comprometi\u00f3 a seguir trabajando coordinadamente con el gobierno estatal para lograr el mayor n\u00famero de escrituras para planteles escolares en el municipio.<\/strong><\/span><\/p>\n<p>&nbsp;<\/p>\n<p><img loading=\"lazy\" decoding=\"async\" class=\"aligncenter wp-image-10757 size-large\" src=\"https:\/\/politicosaldesnudo.com.mx\/wp-content\/uploads\/2022\/09\/P-FIRMA-TUXPAN-3-1024x573.png\" alt=\"\" width=\"800\" height=\"448\" \/><\/p>\n<p>&nbsp;<\/p>\n<p class=\"p1\"><span style=\"font-size: 14pt;\">En esta ceremonia tambi\u00e9n estuvieron presentes las regidoras y los regidores Mar\u00eda del Pilar Mart\u00ednez Matesanz, Maryanela Monroy Flores, Anah\u00ed Aguilar L\u00f3pez, Juan G\u00f3mez Garc\u00eda, Luis Demetrio L\u00f3pez Mar\u00edn, y Axel Bernal Herrera.<\/span><\/p>\n<p class=\"p1\"><span style=\"font-size: 14pt;\">Daniel Cortina Mart\u00ednez, secretario T\u00e9cnico del Ayuntamiento; Jos\u00e9 Armando Huesca Ovando, Secretario del Ayuntamiento; y el delegado regional de la SEV en Tuxpan,\u00a0 On\u00e9simo P\u00e9rez Ramos.<\/span><\/p>\n<p>&nbsp;<\/p>\n<p>&nbsp;<\/p>\n<p>&nbsp;<\/p>\n","protected":false},"excerpt":{"rendered":"<p>&nbsp; TUXPAN, VERACRUZ. El Gobierno Municipal realiz\u00f3 la ceremonia protocolaria en la que se firm\u00f3 la escritura del predio donde<\/p>\n","protected":false},"author":4,"featured_media":8545,"comment_status":"closed","ping_status":"closed","sticky":false,"template":"","format":"standard","meta":{"colormag_page_container_layout":"default_layout","colormag_page_sidebar_layout":"default_layout","_jetpack_memberships_contains_paid_content":false,"footnotes":"","jetpack_publicize_message":"","jetpack_publicize_feature_enabled":true,"jetpack_social_post_already_shared":true,"jetpack_social_options":{"image_generator_settings":{"template":"highway","default_image_id":0,"font":"","enabled":false},"version":2}},"categories":[356],"tags":[1454,1453,701,72,73],"class_list":["post-8541","post","type-post","status-publish","format-standard","has-post-thumbnail","hentry","category-veracruz","tag-escritura-garante","tag-escuela-garantizada","tag-jose-manuel-pozos","tag-tuxpan","tag-veracruz"],"jetpack_publicize_connections":[],"jetpack_featured_media_url":"https:\/\/noticiasveracruz.com\/wp-content\/uploads\/2022\/09\/P-FIRMA-TUXPAN-4.png","jetpack_sharing_enabled":true,"publishpress_future_action":{"enabled":false,"date":"2026-05-07 00:16:30","action":"change-status","newStatus":"draft","terms":[],"taxonomy":"category","extraData":[]},"publishpress_future_workflow_manual_trigger":{"enabledWorkflows":[]},"_links":{"self":[{"href":"https:\/\/noticiasveracruz.com\/index.php\/wp-json\/wp\/v2\/posts\/8541","targetHints":{"allow":["GET"]}}],"collection":[{"href":"https:\/\/noticiasveracruz.com\/index.php\/wp-json\/wp\/v2\/posts"}],"about":[{"href":"https:\/\/noticiasveracruz.com\/index.php\/wp-json\/wp\/v2\/types\/post"}],"author":[{"embeddable":true,"href":"https:\/\/noticiasveracruz.com\/index.php\/wp-json\/wp\/v2\/users\/4"}],"replies":[{"embeddable":true,"href":"https:\/\/noticiasveracruz.com\/index.php\/wp-json\/wp\/v2\/comments?post=8541"}],"version-history":[{"count":0,"href":"https:\/\/noticiasveracruz.com\/index.php\/wp-json\/wp\/v2\/posts\/8541\/revisions"}],"wp:featuredmedia":[{"embeddable":true,"href":"https:\/\/noticiasveracruz.com\/index.php\/wp-json\/wp\/v2\/media\/8545"}],"wp:attachment":[{"href":"https:\/\/noticiasveracruz.com\/index.php\/wp-json\/wp\/v2\/media?parent=8541"}],"wp:term":[{"taxonomy":"category","embeddable":true,"href":"https:\/\/noticiasveracruz.com\/index.php\/wp-json\/wp\/v2\/categories?post=8541"},{"taxonomy":"post_tag","embeddable":true,"href":"https:\/\/noticiasveracruz.com\/index.php\/wp-json\/wp\/v2\/tags?post=8541"}],"curies":[{"name":"wp","href":"https:\/\/api.w.org\/{rel}","templated":true}]}}