{"id":8535,"date":"2022-09-28T20:27:43","date_gmt":"2022-09-29T01:27:43","guid":{"rendered":"https:\/\/noticiasveracruz.com\/?p=8535"},"modified":"2022-09-29T08:41:21","modified_gmt":"2022-09-29T13:41:21","slug":"impugnacion-del-pan-sin-argumentos-triunfo-de-villarreal-confirmado-por-el-tepjf","status":"publish","type":"post","link":"https:\/\/noticiasveracruz.com\/index.php\/2022\/09\/28\/impugnacion-del-pan-sin-argumentos-triunfo-de-villarreal-confirmado-por-el-tepjf\/","title":{"rendered":"Impugnaci\u00f3n del PAN sin argumentos, Triunfo de Villarreal confirmado por el TEPJF"},"content":{"rendered":"<p>&nbsp;<\/p>\n<p class=\"p1\"><span style=\"font-size: 14pt;\"><em><strong>CIUDAD DE M\u00c9XICO.<\/strong><\/em>\u00a0Por unanimidad, los magistrados de la Sala Superior del <strong>Tribunal Electoral del Poder Judicial de la Federaci\u00f3n (TEPJF) confirmaron el triunfo de Am\u00e9rico Villarreal en la elecci\u00f3n a la gubernatura de Tamaulipas<\/strong>, y se determin\u00f3 que no hubo intervenci\u00f3n de la delincuencia organizada.<\/span><\/p>\n<p class=\"p1\"><span style=\"font-size: 18pt;\"><strong>El anterior fue uno de los argumentos del PAN para pedir la nulidad de la elecci\u00f3n, aunque en el proyecto aprobado se concluy\u00f3 que <span style=\"color: #e42d33;\">\u201cno existen los elementos necesarios para acreditar los sucesos narrados por el promovente\u201d.<\/span><\/strong><\/span><\/p>\n<p class=\"p1\"><span style=\"font-size: 18pt;\"><strong>Al contrario, con distintos matices, los magistrados resaltaron el hecho de que la mayor\u00eda de las pruebas aportadas por el\u00a0blanquiazul\u00a0fueron notas period\u00edsticas, adem\u00e1s de suposiciones o inferencias.<\/strong><\/span><\/p>\n<p>&nbsp;<\/p>\n<p><img loading=\"lazy\" decoding=\"async\" class=\"aligncenter wp-image-10750 size-large\" src=\"https:\/\/politicosaldesnudo.com.mx\/wp-content\/uploads\/2022\/09\/P-AMERICO-VILLARREAL-2-1024x573.png\" alt=\"\" width=\"800\" height=\"448\" \/><\/p>\n<p>&nbsp;<\/p>\n<p class=\"p1\"><span style=\"font-size: 18pt;\"><strong>Aunque se modificaron aspectos de la resoluci\u00f3n del Tribunal Electoral de Tamaulipas, particularmente porque no valor\u00f3 la indebida participaci\u00f3n de una alcaldesa y del canciller Marcelo Ebrard, el TEPJF confirm\u00f3 \u201cel c\u00f3mputo estatal, la elegibilidad y al declaraci\u00f3n de validez de la elecci\u00f3n, as\u00ed como la entrega de constancia de mayor\u00eda expedida a favor de Am\u00e9rico Villarreal Anaya\u201d.<\/strong><\/span><\/p>\n<p class=\"p1\"><span style=\"font-size: 18pt; color: #e42d33;\"><strong>El magistrado ponente, Jos\u00e9 Luis Vargas, destac\u00f3 que la diferencia entre el primero y segundo lugar fue de 88 mil 583 votos (6.38 por ciento).<\/strong><\/span><\/p>\n<p class=\"p1\"><span style=\"font-size: 14pt;\">Tambi\u00e9n dej\u00f3 en claro que la nulidad de una elecci\u00f3n no es una sanci\u00f3n sino una excepci\u00f3n o \u00faltimo recurso cuando se comprueban afectaciones graves y generalizadas, as\u00ed que tampoco es una v\u00eda para tratar de ganar en tribunales lo que no se gan\u00f3 en las urnas.<\/span><\/p>\n<p class=\"p1\"><span style=\"font-size: 14pt;\">Luego desglos\u00f3 cada una de las impugnaciones del PAN y aval\u00f3, por ejemplo, la elegibilidad de Villarreal, pues su solicitud de reincorporaci\u00f3n al Senado se dio despu\u00e9s de la elecci\u00f3n.<\/span><\/p>\n<p class=\"p1\"><span style=\"font-size: 18pt;\"><strong>De la supuesta intervenci\u00f3n del crimen, manifest\u00f3, al igual que sus colegas, que existe un delicado problema en el pa\u00eds y en la entidad, pero que no se presentaron pruebas que acrediten la intervenci\u00f3n, financiamiento o coacci\u00f3n del voto de grupos delincuenciales.<\/strong><\/span><\/p>\n<p class=\"p1\"><span style=\"font-size: 14pt;\">Al contrario, las pruebas presentadas son suposiciones como aquella de que Villarreal est\u00e1 relacionado con criminales porque fue delegado de Morena en Sinaloa, a raz\u00f3n de que presuntos delincuentes manifestaron su simpat\u00eda por su candidatura.<\/span><\/p>\n<p>&nbsp;<\/p>\n<p>&nbsp;<\/p>\n<p>&nbsp;<\/p>\n<p>&nbsp;<\/p>\n","protected":false},"excerpt":{"rendered":"<p>&nbsp; CIUDAD DE M\u00c9XICO.\u00a0Por unanimidad, los magistrados de la Sala Superior del Tribunal Electoral del Poder Judicial de la Federaci\u00f3n<\/p>\n","protected":false},"author":4,"featured_media":8536,"comment_status":"closed","ping_status":"closed","sticky":false,"template":"","format":"standard","meta":{"colormag_page_container_layout":"default_layout","colormag_page_sidebar_layout":"default_layout","_jetpack_memberships_contains_paid_content":false,"footnotes":"","jetpack_publicize_message":"","jetpack_publicize_feature_enabled":true,"jetpack_social_post_already_shared":true,"jetpack_social_options":{"image_generator_settings":{"template":"highway","default_image_id":0,"font":"","enabled":false},"version":2}},"categories":[145],"tags":[1430,675,1452],"class_list":["post-8535","post","type-post","status-publish","format-standard","has-post-thumbnail","hentry","category-estados","tag-americo-villarreal","tag-tamaulipas","tag-tepejf"],"jetpack_publicize_connections":[],"jetpack_featured_media_url":"https:\/\/noticiasveracruz.com\/wp-content\/uploads\/2022\/09\/P-AMERICO-VILLARREAL-1.png","jetpack_sharing_enabled":true,"publishpress_future_action":{"enabled":false,"date":"2026-05-07 06:55:58","action":"change-status","newStatus":"draft","terms":[],"taxonomy":"category","extraData":[]},"publishpress_future_workflow_manual_trigger":{"enabledWorkflows":[]},"_links":{"self":[{"href":"https:\/\/noticiasveracruz.com\/index.php\/wp-json\/wp\/v2\/posts\/8535","targetHints":{"allow":["GET"]}}],"collection":[{"href":"https:\/\/noticiasveracruz.com\/index.php\/wp-json\/wp\/v2\/posts"}],"about":[{"href":"https:\/\/noticiasveracruz.com\/index.php\/wp-json\/wp\/v2\/types\/post"}],"author":[{"embeddable":true,"href":"https:\/\/noticiasveracruz.com\/index.php\/wp-json\/wp\/v2\/users\/4"}],"replies":[{"embeddable":true,"href":"https:\/\/noticiasveracruz.com\/index.php\/wp-json\/wp\/v2\/comments?post=8535"}],"version-history":[{"count":0,"href":"https:\/\/noticiasveracruz.com\/index.php\/wp-json\/wp\/v2\/posts\/8535\/revisions"}],"wp:featuredmedia":[{"embeddable":true,"href":"https:\/\/noticiasveracruz.com\/index.php\/wp-json\/wp\/v2\/media\/8536"}],"wp:attachment":[{"href":"https:\/\/noticiasveracruz.com\/index.php\/wp-json\/wp\/v2\/media?parent=8535"}],"wp:term":[{"taxonomy":"category","embeddable":true,"href":"https:\/\/noticiasveracruz.com\/index.php\/wp-json\/wp\/v2\/categories?post=8535"},{"taxonomy":"post_tag","embeddable":true,"href":"https:\/\/noticiasveracruz.com\/index.php\/wp-json\/wp\/v2\/tags?post=8535"}],"curies":[{"name":"wp","href":"https:\/\/api.w.org\/{rel}","templated":true}]}}