{"id":8529,"date":"2022-09-29T08:23:03","date_gmt":"2022-09-29T13:23:03","guid":{"rendered":"https:\/\/noticiasveracruz.com\/?p=8529"},"modified":"2022-09-29T08:43:11","modified_gmt":"2022-09-29T13:43:11","slug":"8529","status":"publish","type":"post","link":"https:\/\/noticiasveracruz.com\/index.php\/2022\/09\/29\/8529\/","title":{"rendered":"Donetsk, Lugansk, Jers\u00f3n y Zaporiyia inician acuerdo de adhesi\u00f3n a Rusia\u00a0"},"content":{"rendered":"<p>&nbsp;<\/p>\n<p class=\"p1\"><span style=\"font-size: 14pt;\"><em><strong>MOSC\u00da, RUSIA.<\/strong> <\/em>La ceremonia de la firma de los acuerdos de adhesi\u00f3n a Rusia se celebrar\u00e1 el 30 de septiembre en Mosc\u00fa, inform\u00f3 el portavoz del Kremlin, Dmitri Peskov. <\/span><\/p>\n<p class=\"p1\"><span style=\"font-size: 18pt;\"><strong>El anuncio llega despu\u00e9s de que la mayor parte de la poblaci\u00f3n de Donetsk, Lugansk, y las regiones de Jers\u00f3n y Zaporiyia vot\u00f3 &#8216;s\u00ed&#8217; a su adhesi\u00f3n a la Federaci\u00f3n de Rusia.<\/strong><\/span><\/p>\n<p>&nbsp;<\/p>\n<blockquote>\n<p class=\"p1\"><span style=\"font-size: 14pt;\">Ma\u00f1ana en el Gran Palacio del Kremlin, en el Sal\u00f3n de San Jorge, a las 15:00 horas se celebrar\u00e1 la ceremonia de la firma de adhesi\u00f3n de los nuevos territorios a la Federaci\u00f3n de Rusia\u201d<\/span><\/p>\n<\/blockquote>\n<p>&nbsp;<\/p>\n<p><img loading=\"lazy\" decoding=\"async\" class=\"aligncenter wp-image-10742 size-large\" src=\"https:\/\/politicosaldesnudo.com.mx\/wp-content\/uploads\/2022\/09\/P-RUSIA-ADHESIO\u0301N-1-1024x573.png\" alt=\"\" width=\"800\" height=\"448\" \/><\/p>\n<p>&nbsp;<\/p>\n<p class=\"p1\"><span style=\"font-size: 18pt;\"><strong>El portavoz tambi\u00e9n adelant\u00f3 que el presidente de Rusia,\u00a0Vlad\u00edmir Putin, ofrecer\u00e1 un extenso discurso durante el evento.<\/strong><\/span><\/p>\n<p class=\"p1\"><span style=\"font-size: 14pt;\">Agreg\u00f3 que los acuerdos de adhesi\u00f3n a Rusia\u00a0ser\u00e1n firmados con las cuatro regiones\u00a0en las que se llevaron a cabo los referendos.<\/span><\/p>\n<p>&nbsp;<\/p>\n<blockquote>\n<p class=\"p1\"><span style=\"font-size: 14pt;\">Los cuatro territorios que celebraron referendos y pidieron a la parte rusa que lo hicieran\u201d<\/span><\/p>\n<\/blockquote>\n<p>&nbsp;<\/p>\n<p class=\"p1\"><span style=\"font-size: 14pt;\">A su vez, el senador Andr\u00e9i Klishas asegur\u00f3 que la C\u00e1mara alta de Rusia debatir\u00e1 la incorporaci\u00f3n de Donetsk, Lugansk, Jers\u00f3n y Zaporiyia en la sesi\u00f3n\u00a0del 4 de octubre.<\/span><\/p>\n<p>&nbsp;<\/p>\n<blockquote>\n<p class=\"p1\"><span style=\"font-size: 14pt;\">El Senado puede abordar todas las cuestiones relacionadas con el ingreso de las nuevas regiones en Rusia (&#8230;) en la sesi\u00f3n del 4 de octubre\u201d<\/span><\/p>\n<\/blockquote>\n<p>&nbsp;<\/p>\n<p><img loading=\"lazy\" decoding=\"async\" class=\"aligncenter wp-image-10744 size-large\" src=\"https:\/\/politicosaldesnudo.com.mx\/wp-content\/uploads\/2022\/09\/P-RUSIA-ADHESIO\u0301N-3-1024x573.png\" alt=\"\" width=\"800\" height=\"448\" \/><\/p>\n<p>&nbsp;<\/p>\n<p class=\"p1\"><span style=\"font-size: 18pt;\"><strong>El legislador precis\u00f3 que el tr\u00e1mite solo es posible tras la suscripci\u00f3n de los acuerdos correspondientes con esas cuatro entidades.<\/strong><\/span><\/p>\n<p class=\"p1\"><span style=\"font-size: 14pt;\">Donetsk, Lugansk, y las regiones de Jers\u00f3n y Zaporiyia\u00a0celebraron referendos\u00a0del\u00a023 al 27 de septiembre\u00a0para decidir su adhesi\u00f3n a Rusia. Con una participaci\u00f3n masiva de la poblaci\u00f3n, el \u00abs\u00ed\u00bb gan\u00f3 por mayor\u00eda absoluta en los cuatro territorios.<\/span><\/p>\n<p>&nbsp;<\/p>\n<p>&nbsp;<\/p>\n<p>&nbsp;<\/p>\n<p>&nbsp;<\/p>\n<p>&nbsp;<\/p>\n","protected":false},"excerpt":{"rendered":"<p>&nbsp; MOSC\u00da, RUSIA. La ceremonia de la firma de los acuerdos de adhesi\u00f3n a Rusia se celebrar\u00e1 el 30 de<\/p>\n","protected":false},"author":4,"featured_media":8539,"comment_status":"closed","ping_status":"closed","sticky":false,"template":"","format":"standard","meta":{"colormag_page_container_layout":"default_layout","colormag_page_sidebar_layout":"default_layout","_jetpack_memberships_contains_paid_content":false,"footnotes":"","jetpack_publicize_message":"","jetpack_publicize_feature_enabled":true,"jetpack_social_post_already_shared":true,"jetpack_social_options":{"image_generator_settings":{"template":"highway","default_image_id":0,"font":"","enabled":false},"version":2}},"categories":[355],"tags":[1448,1450,1449,13,14,1451],"class_list":["post-8529","post","type-post","status-publish","format-standard","has-post-thumbnail","hentry","category-internacional","tag-doneskt","tag-jerson","tag-lugansk","tag-rusia","tag-vladimir-putin","tag-zaporiyia"],"jetpack_publicize_connections":[],"jetpack_featured_media_url":"https:\/\/noticiasveracruz.com\/wp-content\/uploads\/2022\/09\/P-RUSIA.png","jetpack_sharing_enabled":true,"publishpress_future_action":{"enabled":false,"date":"2026-05-06 23:26:47","action":"change-status","newStatus":"draft","terms":[],"taxonomy":"category","extraData":[]},"publishpress_future_workflow_manual_trigger":{"enabledWorkflows":[]},"_links":{"self":[{"href":"https:\/\/noticiasveracruz.com\/index.php\/wp-json\/wp\/v2\/posts\/8529","targetHints":{"allow":["GET"]}}],"collection":[{"href":"https:\/\/noticiasveracruz.com\/index.php\/wp-json\/wp\/v2\/posts"}],"about":[{"href":"https:\/\/noticiasveracruz.com\/index.php\/wp-json\/wp\/v2\/types\/post"}],"author":[{"embeddable":true,"href":"https:\/\/noticiasveracruz.com\/index.php\/wp-json\/wp\/v2\/users\/4"}],"replies":[{"embeddable":true,"href":"https:\/\/noticiasveracruz.com\/index.php\/wp-json\/wp\/v2\/comments?post=8529"}],"version-history":[{"count":0,"href":"https:\/\/noticiasveracruz.com\/index.php\/wp-json\/wp\/v2\/posts\/8529\/revisions"}],"wp:featuredmedia":[{"embeddable":true,"href":"https:\/\/noticiasveracruz.com\/index.php\/wp-json\/wp\/v2\/media\/8539"}],"wp:attachment":[{"href":"https:\/\/noticiasveracruz.com\/index.php\/wp-json\/wp\/v2\/media?parent=8529"}],"wp:term":[{"taxonomy":"category","embeddable":true,"href":"https:\/\/noticiasveracruz.com\/index.php\/wp-json\/wp\/v2\/categories?post=8529"},{"taxonomy":"post_tag","embeddable":true,"href":"https:\/\/noticiasveracruz.com\/index.php\/wp-json\/wp\/v2\/tags?post=8529"}],"curies":[{"name":"wp","href":"https:\/\/api.w.org\/{rel}","templated":true}]}}