{"id":8526,"date":"2022-09-29T07:22:18","date_gmt":"2022-09-29T12:22:18","guid":{"rendered":"https:\/\/noticiasveracruz.com\/?p=8526"},"modified":"2022-09-29T07:22:44","modified_gmt":"2022-09-29T12:22:44","slug":"ministro-aaa","status":"publish","type":"post","link":"https:\/\/noticiasveracruz.com\/index.php\/2022\/09\/29\/ministro-aaa\/","title":{"rendered":"Ministro AAA"},"content":{"rendered":"<p>&nbsp;<\/p>\n<p class=\"p1\"><span style=\"font-size: 18pt;\"><strong>Por Herlindo Robles<\/strong><\/span><\/p>\n<p class=\"p1\"><span style=\"font-size: 14pt;\">La comparecencia del secretario de Gobernaci\u00f3n Ad\u00e1n Augusto L\u00f3pez, conocido como \u201cAA\u201d, en el mundo de la pol\u00edtica, y como \u201cAAA\u201d, ya como alfil de Andr\u00e9s Manuel L\u00f3pez Obrador. Se present\u00f3 ante el Senado de la Rep\u00fablica arrebatando aplausos de integrantes de la C\u00e1mara alta, como parte de la glosa del Cuarto Informe de gobierno del presidente L\u00f3pez Obrador. <\/span><\/p>\n<p class=\"p1\"><span style=\"font-size: 18pt;\"><strong>A pesar de las pretendidas denostaciones de senadoras de oposici\u00f3n que a lo lejos levantaban panfletos ilegibles a la distancia. Sin embargo, \u201cAAA\u201d, se refiri\u00f3 a la necesidad de construir la gobernabilidad en el pa\u00eds, para lo cual manifest\u00f3 la apertura de la Secretar\u00eda de Gobernaci\u00f3n.<\/strong><\/span><\/p>\n<p>&nbsp;<\/p>\n<p><img loading=\"lazy\" decoding=\"async\" class=\"aligncenter wp-image-10737 size-large\" src=\"https:\/\/politicosaldesnudo.com.mx\/wp-content\/uploads\/2022\/09\/P-ADAN-AUGUSTO-SENADO-1-1024x573.png\" alt=\"\" width=\"800\" height=\"448\" \/><\/p>\n<p>&nbsp;<\/p>\n<p>&nbsp;<\/p>\n<blockquote>\n<p class=\"p1\"><span style=\"font-size: 14pt;\">Soy gente proclive al di\u00e1logo, las puertas de la Secretar\u00eda de Gobernaci\u00f3n estar\u00e1n abiertas no tan solo a asuntos de mi competencia, sino para que todos contribuyamos a construir la gobernabilidad de este pa\u00eds que tanto la necesita\u201d<\/span><\/p>\n<\/blockquote>\n<p>&nbsp;<\/p>\n<p class=\"p1\"><span style=\"font-size: 18pt;\"><strong> As\u00ed podemos advertir, una segunda etapa en la implementaci\u00f3n de la Cuarta Transformaci\u00f3n, con una operaci\u00f3n \u201ccicatriz\u201d, tan ansiada por los sectores nacionales. <\/strong><\/span><\/p>\n<p class=\"p1\"><span style=\"font-size: 14pt;\">Pues la inamovilidad que mantuvo esa dependencia durante el periodo de la titular S\u00e1nchez Cordero ha venido siendo superada por la interacci\u00f3n del nuevo titular que en la medida del devenir de los acontecimientos nacionales, se ocupa en dar soluciones en los asuntos que se le encomiendan. <\/span><\/p>\n<p>&nbsp;<\/p>\n<p><img loading=\"lazy\" decoding=\"async\" class=\"aligncenter wp-image-10738 size-large\" src=\"https:\/\/politicosaldesnudo.com.mx\/wp-content\/uploads\/2022\/09\/P-ADAN-AUGUSTO-SENADO-2-1024x573.png\" alt=\"\" width=\"800\" height=\"448\" \/><\/p>\n<p>&nbsp;<\/p>\n<p class=\"p1\"><span style=\"font-size: 18pt;\"><strong><span style=\"color: #e42d33;\">Teniendo amplia aceptaci\u00f3n en las C\u00e1maras legislativas, va construyendo una aceptaci\u00f3n curiosamente de arriba hacia abajo<\/span>, es cierto que los porcentajes de preferencia de Ad\u00e1n Augusto est\u00e1n a\u00fan, por debajo de quienes a\u00fan son considerados \u201csuspirantes\u201d, el potencial de su posible candidatura, puede dar una sorpresa \u201cAAA\u201d. <span style=\"color: #e42d33;\">En contraste con la disminuci\u00f3n de Ricardo Monreal, que se le hizo \u201cbolas el barniz\u201d, al mostrar desinter\u00e9s en la aprobaci\u00f3n de mantener al Ej\u00e9rcito en acciones de seguridad interior<\/span>, sea por haber querido mostrar su val\u00eda o por incapacidad, Monreal descendi\u00f3 un pelda\u00f1o m\u00e1s en las preferencias del electorado, y en duda cuantos en la simpat\u00eda del Presidente de la Rep\u00fablica. <\/strong><\/span><\/p>\n<p class=\"p1\"><span style=\"font-size: 14pt;\">No obstante, el espacio de los liderazgos nunca quedan vac\u00edos y al parecer el perdido por Ricardo Monreal es capitalizado por Ad\u00e1n Augusto L\u00f3pez, qui\u00e9n se mueve como \u201cpez en el agua\u201d en el \u00e1mbito legislativo. <\/span><\/p>\n<p class=\"p1\"><span style=\"font-size: 18pt;\"><strong>Veremos como ser\u00e1 la relaci\u00f3n de \u201cAAA\u201d con las centrales obreras, pues al parecer a\u00fan les mantiene distantes, empero la necesidad de gesti\u00f3n de los sindicatos, alcanzar\u00e1 en su momento la agenda del titular de Gobernaci\u00f3n que tendr\u00e1 que ser inclusivo con las causas del pueblo. <\/strong><\/span><\/p>\n<p class=\"p1\"><span style=\"font-size: 14pt;\">Lo que se puede advertir en el manejo de la pol\u00edtica interior del pa\u00eds es que va de menos a m\u00e1s, algo no visto en la historia reciente del pa\u00eds, pues en los \u00faltimos dos a\u00f1os de gobierno, eran tradicionalmente, tiempos de \u201cchapulineo\u201d, \u201cacomodos\u201d, e incluso traiciones al titular del ejecutivo. <\/span><\/p>\n<p class=\"p3\"><span style=\"font-size: 14pt;\">Sin mayor alcance de titulares de la Secretar\u00eda de Gobernaci\u00f3n que preparar los \u00faltimos d\u00edas para dar el \u201cgolpe demoledor\u201d como el caso de Santiago Creel, que el \u00faltimo d\u00eda como titular de esa Secretar\u00eda otorg\u00f3 los permisos que quiso a Casinos, por lo que le conocen como \u201cEl se\u00f1or de los Casinos\u201d. Luego entonces, un personaje tan corrupto como Creel de donde puede sostener una postura de dignidad, si se ha enriquecido gracias a sus funciones de servidor p\u00fablico. <\/span><\/p>\n<p>&nbsp;<\/p>\n<p>&nbsp;<\/p>\n<p><span style=\"font-size: 18pt;\"><strong>Twitter: <a href=\"https:\/\/twitter.com\/zorvha\">@zorvha<\/a><\/strong><\/span><\/p>\n<p>&nbsp;<\/p>\n<p><span style=\"font-size: 18pt; color: #e42d33;\"><em><strong>**Las columnas firmadas en este medio son responsabilidad de quienes las firman**<\/strong><\/em><\/span><\/p>\n<p>&nbsp;<\/p>\n<p>&nbsp;<\/p>\n<p>&nbsp;<\/p>\n<p>&nbsp;<\/p>\n","protected":false},"excerpt":{"rendered":"<p>&nbsp; Por Herlindo Robles La comparecencia del secretario de Gobernaci\u00f3n Ad\u00e1n Augusto L\u00f3pez, conocido como \u201cAA\u201d, en el mundo de<\/p>\n","protected":false},"author":4,"featured_media":6142,"comment_status":"closed","ping_status":"closed","sticky":false,"template":"","format":"standard","meta":{"colormag_page_container_layout":"default_layout","colormag_page_sidebar_layout":"default_layout","_jetpack_memberships_contains_paid_content":false,"footnotes":"","jetpack_publicize_message":"","jetpack_publicize_feature_enabled":true,"jetpack_social_post_already_shared":true,"jetpack_social_options":{"image_generator_settings":{"template":"highway","default_image_id":0,"font":"","enabled":false},"version":2}},"categories":[6],"tags":[968,65,114,323],"class_list":["post-8526","post","type-post","status-publish","format-standard","has-post-thumbnail","hentry","category-columnistas","tag-adan-augusto-lopez","tag-andres-manuel-lopez-obrador","tag-cuarta-transformacion","tag-senado"],"jetpack_publicize_connections":[],"jetpack_featured_media_url":"https:\/\/noticiasveracruz.com\/wp-content\/uploads\/2022\/07\/P-HERLINDO-ROBLES-NV.png","jetpack_sharing_enabled":true,"publishpress_future_action":{"enabled":false,"date":"2026-05-06 22:40:05","action":"change-status","newStatus":"draft","terms":[],"taxonomy":"category","extraData":[]},"publishpress_future_workflow_manual_trigger":{"enabledWorkflows":[]},"_links":{"self":[{"href":"https:\/\/noticiasveracruz.com\/index.php\/wp-json\/wp\/v2\/posts\/8526","targetHints":{"allow":["GET"]}}],"collection":[{"href":"https:\/\/noticiasveracruz.com\/index.php\/wp-json\/wp\/v2\/posts"}],"about":[{"href":"https:\/\/noticiasveracruz.com\/index.php\/wp-json\/wp\/v2\/types\/post"}],"author":[{"embeddable":true,"href":"https:\/\/noticiasveracruz.com\/index.php\/wp-json\/wp\/v2\/users\/4"}],"replies":[{"embeddable":true,"href":"https:\/\/noticiasveracruz.com\/index.php\/wp-json\/wp\/v2\/comments?post=8526"}],"version-history":[{"count":0,"href":"https:\/\/noticiasveracruz.com\/index.php\/wp-json\/wp\/v2\/posts\/8526\/revisions"}],"wp:featuredmedia":[{"embeddable":true,"href":"https:\/\/noticiasveracruz.com\/index.php\/wp-json\/wp\/v2\/media\/6142"}],"wp:attachment":[{"href":"https:\/\/noticiasveracruz.com\/index.php\/wp-json\/wp\/v2\/media?parent=8526"}],"wp:term":[{"taxonomy":"category","embeddable":true,"href":"https:\/\/noticiasveracruz.com\/index.php\/wp-json\/wp\/v2\/categories?post=8526"},{"taxonomy":"post_tag","embeddable":true,"href":"https:\/\/noticiasveracruz.com\/index.php\/wp-json\/wp\/v2\/tags?post=8526"}],"curies":[{"name":"wp","href":"https:\/\/api.w.org\/{rel}","templated":true}]}}