{"id":8470,"date":"2022-09-27T18:13:26","date_gmt":"2022-09-27T23:13:26","guid":{"rendered":"https:\/\/noticiasveracruz.com\/?p=8470"},"modified":"2022-09-27T18:13:26","modified_gmt":"2022-09-27T23:13:26","slug":"cataluna-insiste-en-su-independencia-pere-aragones-busca-celebrar-referendo","status":"publish","type":"post","link":"https:\/\/noticiasveracruz.com\/index.php\/2022\/09\/27\/cataluna-insiste-en-su-independencia-pere-aragones-busca-celebrar-referendo\/","title":{"rendered":"Catalu\u00f1a insiste en su independencia, Pere Aragon\u00e9s busca celebrar referendo\u00a0"},"content":{"rendered":"<p>&nbsp;<\/p>\n<p class=\"p1\"><span style=\"font-size: 14pt;\"><em><strong>BARCELONA, ESPA\u00d1A.<\/strong> <\/em><strong>Catalu\u00f1a insiste en que el Gobierno espa\u00f1ol llegue a un nuevo acuerdo para celebrar un referendo<\/strong> vinculante sobre la posible independencia de la comunidad aut\u00f3noma que sea reconocido tanto por Madrid como por la comunidad internacional, declar\u00f3 el<strong> jefe del Gobierno catal\u00e1n, Pere Aragon\u00e9s.<\/strong><\/span><\/p>\n<p>&nbsp;<\/p>\n<blockquote>\n<p class=\"p1\"><span style=\"font-size: 14pt;\">Hago una propuesta inclusiva porque se dirige a todos los dem\u00f3cratas, est\u00e9n o no a favor de la independencia [de Catalu\u00f1a]. Y una propuesta que cumple con los requisitos internacionales\u201d<\/span><\/p>\n<\/blockquote>\n<p>&nbsp;<\/p>\n<p><img loading=\"lazy\" decoding=\"async\" class=\"aligncenter wp-image-10665 size-large\" src=\"https:\/\/politicosaldesnudo.com.mx\/wp-content\/uploads\/2022\/09\/P-CATALUN\u0303A-PERE3-1024x573.png\" alt=\"\" width=\"800\" height=\"448\" \/><\/p>\n<p>&nbsp;<\/p>\n<p class=\"p1\"><span style=\"font-size: 18pt;\"><strong>Pere Aragon\u00e9s explic\u00f3 que Catalu\u00f1a necesita aplicar una \u201cLey de la Claridad del Referendo\u201d, remiti\u00e9ndose as\u00ed a la experiencia pol\u00edtica de Canad\u00e1 y Quebec.<\/strong><\/span><\/p>\n<p class=\"p1\"><span style=\"font-size: 14pt;\">Al mismo tiempo, a\u00f1adi\u00f3 que dada la experiencia de 2017, esta vez Catalu\u00f1a no puede tomar una decisi\u00f3n sin la aprobaci\u00f3n de Madrid.<\/span><\/p>\n<p>&nbsp;<\/p>\n<blockquote>\n<p class=\"p1\"><span style=\"font-size: 14pt;\">Aunque a algunos no les guste, la realidad es esta y hoy la inmensa mayor\u00eda de los catalanes quiere decidir el futuro del pa\u00eds votando en un referendo\u201d<\/span><\/p>\n<\/blockquote>\n<p>&nbsp;<\/p>\n<p class=\"p1\"><span style=\"font-size: 18pt;\"><strong>El 18 de septiembre miles de personas\u00a0<span class=\"s1\">salieron<\/span>\u00a0a las calles de Barcelona para protestar contra la exclusi\u00f3n del castellano. Los manifestantes llevaron banderas espa\u00f1olas y carteles a favor del biling\u00fcismo reivindicando la presencia de la lengua espa\u00f1ola en las escuelas de la comunidad aut\u00f3noma de Catalu\u00f1a.<\/strong><\/span><\/p>\n<p>&nbsp;<\/p>\n<p><img loading=\"lazy\" decoding=\"async\" class=\"aligncenter wp-image-10664 size-large\" src=\"https:\/\/politicosaldesnudo.com.mx\/wp-content\/uploads\/2022\/09\/P-CATALUN\u0303A-PERE2-1024x573.png\" alt=\"\" width=\"800\" height=\"448\" \/><\/p>\n<p>&nbsp;<\/p>\n<p class=\"p1\"><span style=\"font-size: 18pt;\"><strong>Catalu\u00f1a, que hist\u00f3ricamente tuvo un fuerte movimiento independentista, celebr\u00f3 el 1 de octubre de 2017 un referendo de independencia a iniciativa de la Generalitat liderada por Carles Pujdemont y en contra de la posici\u00f3n de las autoridades espa\u00f1olas y de la decisi\u00f3n del Tribunal Constitucional.<\/strong><\/span><\/p>\n<p class=\"p1\"><span style=\"font-size: 14pt;\">Bas\u00e1ndose en los resultados de la votaci\u00f3n (la participaci\u00f3n fue del 43%, con un 90% de votos a favor), el Parlamento catal\u00e1n proclam\u00f3 la independencia. El Gobierno espa\u00f1ol impuso entonces el gobierno directo en la comunidad aut\u00f3noma y disolvi\u00f3 el Parlamento, y varios miembros de la jerarqu\u00eda, incluido Pujdemont, abandonaron el pa\u00eds.<\/span><\/p>\n<p>&nbsp;<\/p>\n<p>&nbsp;<\/p>\n<p>&nbsp;<\/p>\n<p>&nbsp;<\/p>\n<p>&nbsp;<\/p>\n","protected":false},"excerpt":{"rendered":"<p>&nbsp; BARCELONA, ESPA\u00d1A. Catalu\u00f1a insiste en que el Gobierno espa\u00f1ol llegue a un nuevo acuerdo para celebrar un referendo vinculante<\/p>\n","protected":false},"author":4,"featured_media":8471,"comment_status":"closed","ping_status":"closed","sticky":false,"template":"","format":"standard","meta":{"colormag_page_container_layout":"default_layout","colormag_page_sidebar_layout":"default_layout","_jetpack_memberships_contains_paid_content":false,"footnotes":"","jetpack_publicize_message":"","jetpack_publicize_feature_enabled":true,"jetpack_social_post_already_shared":true,"jetpack_social_options":{"image_generator_settings":{"template":"highway","default_image_id":0,"font":"","enabled":false},"version":2}},"categories":[355],"tags":[1440,545,1441,24,1439,1434],"class_list":["post-8470","post","type-post","status-publish","format-standard","has-post-thumbnail","hentry","category-internacional","tag-cataluna","tag-espana","tag-independencia","tag-madrid","tag-pere-aragones","tag-referendo"],"jetpack_publicize_connections":[],"jetpack_featured_media_url":"https:\/\/noticiasveracruz.com\/wp-content\/uploads\/2022\/09\/P-CATALUN\u0303A-PERE1.png","jetpack_sharing_enabled":true,"publishpress_future_action":{"enabled":false,"date":"2026-05-06 04:07:08","action":"change-status","newStatus":"draft","terms":[],"taxonomy":"category","extraData":[]},"publishpress_future_workflow_manual_trigger":{"enabledWorkflows":[]},"_links":{"self":[{"href":"https:\/\/noticiasveracruz.com\/index.php\/wp-json\/wp\/v2\/posts\/8470","targetHints":{"allow":["GET"]}}],"collection":[{"href":"https:\/\/noticiasveracruz.com\/index.php\/wp-json\/wp\/v2\/posts"}],"about":[{"href":"https:\/\/noticiasveracruz.com\/index.php\/wp-json\/wp\/v2\/types\/post"}],"author":[{"embeddable":true,"href":"https:\/\/noticiasveracruz.com\/index.php\/wp-json\/wp\/v2\/users\/4"}],"replies":[{"embeddable":true,"href":"https:\/\/noticiasveracruz.com\/index.php\/wp-json\/wp\/v2\/comments?post=8470"}],"version-history":[{"count":0,"href":"https:\/\/noticiasveracruz.com\/index.php\/wp-json\/wp\/v2\/posts\/8470\/revisions"}],"wp:featuredmedia":[{"embeddable":true,"href":"https:\/\/noticiasveracruz.com\/index.php\/wp-json\/wp\/v2\/media\/8471"}],"wp:attachment":[{"href":"https:\/\/noticiasveracruz.com\/index.php\/wp-json\/wp\/v2\/media?parent=8470"}],"wp:term":[{"taxonomy":"category","embeddable":true,"href":"https:\/\/noticiasveracruz.com\/index.php\/wp-json\/wp\/v2\/categories?post=8470"},{"taxonomy":"post_tag","embeddable":true,"href":"https:\/\/noticiasveracruz.com\/index.php\/wp-json\/wp\/v2\/tags?post=8470"}],"curies":[{"name":"wp","href":"https:\/\/api.w.org\/{rel}","templated":true}]}}