{"id":8465,"date":"2022-09-27T07:50:07","date_gmt":"2022-09-27T12:50:07","guid":{"rendered":"https:\/\/noticiasveracruz.com\/?p=8465"},"modified":"2022-09-27T18:15:30","modified_gmt":"2022-09-27T23:15:30","slug":"la-nueva-ley-organica-de-la-uv","status":"publish","type":"post","link":"https:\/\/noticiasveracruz.com\/index.php\/2022\/09\/27\/la-nueva-ley-organica-de-la-uv\/","title":{"rendered":"La nueva Ley Org\u00e1nica de la UV"},"content":{"rendered":"<p>&nbsp;<\/p>\n<p>&nbsp;<\/p>\n<p class=\"p1\"><span style=\"font-size: 18pt;\"><strong>&lt;&lt; Para ser Rector \u201cse requiere el grado acad\u00e9mico de doctor\u201d &gt;&gt;<\/strong><\/span><\/p>\n<p class=\"p1\"><span style=\"font-size: 18pt;\"><strong>&lt;&lt; Ya tuvimos un secretario de Educaci\u00f3n sin t\u00edtulo profesional &gt;&gt;<\/strong><\/span><\/p>\n<p class=\"p1\"><span style=\"font-size: 18pt;\"><strong>&lt;&lt; Transparentar los documentos que acrediten grados acad\u00e9micos &gt;&gt;<\/strong><\/span><\/p>\n<p>&nbsp;<\/p>\n<p>&nbsp;<\/p>\n<p class=\"p1\"><span style=\"font-size: 18pt;\"><strong>Por Miguel \u00c1ngel Cristiani Gonz\u00e1lez<\/strong><\/span><\/p>\n<p class=\"p1\"><span style=\"font-size: 14pt;\">Que bueno es que en el Anteproyecto de Ley Org\u00e1nica de la Universidad Veracruzana que est\u00e1 siendo elaborado para su posterior aprobaci\u00f3n, en el tema de los requisitos que se deben de cumplir para poder ser titular de la Rector\u00eda de la M\u00e1xima Casa de Estudios \u201cse requiere el grado acad\u00e9mico de doctor y distinguirse en el \u00e1rea de su especialidad\u201d.<\/span><\/p>\n<p class=\"p1\"><span style=\"font-size: 14pt;\">Porque desafortunadamente ya se han dado escandalosos casos de que llegan a ocupar puestos directivos en el sector educativo y no cuentan ni con el nivel m\u00ednimo de licenciatura.<\/span><\/p>\n<p class=\"p1\"><span style=\"font-size: 14pt;\">Hay que recordar que a nivel federal, ya tuvimos el famoso secretario de Educaci\u00f3n P\u00fablica, Fausto Alzati que result\u00f3 que no ten\u00eda el t\u00edtulo de ninguna instituci\u00f3n de ense\u00f1anza superior, sino que era falso, dando origen al t\u00e9rmino Falzati, de los que se compran por unos cuantos miles de pesos en la plaza de Santo Domingo en la ciudad de M\u00e9xico.<\/span><\/p>\n<p class=\"p1\"><span style=\"font-size: 14pt;\">Pero ese no ha sido el \u00fanico caso, hay muchos otros m\u00e1s, pero que no han sido detectados o que no alcanzan la relevancia de un secretario de estado, en este caso del ex secretario de Educaci\u00f3n P\u00fablica.<\/span><\/p>\n<p class=\"p1\"><span style=\"font-size: 14pt;\">Ac\u00e1 en el terru\u00f1o veracruzano, recordamos el caso de un \u201cdistinguido abogado\u201d que incluso se fue becado a Alemania varios a\u00f1os, cuando regres\u00f3 con su papelito que lo acreditaba como estaba escrito en alem\u00e1n, pues nadie sab\u00eda traducirlo y mucho menos certificar que efectivamente acreditaba el grado de maestr\u00eda o doctorado en Derecho y as\u00ed transit\u00f3 por varios cargos en la administraci\u00f3n p\u00fablica estatal e incluso en la propia Universidad Veracruzana.<\/span><\/p>\n<p class=\"p1\"><span style=\"font-size: 14pt;\">Por eso es muy importante el p\u00e1rrafo que se va a incluir en el Anteproyecto de Ley Org\u00e1nica de la Universidad Veracruzana, respecto a los requisitos para ser titular de la Rector\u00eda, se modifican al pasar de cinco a diez a\u00f1os de antig\u00fcedad en la Universidad; \u201crequerirse el grado acad\u00e9mico de doctor y distinguirse en el \u00e1rea de su especialidad\u201d; no desempe\u00f1ar cargos de direcci\u00f3n gubernamental ni de elecci\u00f3n popular, a menos que se separe de los mismos cuatro a\u00f1os antes del d\u00eda de su postulaci\u00f3n; no haber sido miembro de la Junta de Gobierno en los cuatro a\u00f1os previos a su postulaci\u00f3n; asimismo, se elimina el requisito de la edad, toda vez que tal exigencia, seg\u00fan criterios de la Suprema Corte de Justicia de la Naci\u00f3n, supone un actuar arbitrario que va en contra de la prohibici\u00f3n constitucional y legal de discriminar.<\/span><\/p>\n<p class=\"p1\"><span style=\"font-size: 14pt;\">El actual rector de la Universidad Veracruzana (UV), Mart\u00edn Gerardo Aguilar S\u00e1nchez, rindi\u00f3 protesta ante el Consejo Universitario General (CUG) el 1 de septiembre del 2021, pero hasta el momento, la Junta de Gobierno que lo eligi\u00f3 por unanimidad, no ha transparentado -publicado- el documento que lo acredita como doctor de alguna universidad en Francia.<\/span><\/p>\n<p class=\"p1\"><span style=\"font-size: 14pt;\">Tambi\u00e9n hay que aclarar que un \u201ccertificado de estudios\u201d que acredite que se han aprobado algunas materias, no es lo mismo que un t\u00edtulo acad\u00e9mico que acredita la totalidad de las materias.<\/span><\/p>\n<p class=\"p1\"><span style=\"font-size: 14pt;\">Ya que se est\u00e1 revisando la legislaci\u00f3n que rige la vida de la Universidad Veracruzana, ser\u00eda tambi\u00e9n saludable que si no en la misma Ley Org\u00e1nica, en alg\u00fan estatuto o reglamento, se establezca tambi\u00e9n el requisito de contar al menos con un t\u00edtulo a nivel de licenciatura del \u00e1rea de que se trate, para poder ocupar un cargo de primer nivel, como lo es por ejemplo, la Direcci\u00f3n General de Comunicaci\u00f3n Social, en donde por elemental l\u00f3gica, debe de estar un egresado con t\u00edtulo de la facultad de Comunicaci\u00f3n de la misma Casa de Estudios, porque no puede ser un ingeniero o arquitecto -por mencionar alguna profesi\u00f3n- el que est\u00e9 al frente de la dependencia responsable de la difusi\u00f3n de la actividades de la instituci\u00f3n.<\/span><\/p>\n<p class=\"p1\"><span style=\"font-size: 14pt;\">Porque el haber sido manifestante en la Plaza Lerdo, no le otorga a nadie la capacidad y experiencia para cumplir con el cargo.<\/span><\/p>\n<p class=\"p1\"><span style=\"font-size: 14pt;\">Pero como en la pol\u00edtica de la Cuatro T, pareciera que el tener la preparaci\u00f3n profesional para desempe\u00f1ar un cargo no es requisito indispensable, sino todo lo contrario.\u00a0<\/span><\/p>\n<p class=\"p1\"><span style=\"font-size: 14pt;\">Ahora entre menos es m\u00e1s y el que lo entendi\u00f3 lo entendi\u00f3.<\/span><\/p>\n<p>&nbsp;<\/p>\n<p>&nbsp;<\/p>\n<p class=\"p2\"><span style=\"font-size: 18pt;\"><strong>Cont\u00e1ctanos en nuestras redes sociales:<\/strong><\/span><\/p>\n<p class=\"p2\"><span style=\"font-size: 18pt;\"><strong><a href=\"https:\/\/www.canva.com\/design\/DAEN5B9DWgs\/ZCHd2Z8KueYjlg_d59Op3A\/view\">https:\/\/www.canva.com\/design\/DAEN5B9DWgs\/ZCHd2Z8KueYjlg_d59Op3A\/view<\/a><\/strong><\/span><\/p>\n<p>&nbsp;<\/p>\n<p><span style=\"font-size: 18pt; color: #e42d33;\"><em><strong>**Las columnas firmadas en este medio son responsabilidad de quienes las firman**<\/strong><\/em><\/span><\/p>\n<p>&nbsp;<\/p>\n","protected":false},"excerpt":{"rendered":"<p>&nbsp; &nbsp; &lt;&lt; Para ser Rector \u201cse requiere el grado acad\u00e9mico de doctor\u201d &gt;&gt; &lt;&lt; Ya tuvimos un secretario de<\/p>\n","protected":false},"author":4,"featured_media":3280,"comment_status":"closed","ping_status":"closed","sticky":false,"template":"","format":"standard","meta":{"colormag_page_container_layout":"default_layout","colormag_page_sidebar_layout":"default_layout","_jetpack_memberships_contains_paid_content":false,"footnotes":"","jetpack_publicize_message":"","jetpack_publicize_feature_enabled":true,"jetpack_social_post_already_shared":true,"jetpack_social_options":{"image_generator_settings":{"template":"highway","default_image_id":0,"font":"","enabled":false},"version":2}},"categories":[6],"tags":[],"class_list":["post-8465","post","type-post","status-publish","format-standard","has-post-thumbnail","hentry","category-columnistas"],"jetpack_publicize_connections":[],"jetpack_featured_media_url":"https:\/\/noticiasveracruz.com\/wp-content\/uploads\/2022\/04\/NV-MIGUEL-A\u0301NGEL-CRISTIANI.png","jetpack_sharing_enabled":true,"publishpress_future_action":{"enabled":false,"date":"2026-05-07 10:34:17","action":"change-status","newStatus":"draft","terms":[],"taxonomy":"category","extraData":[]},"publishpress_future_workflow_manual_trigger":{"enabledWorkflows":[]},"_links":{"self":[{"href":"https:\/\/noticiasveracruz.com\/index.php\/wp-json\/wp\/v2\/posts\/8465","targetHints":{"allow":["GET"]}}],"collection":[{"href":"https:\/\/noticiasveracruz.com\/index.php\/wp-json\/wp\/v2\/posts"}],"about":[{"href":"https:\/\/noticiasveracruz.com\/index.php\/wp-json\/wp\/v2\/types\/post"}],"author":[{"embeddable":true,"href":"https:\/\/noticiasveracruz.com\/index.php\/wp-json\/wp\/v2\/users\/4"}],"replies":[{"embeddable":true,"href":"https:\/\/noticiasveracruz.com\/index.php\/wp-json\/wp\/v2\/comments?post=8465"}],"version-history":[{"count":0,"href":"https:\/\/noticiasveracruz.com\/index.php\/wp-json\/wp\/v2\/posts\/8465\/revisions"}],"wp:featuredmedia":[{"embeddable":true,"href":"https:\/\/noticiasveracruz.com\/index.php\/wp-json\/wp\/v2\/media\/3280"}],"wp:attachment":[{"href":"https:\/\/noticiasveracruz.com\/index.php\/wp-json\/wp\/v2\/media?parent=8465"}],"wp:term":[{"taxonomy":"category","embeddable":true,"href":"https:\/\/noticiasveracruz.com\/index.php\/wp-json\/wp\/v2\/categories?post=8465"},{"taxonomy":"post_tag","embeddable":true,"href":"https:\/\/noticiasveracruz.com\/index.php\/wp-json\/wp\/v2\/tags?post=8465"}],"curies":[{"name":"wp","href":"https:\/\/api.w.org\/{rel}","templated":true}]}}