{"id":8449,"date":"2022-09-27T07:39:12","date_gmt":"2022-09-27T12:39:12","guid":{"rendered":"https:\/\/noticiasveracruz.com\/?p=8449"},"modified":"2022-09-27T07:39:12","modified_gmt":"2022-09-27T12:39:12","slug":"avalan-cubanos-referendo-bodas-igualitarias-y-gestacion-subrogada","status":"publish","type":"post","link":"https:\/\/noticiasveracruz.com\/index.php\/2022\/09\/27\/avalan-cubanos-referendo-bodas-igualitarias-y-gestacion-subrogada\/","title":{"rendered":"Avalan cubanos referendo bodas igualitarias y gestaci\u00f3n subrogada"},"content":{"rendered":"<p>&nbsp;<\/p>\n<p class=\"p1\"><span style=\"font-size: 14pt;\"><em><strong>LA HABANA, CUBA.<\/strong><\/em> Los <strong>cubanos aprobaron en referendo el C\u00f3digo de las Familias<\/strong>, que <strong>legaliza el matrimonio entre personas del mismo sexo, la adopci\u00f3n por parte de parejas homosexuales y la maternidad subrogada<\/strong>, ubicando a la isla en la vanguardia de Am\u00e9rica Latina en esta materia.<\/span><\/p>\n<p class=\"p1\"><span style=\"font-size: 18pt; color: #e42d33;\"><strong>La nueva legislaci\u00f3n fue objeto de una intensa campa\u00f1a medi\u00e1tica del gobierno y sustituir\u00e1 una de 1975. Seg\u00fan un recuento parcial fue aprobada con 66.87 por ciento, pero su tendencia es irreversible.<\/strong><\/span><\/p>\n<p>&nbsp;<\/p>\n<p><img loading=\"lazy\" decoding=\"async\" class=\"aligncenter wp-image-10641 size-large\" src=\"https:\/\/politicosaldesnudo.com.mx\/wp-content\/uploads\/2022\/09\/P-REFERENDO-CUBA-5-1024x573.png\" alt=\"\" width=\"800\" height=\"448\" \/><\/p>\n<p>&nbsp;<\/p>\n<p class=\"p1\"><span style=\"font-size: 18pt; color: #e42d33;\"><strong>\u201cSe ha hecho justicia\u201d, dice el presidente D\u00edaz-Canel<\/strong><\/span><\/p>\n<p>&nbsp;<\/p>\n<blockquote class=\"twitter-tweet\" data-width=\"550\" data-dnt=\"true\">\n<p lang=\"es\" dir=\"ltr\">Gan\u00f3 el S\u00ed. Se ha hecho justicia. Aprobar el <a href=\"https:\/\/twitter.com\/hashtag\/C%C3%B3digoDeLasFamilias?src=hash&amp;ref_src=twsrc%5Etfw\">#C\u00f3digoDeLasFamilias<\/a> es hacer justicia. Es saldar una deuda con varias generaciones de cubanas y cubanos, cuyos proyectos de familia llevan a\u00f1os esperando por esta Ley. A partir de hoy seremos una naci\u00f3n mejor. <a href=\"https:\/\/twitter.com\/hashtag\/ElAmorYaEsLey?src=hash&amp;ref_src=twsrc%5Etfw\">#ElAmorYaEsLey<\/a> \u2764\ufe0f\ud83c\udde8\ud83c\uddfa <a href=\"https:\/\/t.co\/O5o0Hi2cm1\">pic.twitter.com\/O5o0Hi2cm1<\/a><\/p>\n<p>&mdash; Miguel D\u00edaz-Canel Berm\u00fadez (@DiazCanelB) <a href=\"https:\/\/twitter.com\/DiazCanelB\/status\/1574399651607973898?ref_src=twsrc%5Etfw\">September 26, 2022<\/a><\/p><\/blockquote>\n<p><script async src=\"https:\/\/platform.twitter.com\/widgets.js\" charset=\"utf-8\"><\/script><\/p>\n<p>&nbsp;<\/p>\n<blockquote>\n<p class=\"p1\"><span style=\"font-size: 14pt;\">Aprobar el C\u00f3digo de la Familias es hacer justicia. Es saldar una deuda con varias generaciones de cubanas y cubanos, cuyos proyectos de familia llevan a\u00f1os esperando por esta ley. A partir de hoy seremos una naci\u00f3n mejor\u201d<\/span><\/p>\n<\/blockquote>\n<p>&nbsp;<\/p>\n<p class=\"p1\"><span style=\"font-size: 14pt;\">El secretario del legislativo cubano, Homero Acosta, indic\u00f3 que la ley entrar\u00e1 en vigor este martes a partir de su publicaci\u00f3n en la\u00a0Gaceta Oficial de la Rep\u00fablica.\u00a0D\u00edaz Canel resalt\u00f3 que la victoria del \u2018S\u00ed\u2019 es un homenaje al l\u00edder hist\u00f3rico de la revoluci\u00f3n cubana, Fidel Castro; a la presidenta de la Federaci\u00f3n de Mujeres Cubanas, Vilma Esp\u00edn, y al ex presidente Ra\u00fal Castro.<\/span><\/p>\n<p class=\"p1\"><span style=\"font-size: 18pt; color: #e42d33;\"><strong>Voto el equivalente a 74% del padr\u00f3n de electores<\/strong><\/span><\/p>\n<p>&nbsp;<\/p>\n<p><img loading=\"lazy\" decoding=\"async\" class=\"aligncenter wp-image-10639 size-large\" src=\"https:\/\/politicosaldesnudo.com.mx\/wp-content\/uploads\/2022\/09\/P-REFERENDO-CUBA-3-1024x573.png\" alt=\"\" width=\"800\" height=\"448\" \/><\/p>\n<p>&nbsp;<\/p>\n<p class=\"p1\"><span style=\"font-size: 18pt;\"><strong>El Consejo Nacional Electoral inform\u00f3 que votaron 6 millones 251 mil 786 electores, equivalente a 74 por ciento del padr\u00f3n. Del total de 5 millones 891 mil 705 sufragios v\u00e1lidos, 3 millones 936 mil 790 fueron por el \u201cS\u00ed\u201d (66.87 por ciento) y un mill\u00f3n 950 mil 90 por el \u201cNo\u201d (33.13 por ciento).<\/strong><\/span><\/p>\n<p>&nbsp;<\/p>\n<p><img loading=\"lazy\" decoding=\"async\" class=\"aligncenter wp-image-10638 size-large\" src=\"https:\/\/politicosaldesnudo.com.mx\/wp-content\/uploads\/2022\/09\/P-REFERENDO-CUBA-2-1024x573.png\" alt=\"\" width=\"800\" height=\"448\" \/><\/p>\n<p>&nbsp;<\/p>\n<p class=\"p1\"><span style=\"font-size: 14pt;\">El nuevo C\u00f3digo de las Familias define el matrimonio como la uni\u00f3n \u201centre dos personas\u201d, y no \u201centre un hombre y una mujer\u201d, abriendo la puerta al casamiento homosexual y a la adopci\u00f3n para parejas del mismo sexo. Tambi\u00e9n permitir\u00e1 reconocer legalmente a varios padres y madres, adem\u00e1s de los biol\u00f3gicos, as\u00ed como la gestaci\u00f3n subrogada, sin fines de lucro.<\/span><\/p>\n<p class=\"p1\"><span style=\"font-size: 14pt;\">Suma diversos derechos que favorecen a los ni\u00f1os introduciendo el concepto de \u201cautonom\u00eda progresiva\u201d, as\u00ed como a ancianos y personas con discapacidad.<\/span><\/p>\n<p class=\"p1\"><span style=\"font-size: 18pt;\"><strong>\u201cCon esta legislaci\u00f3n Cuba se coloca a la vanguardia\u201d en estos derechos, dijo el acad\u00e9mico cubano Arturo L\u00f3pez-Levy, dela Universidad Holy Names, en California. La participaci\u00f3n en esta consulta fue menos nutrida que la registrada en 2019 para aprobar la nueva Constituci\u00f3n, cuando alcanz\u00f3 un 90.15 por ciento.<\/strong><\/span><\/p>\n<p>&nbsp;<\/p>\n<p><img loading=\"lazy\" decoding=\"async\" class=\"aligncenter wp-image-10640 size-large\" src=\"https:\/\/politicosaldesnudo.com.mx\/wp-content\/uploads\/2022\/09\/P-REFERENDO-CUBA-4-1024x573.png\" alt=\"\" width=\"800\" height=\"448\" \/><\/p>\n<p>&nbsp;<\/p>\n<p class=\"p1\"><span style=\"font-size: 14pt;\">D\u00edaz-Canel vaticin\u00f3 este descontento: \u201ctenemos que acostumbrarnos a que, en temas tan complejos, donde existe una diversidad de criterios\u201d, en el pa\u00eds \u201ctambi\u00e9n puede haber (&#8230;) un voto de castigo\u201d, y asegur\u00f3 que esa postura \u201ctambi\u00e9n es leg\u00edtima\u201d.<\/span><\/p>\n<p>&nbsp;<\/p>\n<p>&nbsp;<\/p>\n<p>&nbsp;<\/p>\n<p>&nbsp;<\/p>\n<p>&nbsp;<\/p>\n","protected":false},"excerpt":{"rendered":"<p>&nbsp; LA HABANA, CUBA. Los cubanos aprobaron en referendo el C\u00f3digo de las Familias, que legaliza el matrimonio entre personas<\/p>\n","protected":false},"author":4,"featured_media":8450,"comment_status":"closed","ping_status":"closed","sticky":false,"template":"","format":"standard","meta":{"colormag_page_container_layout":"default_layout","colormag_page_sidebar_layout":"default_layout","_jetpack_memberships_contains_paid_content":false,"footnotes":"","jetpack_publicize_message":"","jetpack_publicize_feature_enabled":true,"jetpack_social_post_already_shared":true,"jetpack_social_options":{"image_generator_settings":{"template":"highway","default_image_id":0,"font":"","enabled":false},"version":2}},"categories":[355],"tags":[1435,372,628,1434],"class_list":["post-8449","post","type-post","status-publish","format-standard","has-post-thumbnail","hentry","category-internacional","tag-codigo-de-las-familias","tag-cuba","tag-miguel-diaz-canel-bermudez","tag-referendo"],"jetpack_publicize_connections":[],"jetpack_featured_media_url":"https:\/\/noticiasveracruz.com\/wp-content\/uploads\/2022\/09\/P-REFERENDO-CUBA-1.png","jetpack_sharing_enabled":true,"publishpress_future_action":{"enabled":false,"date":"2026-05-07 11:26:12","action":"change-status","newStatus":"draft","terms":[],"taxonomy":"category","extraData":[]},"publishpress_future_workflow_manual_trigger":{"enabledWorkflows":[]},"_links":{"self":[{"href":"https:\/\/noticiasveracruz.com\/index.php\/wp-json\/wp\/v2\/posts\/8449","targetHints":{"allow":["GET"]}}],"collection":[{"href":"https:\/\/noticiasveracruz.com\/index.php\/wp-json\/wp\/v2\/posts"}],"about":[{"href":"https:\/\/noticiasveracruz.com\/index.php\/wp-json\/wp\/v2\/types\/post"}],"author":[{"embeddable":true,"href":"https:\/\/noticiasveracruz.com\/index.php\/wp-json\/wp\/v2\/users\/4"}],"replies":[{"embeddable":true,"href":"https:\/\/noticiasveracruz.com\/index.php\/wp-json\/wp\/v2\/comments?post=8449"}],"version-history":[{"count":0,"href":"https:\/\/noticiasveracruz.com\/index.php\/wp-json\/wp\/v2\/posts\/8449\/revisions"}],"wp:featuredmedia":[{"embeddable":true,"href":"https:\/\/noticiasveracruz.com\/index.php\/wp-json\/wp\/v2\/media\/8450"}],"wp:attachment":[{"href":"https:\/\/noticiasveracruz.com\/index.php\/wp-json\/wp\/v2\/media?parent=8449"}],"wp:term":[{"taxonomy":"category","embeddable":true,"href":"https:\/\/noticiasveracruz.com\/index.php\/wp-json\/wp\/v2\/categories?post=8449"},{"taxonomy":"post_tag","embeddable":true,"href":"https:\/\/noticiasveracruz.com\/index.php\/wp-json\/wp\/v2\/tags?post=8449"}],"curies":[{"name":"wp","href":"https:\/\/api.w.org\/{rel}","templated":true}]}}