{"id":8427,"date":"2022-09-26T03:25:43","date_gmt":"2022-09-26T08:25:43","guid":{"rendered":"https:\/\/noticiasveracruz.com\/?p=8427"},"modified":"2022-09-26T03:27:12","modified_gmt":"2022-09-26T08:27:12","slug":"record-grupo-firme-reune-en-el-zocalo-a-280-mil-personas","status":"publish","type":"post","link":"https:\/\/noticiasveracruz.com\/index.php\/2022\/09\/26\/record-grupo-firme-reune-en-el-zocalo-a-280-mil-personas\/","title":{"rendered":"\u00a1R\u00e9cord! Grupo Firme re\u00fane en el Z\u00f3calo a 280 mil personas"},"content":{"rendered":"<p>&nbsp;<\/p>\n<p class=\"p1\"><span style=\"font-size: 14pt;\"><i><strong>CIUDAD DE M\u00c9XICO<\/strong>. <\/i>Con un <strong>total de 280 mil asistentes<\/strong>, Grupo Firme rompi\u00f3 r\u00e9cord de asistencia<strong> \u00aba cualquier concierto\u00bb<\/strong> realizado en el Z\u00f3calo de la Ciudad de M\u00e9xico, as\u00ed lo inform\u00f3 la jefa de Gobierno, Claudia Sheinbaum.<\/span><\/p>\n<p class=\"p1\"><span style=\"font-size: 18pt;\"><strong>El grupo de m\u00fasica regional mexicana sali\u00f3 en punto de las 20:15 horas ante una plaza repleta de personas, que llegaron desde el s\u00e1bado para presencial el concierto.<\/strong><\/span><\/p>\n<p>&nbsp;<\/p>\n<blockquote class=\"twitter-tweet\" data-width=\"550\" data-dnt=\"true\">\n<p lang=\"es\" dir=\"ltr\">.<a href=\"https:\/\/twitter.com\/GrupoFirme?ref_src=twsrc%5Etfw\">@GrupoFirme<\/a> rompe r\u00e9cord de asistencia a cualquier concierto en el Z\u00f3calo de la Ciudad de M\u00e9xico. Se estiman 280 mil personas. <a href=\"https:\/\/t.co\/tCgj5E2rW2\">pic.twitter.com\/tCgj5E2rW2<\/a><\/p>\n<p>&mdash; Dra. Claudia Sheinbaum (@Claudiashein) <a href=\"https:\/\/twitter.com\/Claudiashein\/status\/1574247326100885505?ref_src=twsrc%5Etfw\">September 26, 2022<\/a><\/p><\/blockquote>\n<p><script async src=\"https:\/\/platform.twitter.com\/widgets.js\" charset=\"utf-8\"><\/script><\/p>\n<p>&nbsp;<\/p>\n<p class=\"p1\"><span style=\"font-size: 14pt;\">Antes y durante el show se registraron diversas incidencias, desde personas que tuvieron que ser retiradas por riesgo de asfixia y desmayo, en total se otorgaron 215 atenciones en el lugar, dos traslados hospitalarios y cuatro atenciones de polic\u00edas sin traslado.<\/span><\/p>\n<p class=\"p1\"><span style=\"font-size: 14pt;\">En calles aleda\u00f1as se registr\u00f3 una peque\u00f1a gresca entre fan\u00e1ticos y elementos de la Secretar\u00eda de Seguridad Ciudadana que resguardaban el evento.<\/span><\/p>\n<p class=\"p1\"><span style=\"font-size: 14pt;\">Pese a los filtros de seguridad, se detectaron personas que ingresaron con bebidas alcoh\u00f3licas a la plaza.<\/span><\/p>\n<p class=\"p1\"><span style=\"font-size: 18pt;\"><strong>Ante la multitud de personas, los integrantes de la banda llamaron a los asistentes a no empujarse, incluso en pleno concierto el l\u00edder de la banda, Eduin Caz, pidi\u00f3 apoyo para trasladar a una personas que se hab\u00eda desmayado.<\/strong><\/span><\/p>\n<p>&nbsp;<\/p>\n<blockquote class=\"twitter-tweet\" data-width=\"550\" data-dnt=\"true\">\n<p lang=\"es\" dir=\"ltr\">Me encuentro en mi oficina supervisando el concierto de <a href=\"https:\/\/twitter.com\/GrupoFirme?ref_src=twsrc%5Etfw\">@GrupoFirme<\/a> <a href=\"https:\/\/t.co\/ghJ0DoCgrP\">pic.twitter.com\/ghJ0DoCgrP<\/a><\/p>\n<p>&mdash; Dra. Claudia Sheinbaum (@Claudiashein) <a href=\"https:\/\/twitter.com\/Claudiashein\/status\/1574203609105174529?ref_src=twsrc%5Etfw\">September 26, 2022<\/a><\/p><\/blockquote>\n<p><script async src=\"https:\/\/platform.twitter.com\/widgets.js\" charset=\"utf-8\"><\/script><\/p>\n<p>&nbsp;<\/p>\n<p class=\"p1\"><span style=\"font-size: 14pt;\">El concierto dur\u00f3 aproximadamente 2 horas con 45 minutos, tiempo en el que Grupo Firme interpret\u00f3 sus \u00e9xitos ante miles de personas que se encontraban tanto en la plaza, como en edificios aleda\u00f1os y calles cercanas, donde se instalaron pantallas.<\/span><\/p>\n<p class=\"p1\"><span style=\"font-size: 18pt;\"><strong>La SSC report\u00f3 que el concierto concluy\u00f3 con saldo blanco. Inform\u00f3 que en los puntos de vigilancia en los inmediaciones se presentaron conatos menores, debido q que algunos ciudadanos intentaron ingresar de \u00faltimo momento.<\/strong><\/span><\/p>\n<p>&nbsp;<\/p>\n<blockquote>\n<p class=\"p1\"><span style=\"font-size: 14pt;\">No se presentaron incidentes en el concierto\u201d<\/span><\/p>\n<\/blockquote>\n","protected":false},"excerpt":{"rendered":"<p>&nbsp; CIUDAD DE M\u00c9XICO. Con un total de 280 mil asistentes, Grupo Firme rompi\u00f3 r\u00e9cord de asistencia \u00aba cualquier concierto\u00bb<\/p>\n","protected":false},"author":4,"featured_media":8428,"comment_status":"closed","ping_status":"closed","sticky":false,"template":"","format":"standard","meta":{"colormag_page_container_layout":"default_layout","colormag_page_sidebar_layout":"default_layout","_jetpack_memberships_contains_paid_content":false,"footnotes":"","jetpack_publicize_message":"","jetpack_publicize_feature_enabled":true,"jetpack_social_post_already_shared":true,"jetpack_social_options":{"image_generator_settings":{"template":"highway","default_image_id":0,"font":"","enabled":false},"version":2}},"categories":[145],"tags":[596,1433,1431,1432],"class_list":["post-8427","post","type-post","status-publish","format-standard","has-post-thumbnail","hentry","category-estados","tag-claudia-sheimbaum","tag-concierto","tag-grupo-firme","tag-zocalo"],"jetpack_publicize_connections":[],"jetpack_featured_media_url":"https:\/\/noticiasveracruz.com\/wp-content\/uploads\/2022\/09\/P-GRUPOFIRME-CDMX.png","jetpack_sharing_enabled":true,"publishpress_future_action":{"enabled":false,"date":"2026-05-10 02:29:38","action":"change-status","newStatus":"draft","terms":[],"taxonomy":"category","extraData":[]},"publishpress_future_workflow_manual_trigger":{"enabledWorkflows":[]},"_links":{"self":[{"href":"https:\/\/noticiasveracruz.com\/index.php\/wp-json\/wp\/v2\/posts\/8427","targetHints":{"allow":["GET"]}}],"collection":[{"href":"https:\/\/noticiasveracruz.com\/index.php\/wp-json\/wp\/v2\/posts"}],"about":[{"href":"https:\/\/noticiasveracruz.com\/index.php\/wp-json\/wp\/v2\/types\/post"}],"author":[{"embeddable":true,"href":"https:\/\/noticiasveracruz.com\/index.php\/wp-json\/wp\/v2\/users\/4"}],"replies":[{"embeddable":true,"href":"https:\/\/noticiasveracruz.com\/index.php\/wp-json\/wp\/v2\/comments?post=8427"}],"version-history":[{"count":0,"href":"https:\/\/noticiasveracruz.com\/index.php\/wp-json\/wp\/v2\/posts\/8427\/revisions"}],"wp:featuredmedia":[{"embeddable":true,"href":"https:\/\/noticiasveracruz.com\/index.php\/wp-json\/wp\/v2\/media\/8428"}],"wp:attachment":[{"href":"https:\/\/noticiasveracruz.com\/index.php\/wp-json\/wp\/v2\/media?parent=8427"}],"wp:term":[{"taxonomy":"category","embeddable":true,"href":"https:\/\/noticiasveracruz.com\/index.php\/wp-json\/wp\/v2\/categories?post=8427"},{"taxonomy":"post_tag","embeddable":true,"href":"https:\/\/noticiasveracruz.com\/index.php\/wp-json\/wp\/v2\/tags?post=8427"}],"curies":[{"name":"wp","href":"https:\/\/api.w.org\/{rel}","templated":true}]}}