{"id":8392,"date":"2022-09-26T01:10:04","date_gmt":"2022-09-26T06:10:04","guid":{"rendered":"https:\/\/noticiasveracruz.com\/?p=8392"},"modified":"2022-09-26T01:10:04","modified_gmt":"2022-09-26T06:10:04","slug":"el-colegio-militar-crea-la-carrera-para-miembros-de-la-gn","status":"publish","type":"post","link":"https:\/\/noticiasveracruz.com\/index.php\/2022\/09\/26\/el-colegio-militar-crea-la-carrera-para-miembros-de-la-gn\/","title":{"rendered":"El Colegio Militar crea la carrera para miembros de la GN"},"content":{"rendered":"<p class=\"p1\">\n<p class=\"p1\"><span style=\"font-size: 18pt;\"><b>Por Jos\u00e9 Ure\u00f1a<\/b><\/span><\/p>\n<p class=\"p1\"><span style=\"font-size: 14pt;\">Nada de 2028. Per saecula saeculorum. S\u00ed, Guardia Nacional militar por los siglos de los siglos, como dice la Iglesia Cat\u00f3lica para reivindicar la eternidad del Dios de la Biblia.<\/span><\/p>\n<p class=\"p1\"><span style=\"font-size: 14pt;\">Hecha la introducci\u00f3n, a la nota: El Colegio Militar, donde se forman los grupos de \u00e9lite del Ej\u00e9rcito Mexicano, ya se prepara a los integrantes de esa corporaci\u00f3n con grados castrenses.<\/span><\/p>\n<p class=\"p1\"><span style=\"font-size: 14pt;\">Expliqu\u00e9monos: Esta carrera, cuyo calificativo de licenciatura o diplomado no ha sido revelado, comienza a tomar forma en el plantel de Tlalpan.<\/span><\/p>\n<p class=\"p1\"><span style=\"font-size: 14pt;\">Los primeros integrantes, todos con formaci\u00f3n marcial, ya saben de los beneficios a recibir como integrantes formales de la Secretar\u00eda de la Defensa Nacional (Sedena).<\/span><\/p>\n<p class=\"p1\"><span style=\"font-size: 14pt;\">Grados, salarios, servicio m\u00e9dico de altura en el Hospital Central Militar, vivienda, protecci\u00f3n social para la familia, promesas de ascensos, etc\u00e9tera.<\/span><\/p>\n<p class=\"p1\"><span style=\"font-size: 14pt;\">Cuando egresen, cuando hayan terminado su capacitaci\u00f3n, todos contar\u00e1n con todo eso y m\u00e1s, conforme aumenten haberes, eufemismo para resumir el conjunto de bienes, dinero y prestaciones.<\/span><\/p>\n<p>&nbsp;<\/p>\n<p class=\"p1\"><span style=\"font-size: 18pt; color: #e42d33;\"><b>SUBORDINACI\u00d3N DE ESTADOS<\/b><\/span><\/p>\n<p class=\"p1\"><span style=\"font-size: 14pt;\">A esta primicia siguen otras. En las Fuerzas Armadas a cargo de los secretarios Luis Cresencio Sandoval (Defensa) y Jos\u00e9 Rafael Ojeda Dur\u00e1n (Marina) ya circulan otras versiones.<\/span><\/p>\n<p class=\"p1\"><span style=\"font-size: 14pt;\">La primera: si la Guardia Nacional fue creada y recibir\u00e1 ampliaci\u00f3n de funciones polic\u00edacas, \u00bfqui\u00e9n ser\u00e1 el responsable en las entidades? Respuesta: los jefes de las zonas militares. Otra pregunta: \u00bfEllos sustituir\u00e1n a los secretarios de seguridad p\u00fablica? Respuesta: Tema a resolver con los gobernadores de mayor\u00eda morenista, enviados cual virreyes desde Palacio Nacional y por lo tanto, incondicionales.<\/span><\/p>\n<p class=\"p1\"><span style=\"font-size: 14pt;\">Quedar\u00e1n pendientes otros temas como si ser\u00e1n el general Luis Cresencio Sandoval y el almirante Jos\u00e9 Rafael Ojeda Dur\u00e1n quienes acudan a rendir el reporte polic\u00edaco semestral.<\/span><\/p>\n<p class=\"p1\"><span style=\"font-size: 14pt;\">Pueden cuestionarse muchas cosas, pero hay un antecedente: en el sexenio pasado el secretario de Gobernaci\u00f3n, Miguel \u00c1ngel Osorio Chong, acud\u00eda ante la comisi\u00f3n bicamaral como responsable \u00fanico.<\/span><\/p>\n<p class=\"p1\"><span style=\"font-size: 14pt;\">Una acotaci\u00f3n final: esto avanza cuando todav\u00eda el Poder Legislativo no ha aprobado la integraci\u00f3n formal y constitucional de la Guardia Nacional a la Sedena.<\/span><\/p>\n<p>&nbsp;<\/p>\n<p class=\"p1\"><span style=\"font-size: 18pt; color: #e42d33;\"><b>EL TRISTE PAPEL DE YOLANDA<\/b><\/span><\/p>\n<p class=\"p1\"><span style=\"font-size: 14pt;\">1.- Qu\u00e9 triste papel de la priista duranguense Yolanda de la Torre.<\/span><\/p>\n<p class=\"p1\"><span style=\"font-size: 14pt;\">Haber aparecido, en interpretaci\u00f3n popular, como personera de Palacio Nacional en la iniciativa destinada a prolongar la militarizaci\u00f3n de la GN hasta 2028.<\/span><\/p>\n<p class=\"p1\"><span style=\"font-size: 14pt;\">Se va de magistrada, pero atr\u00e1s deja fracturas en su propio partido, en el Bloque de Contenci\u00f3n, en la alianza Va por M\u00e9xico y en la sociedad mexicana.<\/span><\/p>\n<p class=\"p1\"><span style=\"font-size: 14pt;\">Y 2.- Los municipios de Guadalupe y Nuevo Laredo est\u00e1n distanciados por kil\u00f3metros, en estados y en filiaci\u00f3n pol\u00edtica.<\/span><\/p>\n<p class=\"p1\"><span style=\"font-size: 14pt;\">El primero es gobernado por la priista reelecta Cristina D\u00edaz, y la segunda por la morenista Carmen Lilia Canturosas, tr\u00e1nsfuga del PAN.<\/span><\/p>\n<p class=\"p1\"><span style=\"font-size: 14pt;\">Pero ambas est\u00e1n en un dilema.<\/span><\/p>\n<p class=\"p1\"><span style=\"font-size: 14pt;\">Sus pobladores se ahogan en basura porque una misma empresa -VEOLIA- no cumple con los contratos firmados para recolecci\u00f3n y limpieza.<\/span><\/p>\n<p class=\"p1\"><span style=\"font-size: 14pt;\">En condiciones normales, la soluci\u00f3n ser\u00eda simple: cancelar todo compromiso, recurrir a otras firmas, aplicar seguros y fincar cargos penales y administrativos.<\/span><\/p>\n<p class=\"p1\"><span style=\"font-size: 14pt;\">De por medio est\u00e1 la salud de la gente.<\/span><\/p>\n<p>&nbsp;<\/p>\n<p>&nbsp;<\/p>\n<p><span style=\"font-size: 18pt; color: #e42d33;\"><em><strong>**Las columnas firmadas en este medio son responsabilidad de quienes las firman**<\/strong><\/em><\/span><\/p>\n<p>&nbsp;<\/p>\n","protected":false},"excerpt":{"rendered":"<p>Por Jos\u00e9 Ure\u00f1a Nada de 2028. Per saecula saeculorum. S\u00ed, Guardia Nacional militar por los siglos de los siglos, como<\/p>\n","protected":false},"author":4,"featured_media":3258,"comment_status":"closed","ping_status":"closed","sticky":false,"template":"","format":"standard","meta":{"colormag_page_container_layout":"default_layout","colormag_page_sidebar_layout":"default_layout","_jetpack_memberships_contains_paid_content":false,"footnotes":"","jetpack_publicize_message":"","jetpack_publicize_feature_enabled":true,"jetpack_social_post_already_shared":true,"jetpack_social_options":{"image_generator_settings":{"template":"highway","default_image_id":0,"font":"","enabled":false},"version":2}},"categories":[6],"tags":[],"class_list":["post-8392","post","type-post","status-publish","format-standard","has-post-thumbnail","hentry","category-columnistas"],"jetpack_publicize_connections":[],"jetpack_featured_media_url":"https:\/\/noticiasveracruz.com\/wp-content\/uploads\/2022\/04\/JOSE\u0301-UREN\u0303A.png","jetpack_sharing_enabled":true,"publishpress_future_action":{"enabled":false,"date":"2026-05-07 14:02:10","action":"change-status","newStatus":"draft","terms":[],"taxonomy":"category","extraData":[]},"publishpress_future_workflow_manual_trigger":{"enabledWorkflows":[]},"_links":{"self":[{"href":"https:\/\/noticiasveracruz.com\/index.php\/wp-json\/wp\/v2\/posts\/8392","targetHints":{"allow":["GET"]}}],"collection":[{"href":"https:\/\/noticiasveracruz.com\/index.php\/wp-json\/wp\/v2\/posts"}],"about":[{"href":"https:\/\/noticiasveracruz.com\/index.php\/wp-json\/wp\/v2\/types\/post"}],"author":[{"embeddable":true,"href":"https:\/\/noticiasveracruz.com\/index.php\/wp-json\/wp\/v2\/users\/4"}],"replies":[{"embeddable":true,"href":"https:\/\/noticiasveracruz.com\/index.php\/wp-json\/wp\/v2\/comments?post=8392"}],"version-history":[{"count":0,"href":"https:\/\/noticiasveracruz.com\/index.php\/wp-json\/wp\/v2\/posts\/8392\/revisions"}],"wp:featuredmedia":[{"embeddable":true,"href":"https:\/\/noticiasveracruz.com\/index.php\/wp-json\/wp\/v2\/media\/3258"}],"wp:attachment":[{"href":"https:\/\/noticiasveracruz.com\/index.php\/wp-json\/wp\/v2\/media?parent=8392"}],"wp:term":[{"taxonomy":"category","embeddable":true,"href":"https:\/\/noticiasveracruz.com\/index.php\/wp-json\/wp\/v2\/categories?post=8392"},{"taxonomy":"post_tag","embeddable":true,"href":"https:\/\/noticiasveracruz.com\/index.php\/wp-json\/wp\/v2\/tags?post=8392"}],"curies":[{"name":"wp","href":"https:\/\/api.w.org\/{rel}","templated":true}]}}